{"id":960,"date":"2022-06-16T12:18:34","date_gmt":"2022-06-16T10:18:34","guid":{"rendered":"https:\/\/www.lycee-valin.fr\/RJVALIN\/?p=960"},"modified":"2023-07-08T04:01:41","modified_gmt":"2023-07-08T02:01:41","slug":"les-vacances-apprenantes-commencent-le-4-juillet","status":"publish","type":"post","link":"https:\/\/www.lycee-valin.fr\/RJVALIN\/les-vacances-apprenantes-commencent-le-4-juillet\/","title":{"rendered":"Les Vacances apprenantes commencent le 4 juillet"},"content":{"rendered":"\n<p>Les Vacances apprenantes commencent le 4 juillet au lyc\u00e9e Valin&nbsp;! Les \u00e9l\u00e8ves inscrits ont re\u00e7u un mail avec les derni\u00e8res informations via l\u2019ENT pour les lyc\u00e9ens et via l\u2019adresse Gmail utilis\u00e9e pour l\u2019inscription pour les coll\u00e9giens.<br>\u200bEn cas de probl\u00e8me&nbsp;:<br>T\u00e9l\u00e9phoner au 05.46.44.27.48<\/p>\n","protected":false},"excerpt":{"rendered":"<p>Les Vacances apprenantes commencent le 4 juillet au lyc\u00e9e Valin&nbsp;! Les \u00e9l\u00e8ves inscrits ont re\u00e7u un mail avec les derni\u00e8res informations via l\u2019ENT pour les lyc\u00e9ens et via l\u2019adresse Gmail utilis\u00e9e pour l\u2019inscription pour les <a class=\"more-link\" href=\"https:\/\/www.lycee-valin.fr\/RJVALIN\/les-vacances-apprenantes-commencent-le-4-juillet\/\">Lire plus &#8230;<\/a><\/p>\n","protected":false},"author":3,"featured_media":961,"comment_status":"closed","ping_status":"closed","sticky":false,"template":"","format":"standard","meta":{"footnotes":""},"categories":[95,82,23],"tags":[],"class_list":["post-960","post","type-post","status-publish","format-standard","has-post-thumbnail","hentry","category-echange","category-sortie-pedagogique","category-vie-au-lycee"],"_links":{"self":[{"href":"https:\/\/www.lycee-valin.fr\/RJVALIN\/wp-json\/wp\/v2\/posts\/960","targetHints":{"allow":["GET"]}}],"collection":[{"href":"https:\/\/www.lycee-valin.fr\/RJVALIN\/wp-json\/wp\/v2\/posts"}],"about":[{"href":"https:\/\/www.lycee-valin.fr\/RJVALIN\/wp-json\/wp\/v2\/types\/post"}],"author":[{"embeddable":true,"href":"https:\/\/www.lycee-valin.fr\/RJVALIN\/wp-json\/wp\/v2\/users\/3"}],"replies":[{"embeddable":true,"href":"https:\/\/www.lycee-valin.fr\/RJVALIN\/wp-json\/wp\/v2\/comments?post=960"}],"version-history":[{"count":2,"href":"https:\/\/www.lycee-valin.fr\/RJVALIN\/wp-json\/wp\/v2\/posts\/960\/revisions"}],"predecessor-version":[{"id":963,"href":"https:\/\/www.lycee-valin.fr\/RJVALIN\/wp-json\/wp\/v2\/posts\/960\/revisions\/963"}],"wp:featuredmedia":[{"embeddable":true,"href":"https:\/\/www.lycee-valin.fr\/RJVALIN\/wp-json\/wp\/v2\/media\/961"}],"wp:attachment":[{"href":"https:\/\/www.lycee-valin.fr\/RJVALIN\/wp-json\/wp\/v2\/media?parent=960"}],"wp:term":[{"taxonomy":"category","embeddable":true,"href":"https:\/\/www.lycee-valin.fr\/RJVALIN\/wp-json\/wp\/v2\/categories?post=960"},{"taxonomy":"post_tag","embeddable":true,"href":"https:\/\/www.lycee-valin.fr\/RJVALIN\/wp-json\/wp\/v2\/tags?post=960"}],"curies":[{"name":"wp","href":"https:\/\/api.w.org\/{rel}","templated":true}]}}