{"id":8776,"date":"2026-04-25T11:07:09","date_gmt":"2026-04-25T09:07:09","guid":{"rendered":"https:\/\/www.lycee-valin.fr\/RJVALIN\/?p=8776"},"modified":"2026-04-25T18:30:30","modified_gmt":"2026-04-25T16:30:30","slug":"fete-des-biotechnolgies-2026-3eme-edition","status":"publish","type":"post","link":"https:\/\/www.lycee-valin.fr\/RJVALIN\/fete-des-biotechnolgies-2026-3eme-edition\/","title":{"rendered":"F\u00eate de la Biotechnologie : 3\u00e8me \u00e9dition du 23 avril 2026!"},"content":{"rendered":"\n<hr class=\"wp-block-separator has-alpha-channel-opacity\"\/>\n\n\n\n<p class=\"has-text-align-center has-normal-font-size\">La matin\u00e9e a \u00e9t\u00e9 marqu\u00e9e par une tr\u00e8s belle affluence dans la cour du lyc\u00e9e, avec des centaines de visiteurs venus d\u00e9couvrir les activit\u00e9s propos\u00e9es au sein de la fili\u00e8re STL Biotechnologies.<\/p>\n\n\n\n<figure class=\"wp-block-image size-large\"><img fetchpriority=\"high\" decoding=\"async\" width=\"1024\" height=\"1024\" src=\"https:\/\/www.lycee-valin.fr\/RJVALIN\/wp-content\/uploads\/2026\/04\/WhatsApp-Image-2026-04-25-at-14.08.07-1024x1024.jpeg\" alt=\"\" class=\"wp-image-8832\" srcset=\"https:\/\/www.lycee-valin.fr\/RJVALIN\/wp-content\/uploads\/2026\/04\/WhatsApp-Image-2026-04-25-at-14.08.07-1024x1024.jpeg 1024w, https:\/\/www.lycee-valin.fr\/RJVALIN\/wp-content\/uploads\/2026\/04\/WhatsApp-Image-2026-04-25-at-14.08.07-300x300.jpeg 300w, https:\/\/www.lycee-valin.fr\/RJVALIN\/wp-content\/uploads\/2026\/04\/WhatsApp-Image-2026-04-25-at-14.08.07-150x150.jpeg 150w, https:\/\/www.lycee-valin.fr\/RJVALIN\/wp-content\/uploads\/2026\/04\/WhatsApp-Image-2026-04-25-at-14.08.07-768x768.jpeg 768w, https:\/\/www.lycee-valin.fr\/RJVALIN\/wp-content\/uploads\/2026\/04\/WhatsApp-Image-2026-04-25-at-14.08.07-70x70.jpeg 70w, https:\/\/www.lycee-valin.fr\/RJVALIN\/wp-content\/uploads\/2026\/04\/WhatsApp-Image-2026-04-25-at-14.08.07.jpeg 1440w\" sizes=\"(max-width: 1024px) 100vw, 1024px\" \/><\/figure>\n\n\n\n<p class=\"has-text-align-center has-normal-font-size\">Les \u00e9l\u00e8ves se sont pleinement investis pour faire vivre les stands et pr\u00e9senter, avec s\u00e9rieux et enthousiasme, leurs travaux et manipulations r\u00e9alis\u00e9s en laboratoire. Install\u00e9es dans la cour du lyc\u00e9e, ces d\u00e9monstrations ont permis au public d\u2019appr\u00e9cier concr\u00e8tement la richesse et la rigueur des Biotechnologies, des sciences du vivant au c\u0153ur de nombreux enjeux d\u2019avenir.<\/p>\n\n\n\n<p class=\"has-text-align-center has-normal-font-size\"><strong>Un grand bravo \u00e0 l\u2019ensemble des \u00e9quipes  <em>rouge, vert, blanc, jaune et bleu<\/em>, qui ont port\u00e9 haut les couleurs des Biotechnologies tout au long de la journ\u00e9e.<\/strong><\/p>\n\n\n\n<figure class=\"wp-block-image size-large\"><img decoding=\"async\" width=\"1024\" height=\"396\" src=\"https:\/\/www.lycee-valin.fr\/RJVALIN\/wp-content\/uploads\/2026\/04\/WhatsApp-Image-2026-04-25-at-14.08.06-1024x396.jpeg\" alt=\"\" class=\"wp-image-8831\" srcset=\"https:\/\/www.lycee-valin.fr\/RJVALIN\/wp-content\/uploads\/2026\/04\/WhatsApp-Image-2026-04-25-at-14.08.06-1024x396.jpeg 1024w, https:\/\/www.lycee-valin.fr\/RJVALIN\/wp-content\/uploads\/2026\/04\/WhatsApp-Image-2026-04-25-at-14.08.06-300x116.jpeg 300w, https:\/\/www.lycee-valin.fr\/RJVALIN\/wp-content\/uploads\/2026\/04\/WhatsApp-Image-2026-04-25-at-14.08.06-768x297.jpeg 768w, https:\/\/www.lycee-valin.fr\/RJVALIN\/wp-content\/uploads\/2026\/04\/WhatsApp-Image-2026-04-25-at-14.08.06-1536x594.jpeg 1536w, https:\/\/www.lycee-valin.fr\/RJVALIN\/wp-content\/uploads\/2026\/04\/WhatsApp-Image-2026-04-25-at-14.08.06.jpeg 1600w\" sizes=\"(max-width: 1024px) 100vw, 1024px\" \/><\/figure>\n\n\n\n<p class=\"has-text-align-center has-white-color has-text-color has-background has-link-color wp-elements-84971ea3ed5e75e018df3340c59579f8\" style=\"background-color:#f90707;font-size:20px\"><strong>Le stand des Biotechnologies Rouges<\/strong><br><strong><em>Secteur Pharmaceutique \u2013 Soigner et sauver des vies<\/em><\/strong><\/p>\n\n\n\n<figure class=\"wp-block-gallery has-nested-images columns-default is-cropped wp-block-gallery-1 is-layout-flex wp-block-gallery-is-layout-flex\">\n<figure class=\"wp-block-image size-large\"><img decoding=\"async\" width=\"576\" height=\"1024\" data-id=\"8789\" src=\"https:\/\/www.lycee-valin.fr\/RJVALIN\/wp-content\/uploads\/2026\/04\/WhatsApp-Image-2026-04-24-at-10.24.39-576x1024.jpeg\" alt=\"\" class=\"wp-image-8789\" srcset=\"https:\/\/www.lycee-valin.fr\/RJVALIN\/wp-content\/uploads\/2026\/04\/WhatsApp-Image-2026-04-24-at-10.24.39-576x1024.jpeg 576w, https:\/\/www.lycee-valin.fr\/RJVALIN\/wp-content\/uploads\/2026\/04\/WhatsApp-Image-2026-04-24-at-10.24.39-169x300.jpeg 169w, https:\/\/www.lycee-valin.fr\/RJVALIN\/wp-content\/uploads\/2026\/04\/WhatsApp-Image-2026-04-24-at-10.24.39-768x1365.jpeg 768w, https:\/\/www.lycee-valin.fr\/RJVALIN\/wp-content\/uploads\/2026\/04\/WhatsApp-Image-2026-04-24-at-10.24.39-864x1536.jpeg 864w, https:\/\/www.lycee-valin.fr\/RJVALIN\/wp-content\/uploads\/2026\/04\/WhatsApp-Image-2026-04-24-at-10.24.39.jpeg 1134w\" sizes=\"(max-width: 576px) 100vw, 576px\" \/><\/figure>\n\n\n\n<figure class=\"wp-block-image size-large\"><img loading=\"lazy\" decoding=\"async\" width=\"1024\" height=\"768\" data-id=\"8790\" src=\"https:\/\/www.lycee-valin.fr\/RJVALIN\/wp-content\/uploads\/2026\/04\/WhatsApp-Image-2026-04-25-at-09.43.13-1024x768.jpeg\" alt=\"\" class=\"wp-image-8790\" srcset=\"https:\/\/www.lycee-valin.fr\/RJVALIN\/wp-content\/uploads\/2026\/04\/WhatsApp-Image-2026-04-25-at-09.43.13-1024x768.jpeg 1024w, https:\/\/www.lycee-valin.fr\/RJVALIN\/wp-content\/uploads\/2026\/04\/WhatsApp-Image-2026-04-25-at-09.43.13-300x225.jpeg 300w, https:\/\/www.lycee-valin.fr\/RJVALIN\/wp-content\/uploads\/2026\/04\/WhatsApp-Image-2026-04-25-at-09.43.13-768x576.jpeg 768w, https:\/\/www.lycee-valin.fr\/RJVALIN\/wp-content\/uploads\/2026\/04\/WhatsApp-Image-2026-04-25-at-09.43.13-1536x1152.jpeg 1536w, https:\/\/www.lycee-valin.fr\/RJVALIN\/wp-content\/uploads\/2026\/04\/WhatsApp-Image-2026-04-25-at-09.43.13.jpeg 2000w\" sizes=\"(max-width: 1024px) 100vw, 1024px\" \/><\/figure>\n\n\n\n<figure class=\"wp-block-image size-large\"><img loading=\"lazy\" decoding=\"async\" width=\"576\" height=\"1024\" data-id=\"8791\" src=\"https:\/\/www.lycee-valin.fr\/RJVALIN\/wp-content\/uploads\/2026\/04\/WhatsApp-Image-2026-04-25-at-10.01.14-576x1024.jpeg\" alt=\"\" class=\"wp-image-8791\" srcset=\"https:\/\/www.lycee-valin.fr\/RJVALIN\/wp-content\/uploads\/2026\/04\/WhatsApp-Image-2026-04-25-at-10.01.14-576x1024.jpeg 576w, https:\/\/www.lycee-valin.fr\/RJVALIN\/wp-content\/uploads\/2026\/04\/WhatsApp-Image-2026-04-25-at-10.01.14-169x300.jpeg 169w, https:\/\/www.lycee-valin.fr\/RJVALIN\/wp-content\/uploads\/2026\/04\/WhatsApp-Image-2026-04-25-at-10.01.14-768x1365.jpeg 768w, https:\/\/www.lycee-valin.fr\/RJVALIN\/wp-content\/uploads\/2026\/04\/WhatsApp-Image-2026-04-25-at-10.01.14-864x1536.jpeg 864w, https:\/\/www.lycee-valin.fr\/RJVALIN\/wp-content\/uploads\/2026\/04\/WhatsApp-Image-2026-04-25-at-10.01.14.jpeg 900w\" sizes=\"(max-width: 576px) 100vw, 576px\" \/><\/figure>\n\n\n\n<figure class=\"wp-block-image size-large\"><img loading=\"lazy\" decoding=\"async\" width=\"1024\" height=\"461\" data-id=\"8792\" src=\"https:\/\/www.lycee-valin.fr\/RJVALIN\/wp-content\/uploads\/2026\/04\/WhatsApp-Image-2026-04-25-at-09.57.33-1-1024x461.jpeg\" alt=\"\" class=\"wp-image-8792\" srcset=\"https:\/\/www.lycee-valin.fr\/RJVALIN\/wp-content\/uploads\/2026\/04\/WhatsApp-Image-2026-04-25-at-09.57.33-1-1024x461.jpeg 1024w, https:\/\/www.lycee-valin.fr\/RJVALIN\/wp-content\/uploads\/2026\/04\/WhatsApp-Image-2026-04-25-at-09.57.33-1-300x135.jpeg 300w, https:\/\/www.lycee-valin.fr\/RJVALIN\/wp-content\/uploads\/2026\/04\/WhatsApp-Image-2026-04-25-at-09.57.33-1-768x346.jpeg 768w, https:\/\/www.lycee-valin.fr\/RJVALIN\/wp-content\/uploads\/2026\/04\/WhatsApp-Image-2026-04-25-at-09.57.33-1-1536x691.jpeg 1536w, https:\/\/www.lycee-valin.fr\/RJVALIN\/wp-content\/uploads\/2026\/04\/WhatsApp-Image-2026-04-25-at-09.57.33-1.jpeg 2000w\" sizes=\"(max-width: 1024px) 100vw, 1024px\" \/><\/figure>\n<\/figure>\n\n\n\n<p class=\"has-text-align-center has-white-color has-text-color has-background has-link-color wp-elements-f8cc21a96ace8f90a57891676b7f0b3f\" style=\"background-color:#1ebb4a;font-size:20px\"><strong>Le stand des Biotechnologies Vertes<\/strong><br><strong><em>Agroalimentaire et Agriculture \u2013 Nourrir et prot\u00e9ger la plan\u00e8te<\/em><\/strong><\/p>\n\n\n\n<figure class=\"wp-block-gallery has-nested-images columns-default is-cropped wp-block-gallery-2 is-layout-flex wp-block-gallery-is-layout-flex\">\n<figure class=\"wp-block-image size-large\"><img loading=\"lazy\" decoding=\"async\" width=\"1024\" height=\"768\" data-id=\"8794\" src=\"https:\/\/www.lycee-valin.fr\/RJVALIN\/wp-content\/uploads\/2026\/04\/WhatsApp-Image-2026-04-25-at-09.43.24-2-1024x768.jpeg\" alt=\"\" class=\"wp-image-8794\" srcset=\"https:\/\/www.lycee-valin.fr\/RJVALIN\/wp-content\/uploads\/2026\/04\/WhatsApp-Image-2026-04-25-at-09.43.24-2-1024x768.jpeg 1024w, https:\/\/www.lycee-valin.fr\/RJVALIN\/wp-content\/uploads\/2026\/04\/WhatsApp-Image-2026-04-25-at-09.43.24-2-300x225.jpeg 300w, https:\/\/www.lycee-valin.fr\/RJVALIN\/wp-content\/uploads\/2026\/04\/WhatsApp-Image-2026-04-25-at-09.43.24-2-768x576.jpeg 768w, https:\/\/www.lycee-valin.fr\/RJVALIN\/wp-content\/uploads\/2026\/04\/WhatsApp-Image-2026-04-25-at-09.43.24-2-1536x1152.jpeg 1536w, https:\/\/www.lycee-valin.fr\/RJVALIN\/wp-content\/uploads\/2026\/04\/WhatsApp-Image-2026-04-25-at-09.43.24-2.jpeg 1600w\" sizes=\"(max-width: 1024px) 100vw, 1024px\" \/><\/figure>\n\n\n\n<figure class=\"wp-block-image size-large\"><img loading=\"lazy\" decoding=\"async\" width=\"461\" height=\"1024\" data-id=\"8795\" src=\"https:\/\/www.lycee-valin.fr\/RJVALIN\/wp-content\/uploads\/2026\/04\/WhatsApp-Image-2026-04-25-at-09.57.34-2-461x1024.jpeg\" alt=\"\" class=\"wp-image-8795\" srcset=\"https:\/\/www.lycee-valin.fr\/RJVALIN\/wp-content\/uploads\/2026\/04\/WhatsApp-Image-2026-04-25-at-09.57.34-2-461x1024.jpeg 461w, https:\/\/www.lycee-valin.fr\/RJVALIN\/wp-content\/uploads\/2026\/04\/WhatsApp-Image-2026-04-25-at-09.57.34-2-135x300.jpeg 135w, https:\/\/www.lycee-valin.fr\/RJVALIN\/wp-content\/uploads\/2026\/04\/WhatsApp-Image-2026-04-25-at-09.57.34-2-768x1707.jpeg 768w, https:\/\/www.lycee-valin.fr\/RJVALIN\/wp-content\/uploads\/2026\/04\/WhatsApp-Image-2026-04-25-at-09.57.34-2-691x1536.jpeg 691w, https:\/\/www.lycee-valin.fr\/RJVALIN\/wp-content\/uploads\/2026\/04\/WhatsApp-Image-2026-04-25-at-09.57.34-2.jpeg 900w\" sizes=\"(max-width: 461px) 100vw, 461px\" \/><\/figure>\n\n\n\n<figure class=\"wp-block-image size-large\"><img loading=\"lazy\" decoding=\"async\" width=\"576\" height=\"1024\" data-id=\"8796\" src=\"https:\/\/www.lycee-valin.fr\/RJVALIN\/wp-content\/uploads\/2026\/04\/WhatsApp-Image-2026-04-25-at-10.01.22-576x1024.jpeg\" alt=\"\" class=\"wp-image-8796\" srcset=\"https:\/\/www.lycee-valin.fr\/RJVALIN\/wp-content\/uploads\/2026\/04\/WhatsApp-Image-2026-04-25-at-10.01.22-576x1024.jpeg 576w, https:\/\/www.lycee-valin.fr\/RJVALIN\/wp-content\/uploads\/2026\/04\/WhatsApp-Image-2026-04-25-at-10.01.22-169x300.jpeg 169w, https:\/\/www.lycee-valin.fr\/RJVALIN\/wp-content\/uploads\/2026\/04\/WhatsApp-Image-2026-04-25-at-10.01.22-768x1365.jpeg 768w, https:\/\/www.lycee-valin.fr\/RJVALIN\/wp-content\/uploads\/2026\/04\/WhatsApp-Image-2026-04-25-at-10.01.22-864x1536.jpeg 864w, https:\/\/www.lycee-valin.fr\/RJVALIN\/wp-content\/uploads\/2026\/04\/WhatsApp-Image-2026-04-25-at-10.01.22.jpeg 900w\" sizes=\"(max-width: 576px) 100vw, 576px\" \/><\/figure>\n\n\n\n<figure class=\"wp-block-image size-large\"><img loading=\"lazy\" decoding=\"async\" width=\"1024\" height=\"768\" data-id=\"8793\" src=\"https:\/\/www.lycee-valin.fr\/RJVALIN\/wp-content\/uploads\/2026\/04\/WhatsApp-Image-2026-04-25-at-09.43.13-2-1024x768.jpeg\" alt=\"\" class=\"wp-image-8793\" srcset=\"https:\/\/www.lycee-valin.fr\/RJVALIN\/wp-content\/uploads\/2026\/04\/WhatsApp-Image-2026-04-25-at-09.43.13-2-1024x768.jpeg 1024w, https:\/\/www.lycee-valin.fr\/RJVALIN\/wp-content\/uploads\/2026\/04\/WhatsApp-Image-2026-04-25-at-09.43.13-2-300x225.jpeg 300w, https:\/\/www.lycee-valin.fr\/RJVALIN\/wp-content\/uploads\/2026\/04\/WhatsApp-Image-2026-04-25-at-09.43.13-2-768x576.jpeg 768w, https:\/\/www.lycee-valin.fr\/RJVALIN\/wp-content\/uploads\/2026\/04\/WhatsApp-Image-2026-04-25-at-09.43.13-2-1536x1152.jpeg 1536w, https:\/\/www.lycee-valin.fr\/RJVALIN\/wp-content\/uploads\/2026\/04\/WhatsApp-Image-2026-04-25-at-09.43.13-2.jpeg 2000w\" sizes=\"(max-width: 1024px) 100vw, 1024px\" \/><\/figure>\n<\/figure>\n\n\n\n<p class=\"has-text-align-center has-gray-background-color has-background\" style=\"font-size:20px\"><strong>Le stand des Biotechnologies Blanches<\/strong><br><strong><em>Biotechnologies Industrielles \u2013 R\u00e9inventer la production<\/em><\/strong><\/p>\n\n\n\n<figure class=\"wp-block-gallery has-nested-images columns-default is-cropped wp-block-gallery-3 is-layout-flex wp-block-gallery-is-layout-flex\">\n<figure class=\"wp-block-image size-large\"><img loading=\"lazy\" decoding=\"async\" width=\"1024\" height=\"768\" data-id=\"8777\" src=\"https:\/\/www.lycee-valin.fr\/RJVALIN\/wp-content\/uploads\/2026\/04\/WhatsApp-Image-2026-04-25-at-09.43.24-1024x768.jpeg\" alt=\"\" class=\"wp-image-8777\" srcset=\"https:\/\/www.lycee-valin.fr\/RJVALIN\/wp-content\/uploads\/2026\/04\/WhatsApp-Image-2026-04-25-at-09.43.24-1024x768.jpeg 1024w, https:\/\/www.lycee-valin.fr\/RJVALIN\/wp-content\/uploads\/2026\/04\/WhatsApp-Image-2026-04-25-at-09.43.24-300x225.jpeg 300w, https:\/\/www.lycee-valin.fr\/RJVALIN\/wp-content\/uploads\/2026\/04\/WhatsApp-Image-2026-04-25-at-09.43.24-768x576.jpeg 768w, https:\/\/www.lycee-valin.fr\/RJVALIN\/wp-content\/uploads\/2026\/04\/WhatsApp-Image-2026-04-25-at-09.43.24-1536x1152.jpeg 1536w, https:\/\/www.lycee-valin.fr\/RJVALIN\/wp-content\/uploads\/2026\/04\/WhatsApp-Image-2026-04-25-at-09.43.24.jpeg 1600w\" sizes=\"(max-width: 1024px) 100vw, 1024px\" \/><\/figure>\n\n\n\n<figure class=\"wp-block-image size-large\"><img loading=\"lazy\" decoding=\"async\" width=\"461\" height=\"1024\" data-id=\"8778\" src=\"https:\/\/www.lycee-valin.fr\/RJVALIN\/wp-content\/uploads\/2026\/04\/WhatsApp-Image-2026-04-25-at-09.57.35-1-461x1024.jpeg\" alt=\"\" class=\"wp-image-8778\" srcset=\"https:\/\/www.lycee-valin.fr\/RJVALIN\/wp-content\/uploads\/2026\/04\/WhatsApp-Image-2026-04-25-at-09.57.35-1-461x1024.jpeg 461w, https:\/\/www.lycee-valin.fr\/RJVALIN\/wp-content\/uploads\/2026\/04\/WhatsApp-Image-2026-04-25-at-09.57.35-1-135x300.jpeg 135w, https:\/\/www.lycee-valin.fr\/RJVALIN\/wp-content\/uploads\/2026\/04\/WhatsApp-Image-2026-04-25-at-09.57.35-1-768x1707.jpeg 768w, https:\/\/www.lycee-valin.fr\/RJVALIN\/wp-content\/uploads\/2026\/04\/WhatsApp-Image-2026-04-25-at-09.57.35-1-691x1536.jpeg 691w, https:\/\/www.lycee-valin.fr\/RJVALIN\/wp-content\/uploads\/2026\/04\/WhatsApp-Image-2026-04-25-at-09.57.35-1.jpeg 900w\" sizes=\"(max-width: 461px) 100vw, 461px\" \/><\/figure>\n\n\n\n<figure class=\"wp-block-image size-large\"><img loading=\"lazy\" decoding=\"async\" width=\"1024\" height=\"768\" data-id=\"8780\" src=\"https:\/\/www.lycee-valin.fr\/RJVALIN\/wp-content\/uploads\/2026\/04\/WhatsApp-Image-2026-04-25-at-09.43.13-1-1024x768.jpeg\" alt=\"\" class=\"wp-image-8780\" srcset=\"https:\/\/www.lycee-valin.fr\/RJVALIN\/wp-content\/uploads\/2026\/04\/WhatsApp-Image-2026-04-25-at-09.43.13-1-1024x768.jpeg 1024w, https:\/\/www.lycee-valin.fr\/RJVALIN\/wp-content\/uploads\/2026\/04\/WhatsApp-Image-2026-04-25-at-09.43.13-1-300x225.jpeg 300w, https:\/\/www.lycee-valin.fr\/RJVALIN\/wp-content\/uploads\/2026\/04\/WhatsApp-Image-2026-04-25-at-09.43.13-1-768x576.jpeg 768w, https:\/\/www.lycee-valin.fr\/RJVALIN\/wp-content\/uploads\/2026\/04\/WhatsApp-Image-2026-04-25-at-09.43.13-1-1536x1152.jpeg 1536w, https:\/\/www.lycee-valin.fr\/RJVALIN\/wp-content\/uploads\/2026\/04\/WhatsApp-Image-2026-04-25-at-09.43.13-1.jpeg 2000w\" sizes=\"(max-width: 1024px) 100vw, 1024px\" \/><\/figure>\n\n\n\n<figure class=\"wp-block-image size-large\"><img loading=\"lazy\" decoding=\"async\" width=\"1024\" height=\"768\" data-id=\"8779\" src=\"https:\/\/www.lycee-valin.fr\/RJVALIN\/wp-content\/uploads\/2026\/04\/WhatsApp-Image-2026-04-25-at-09.43.24-1-1024x768.jpeg\" alt=\"\" class=\"wp-image-8779\" srcset=\"https:\/\/www.lycee-valin.fr\/RJVALIN\/wp-content\/uploads\/2026\/04\/WhatsApp-Image-2026-04-25-at-09.43.24-1-1024x768.jpeg 1024w, https:\/\/www.lycee-valin.fr\/RJVALIN\/wp-content\/uploads\/2026\/04\/WhatsApp-Image-2026-04-25-at-09.43.24-1-300x225.jpeg 300w, https:\/\/www.lycee-valin.fr\/RJVALIN\/wp-content\/uploads\/2026\/04\/WhatsApp-Image-2026-04-25-at-09.43.24-1-768x576.jpeg 768w, https:\/\/www.lycee-valin.fr\/RJVALIN\/wp-content\/uploads\/2026\/04\/WhatsApp-Image-2026-04-25-at-09.43.24-1-1536x1152.jpeg 1536w, https:\/\/www.lycee-valin.fr\/RJVALIN\/wp-content\/uploads\/2026\/04\/WhatsApp-Image-2026-04-25-at-09.43.24-1.jpeg 1600w\" sizes=\"(max-width: 1024px) 100vw, 1024px\" \/><\/figure>\n<\/figure>\n\n\n\n<p class=\"has-text-align-center has-background\" style=\"background-color:#f8e50a;font-size:20px\"><strong>Le stand des Biotechnologies Jaunes<\/strong><br><strong><em>Environnement \u2013 Prot\u00e9ger les \u00e9cosyst\u00e8mes<\/em><\/strong><\/p>\n\n\n\n<hr class=\"wp-block-separator has-alpha-channel-opacity\"\/>\n\n\n\n<figure class=\"wp-block-gallery has-nested-images columns-default is-cropped wp-block-gallery-4 is-layout-flex wp-block-gallery-is-layout-flex\">\n<figure class=\"wp-block-image size-large\"><img loading=\"lazy\" decoding=\"async\" width=\"768\" height=\"1024\" data-id=\"8785\" src=\"https:\/\/www.lycee-valin.fr\/RJVALIN\/wp-content\/uploads\/2026\/04\/WhatsApp-Image-2026-04-25-at-09.43.20-768x1024.jpeg\" alt=\"\" class=\"wp-image-8785\" srcset=\"https:\/\/www.lycee-valin.fr\/RJVALIN\/wp-content\/uploads\/2026\/04\/WhatsApp-Image-2026-04-25-at-09.43.20-768x1024.jpeg 768w, https:\/\/www.lycee-valin.fr\/RJVALIN\/wp-content\/uploads\/2026\/04\/WhatsApp-Image-2026-04-25-at-09.43.20-225x300.jpeg 225w, https:\/\/www.lycee-valin.fr\/RJVALIN\/wp-content\/uploads\/2026\/04\/WhatsApp-Image-2026-04-25-at-09.43.20-1152x1536.jpeg 1152w, https:\/\/www.lycee-valin.fr\/RJVALIN\/wp-content\/uploads\/2026\/04\/WhatsApp-Image-2026-04-25-at-09.43.20.jpeg 1200w\" sizes=\"(max-width: 768px) 100vw, 768px\" \/><\/figure>\n\n\n\n<figure class=\"wp-block-image size-large\"><img loading=\"lazy\" decoding=\"async\" width=\"576\" height=\"1024\" data-id=\"8788\" src=\"https:\/\/www.lycee-valin.fr\/RJVALIN\/wp-content\/uploads\/2026\/04\/WhatsApp-Image-2026-04-25-at-10.01.23-576x1024.jpeg\" alt=\"\" class=\"wp-image-8788\" srcset=\"https:\/\/www.lycee-valin.fr\/RJVALIN\/wp-content\/uploads\/2026\/04\/WhatsApp-Image-2026-04-25-at-10.01.23-576x1024.jpeg 576w, https:\/\/www.lycee-valin.fr\/RJVALIN\/wp-content\/uploads\/2026\/04\/WhatsApp-Image-2026-04-25-at-10.01.23-169x300.jpeg 169w, https:\/\/www.lycee-valin.fr\/RJVALIN\/wp-content\/uploads\/2026\/04\/WhatsApp-Image-2026-04-25-at-10.01.23-768x1365.jpeg 768w, https:\/\/www.lycee-valin.fr\/RJVALIN\/wp-content\/uploads\/2026\/04\/WhatsApp-Image-2026-04-25-at-10.01.23-864x1536.jpeg 864w, https:\/\/www.lycee-valin.fr\/RJVALIN\/wp-content\/uploads\/2026\/04\/WhatsApp-Image-2026-04-25-at-10.01.23.jpeg 900w\" sizes=\"(max-width: 576px) 100vw, 576px\" \/><\/figure>\n\n\n\n<figure class=\"wp-block-image size-large\"><img loading=\"lazy\" decoding=\"async\" width=\"768\" height=\"1024\" data-id=\"8786\" src=\"https:\/\/www.lycee-valin.fr\/RJVALIN\/wp-content\/uploads\/2026\/04\/WhatsApp-Image-2026-04-25-at-09.43.19-1-768x1024.jpeg\" alt=\"\" class=\"wp-image-8786\" srcset=\"https:\/\/www.lycee-valin.fr\/RJVALIN\/wp-content\/uploads\/2026\/04\/WhatsApp-Image-2026-04-25-at-09.43.19-1-768x1024.jpeg 768w, https:\/\/www.lycee-valin.fr\/RJVALIN\/wp-content\/uploads\/2026\/04\/WhatsApp-Image-2026-04-25-at-09.43.19-1-225x300.jpeg 225w, https:\/\/www.lycee-valin.fr\/RJVALIN\/wp-content\/uploads\/2026\/04\/WhatsApp-Image-2026-04-25-at-09.43.19-1-1152x1536.jpeg 1152w, https:\/\/www.lycee-valin.fr\/RJVALIN\/wp-content\/uploads\/2026\/04\/WhatsApp-Image-2026-04-25-at-09.43.19-1.jpeg 1200w\" sizes=\"(max-width: 768px) 100vw, 768px\" \/><\/figure>\n\n\n\n<figure class=\"wp-block-image size-large\"><img loading=\"lazy\" decoding=\"async\" width=\"1024\" height=\"768\" data-id=\"8787\" src=\"https:\/\/www.lycee-valin.fr\/RJVALIN\/wp-content\/uploads\/2026\/04\/WhatsApp-Image-2026-04-25-at-09.43.22-1-1024x768.jpeg\" alt=\"\" class=\"wp-image-8787\" srcset=\"https:\/\/www.lycee-valin.fr\/RJVALIN\/wp-content\/uploads\/2026\/04\/WhatsApp-Image-2026-04-25-at-09.43.22-1-1024x768.jpeg 1024w, https:\/\/www.lycee-valin.fr\/RJVALIN\/wp-content\/uploads\/2026\/04\/WhatsApp-Image-2026-04-25-at-09.43.22-1-300x225.jpeg 300w, https:\/\/www.lycee-valin.fr\/RJVALIN\/wp-content\/uploads\/2026\/04\/WhatsApp-Image-2026-04-25-at-09.43.22-1-768x576.jpeg 768w, https:\/\/www.lycee-valin.fr\/RJVALIN\/wp-content\/uploads\/2026\/04\/WhatsApp-Image-2026-04-25-at-09.43.22-1-1536x1152.jpeg 1536w, https:\/\/www.lycee-valin.fr\/RJVALIN\/wp-content\/uploads\/2026\/04\/WhatsApp-Image-2026-04-25-at-09.43.22-1.jpeg 1600w\" sizes=\"(max-width: 1024px) 100vw, 1024px\" \/><\/figure>\n<\/figure>\n\n\n\n<hr class=\"wp-block-separator has-alpha-channel-opacity\"\/>\n\n\n\n<p class=\"has-text-align-center has-white-color has-blue-background-color has-text-color has-background has-link-color wp-elements-082cbd4bb52fcb9b09010772a47b3de9\" style=\"font-size:20px\"><strong>Le stand des Biotechnologies Bleues<\/strong><br><strong><em>Ressources marines \u2013 Valoriser la biodiversit\u00e9<\/em><\/strong><\/p>\n\n\n\n<figure class=\"wp-block-gallery has-nested-images columns-default is-cropped wp-block-gallery-5 is-layout-flex wp-block-gallery-is-layout-flex\">\n<figure class=\"wp-block-image size-large\"><img loading=\"lazy\" decoding=\"async\" width=\"576\" height=\"1024\" data-id=\"8782\" src=\"https:\/\/www.lycee-valin.fr\/RJVALIN\/wp-content\/uploads\/2026\/04\/WhatsApp-Image-2026-04-24-at-07.30.29-576x1024.jpeg\" alt=\"\" class=\"wp-image-8782\" srcset=\"https:\/\/www.lycee-valin.fr\/RJVALIN\/wp-content\/uploads\/2026\/04\/WhatsApp-Image-2026-04-24-at-07.30.29-576x1024.jpeg 576w, https:\/\/www.lycee-valin.fr\/RJVALIN\/wp-content\/uploads\/2026\/04\/WhatsApp-Image-2026-04-24-at-07.30.29-169x300.jpeg 169w, https:\/\/www.lycee-valin.fr\/RJVALIN\/wp-content\/uploads\/2026\/04\/WhatsApp-Image-2026-04-24-at-07.30.29-768x1365.jpeg 768w, https:\/\/www.lycee-valin.fr\/RJVALIN\/wp-content\/uploads\/2026\/04\/WhatsApp-Image-2026-04-24-at-07.30.29-864x1536.jpeg 864w, https:\/\/www.lycee-valin.fr\/RJVALIN\/wp-content\/uploads\/2026\/04\/WhatsApp-Image-2026-04-24-at-07.30.29.jpeg 1134w\" sizes=\"(max-width: 576px) 100vw, 576px\" \/><\/figure>\n\n\n\n<figure class=\"wp-block-image size-large\"><img loading=\"lazy\" decoding=\"async\" width=\"1024\" height=\"768\" data-id=\"8781\" src=\"https:\/\/www.lycee-valin.fr\/RJVALIN\/wp-content\/uploads\/2026\/04\/WhatsApp-Image-2026-04-25-at-09.43.12-2-1024x768.jpeg\" alt=\"\" class=\"wp-image-8781\" srcset=\"https:\/\/www.lycee-valin.fr\/RJVALIN\/wp-content\/uploads\/2026\/04\/WhatsApp-Image-2026-04-25-at-09.43.12-2-1024x768.jpeg 1024w, https:\/\/www.lycee-valin.fr\/RJVALIN\/wp-content\/uploads\/2026\/04\/WhatsApp-Image-2026-04-25-at-09.43.12-2-300x225.jpeg 300w, https:\/\/www.lycee-valin.fr\/RJVALIN\/wp-content\/uploads\/2026\/04\/WhatsApp-Image-2026-04-25-at-09.43.12-2-768x576.jpeg 768w, https:\/\/www.lycee-valin.fr\/RJVALIN\/wp-content\/uploads\/2026\/04\/WhatsApp-Image-2026-04-25-at-09.43.12-2-1536x1152.jpeg 1536w, https:\/\/www.lycee-valin.fr\/RJVALIN\/wp-content\/uploads\/2026\/04\/WhatsApp-Image-2026-04-25-at-09.43.12-2.jpeg 2000w\" sizes=\"(max-width: 1024px) 100vw, 1024px\" \/><\/figure>\n\n\n\n<figure class=\"wp-block-image size-large\"><img loading=\"lazy\" decoding=\"async\" width=\"1024\" height=\"768\" data-id=\"8783\" src=\"https:\/\/www.lycee-valin.fr\/RJVALIN\/wp-content\/uploads\/2026\/04\/WhatsApp-Image-2026-04-25-at-09.43.22-2-1024x768.jpeg\" alt=\"\" class=\"wp-image-8783\" srcset=\"https:\/\/www.lycee-valin.fr\/RJVALIN\/wp-content\/uploads\/2026\/04\/WhatsApp-Image-2026-04-25-at-09.43.22-2-1024x768.jpeg 1024w, https:\/\/www.lycee-valin.fr\/RJVALIN\/wp-content\/uploads\/2026\/04\/WhatsApp-Image-2026-04-25-at-09.43.22-2-300x225.jpeg 300w, https:\/\/www.lycee-valin.fr\/RJVALIN\/wp-content\/uploads\/2026\/04\/WhatsApp-Image-2026-04-25-at-09.43.22-2-768x576.jpeg 768w, https:\/\/www.lycee-valin.fr\/RJVALIN\/wp-content\/uploads\/2026\/04\/WhatsApp-Image-2026-04-25-at-09.43.22-2-1536x1152.jpeg 1536w, https:\/\/www.lycee-valin.fr\/RJVALIN\/wp-content\/uploads\/2026\/04\/WhatsApp-Image-2026-04-25-at-09.43.22-2.jpeg 1600w\" sizes=\"(max-width: 1024px) 100vw, 1024px\" \/><\/figure>\n\n\n\n<figure class=\"wp-block-image size-large\"><img loading=\"lazy\" decoding=\"async\" width=\"768\" height=\"1024\" data-id=\"8784\" src=\"https:\/\/www.lycee-valin.fr\/RJVALIN\/wp-content\/uploads\/2026\/04\/WhatsApp-Image-2026-04-25-at-09.43.18-768x1024.jpeg\" alt=\"\" class=\"wp-image-8784\" srcset=\"https:\/\/www.lycee-valin.fr\/RJVALIN\/wp-content\/uploads\/2026\/04\/WhatsApp-Image-2026-04-25-at-09.43.18-768x1024.jpeg 768w, https:\/\/www.lycee-valin.fr\/RJVALIN\/wp-content\/uploads\/2026\/04\/WhatsApp-Image-2026-04-25-at-09.43.18-225x300.jpeg 225w, https:\/\/www.lycee-valin.fr\/RJVALIN\/wp-content\/uploads\/2026\/04\/WhatsApp-Image-2026-04-25-at-09.43.18-1152x1536.jpeg 1152w, https:\/\/www.lycee-valin.fr\/RJVALIN\/wp-content\/uploads\/2026\/04\/WhatsApp-Image-2026-04-25-at-09.43.18.jpeg 1200w\" sizes=\"(max-width: 768px) 100vw, 768px\" \/><\/figure>\n<\/figure>\n\n\n\n<hr class=\"wp-block-separator has-alpha-channel-opacity\"\/>\n\n\n\n<p class=\"has-text-align-center has-normal-font-size\"><strong>L\u2019apr\u00e8s-midi s\u2019est poursuivi dans une ambiance tout aussi enthousiaste avec les Olympiades de la Biotechnologie<\/strong>.<\/p>\n\n\n\n<p class=\"has-text-align-center has-normal-font-size\">Ce moment fort a rassembl\u00e9 \u00e9l\u00e8ves, enseignants, personnels et anciens \u00e9l\u00e8ves autour d\u2019\u00e9preuves conviviales, favorisant \u00e9changes, esprit d\u2019\u00e9quipe et bonne humeur.<\/p>\n\n\n\n<hr class=\"wp-block-separator has-alpha-channel-opacity\"\/>\n\n\n\n<figure class=\"wp-block-gallery has-nested-images columns-default is-cropped wp-block-gallery-6 is-layout-flex wp-block-gallery-is-layout-flex\">\n<figure class=\"wp-block-image size-large\"><img loading=\"lazy\" decoding=\"async\" width=\"769\" height=\"1024\" data-id=\"8841\" src=\"https:\/\/www.lycee-valin.fr\/RJVALIN\/wp-content\/uploads\/2026\/04\/logo-blanc-769x1024.jpeg\" alt=\"\" class=\"wp-image-8841\" srcset=\"https:\/\/www.lycee-valin.fr\/RJVALIN\/wp-content\/uploads\/2026\/04\/logo-blanc-769x1024.jpeg 769w, https:\/\/www.lycee-valin.fr\/RJVALIN\/wp-content\/uploads\/2026\/04\/logo-blanc-225x300.jpeg 225w, https:\/\/www.lycee-valin.fr\/RJVALIN\/wp-content\/uploads\/2026\/04\/logo-blanc-768x1023.jpeg 768w, https:\/\/www.lycee-valin.fr\/RJVALIN\/wp-content\/uploads\/2026\/04\/logo-blanc-1153x1536.jpeg 1153w, https:\/\/www.lycee-valin.fr\/RJVALIN\/wp-content\/uploads\/2026\/04\/logo-blanc.jpeg 1180w\" sizes=\"(max-width: 769px) 100vw, 769px\" \/><\/figure>\n\n\n\n<figure class=\"wp-block-image size-large\"><img loading=\"lazy\" decoding=\"async\" width=\"768\" height=\"1024\" data-id=\"8809\" src=\"https:\/\/www.lycee-valin.fr\/RJVALIN\/wp-content\/uploads\/2026\/04\/WhatsApp-Image-2026-04-25-at-09.43.09-2-768x1024.jpeg\" alt=\"\" class=\"wp-image-8809\" srcset=\"https:\/\/www.lycee-valin.fr\/RJVALIN\/wp-content\/uploads\/2026\/04\/WhatsApp-Image-2026-04-25-at-09.43.09-2-768x1024.jpeg 768w, https:\/\/www.lycee-valin.fr\/RJVALIN\/wp-content\/uploads\/2026\/04\/WhatsApp-Image-2026-04-25-at-09.43.09-2-225x300.jpeg 225w, https:\/\/www.lycee-valin.fr\/RJVALIN\/wp-content\/uploads\/2026\/04\/WhatsApp-Image-2026-04-25-at-09.43.09-2-1152x1536.jpeg 1152w, https:\/\/www.lycee-valin.fr\/RJVALIN\/wp-content\/uploads\/2026\/04\/WhatsApp-Image-2026-04-25-at-09.43.09-2.jpeg 1500w\" sizes=\"(max-width: 768px) 100vw, 768px\" \/><\/figure>\n\n\n\n<figure class=\"wp-block-image size-large\"><img loading=\"lazy\" decoding=\"async\" width=\"978\" height=\"1024\" data-id=\"8842\" src=\"https:\/\/www.lycee-valin.fr\/RJVALIN\/wp-content\/uploads\/2026\/04\/logo-rond-978x1024.jpeg\" alt=\"\" class=\"wp-image-8842\" srcset=\"https:\/\/www.lycee-valin.fr\/RJVALIN\/wp-content\/uploads\/2026\/04\/logo-rond-978x1024.jpeg 978w, https:\/\/www.lycee-valin.fr\/RJVALIN\/wp-content\/uploads\/2026\/04\/logo-rond-287x300.jpeg 287w, https:\/\/www.lycee-valin.fr\/RJVALIN\/wp-content\/uploads\/2026\/04\/logo-rond-768x804.jpeg 768w, https:\/\/www.lycee-valin.fr\/RJVALIN\/wp-content\/uploads\/2026\/04\/logo-rond.jpeg 1440w\" sizes=\"(max-width: 978px) 100vw, 978px\" \/><\/figure>\n\n\n\n<figure class=\"wp-block-image size-large\"><img loading=\"lazy\" decoding=\"async\" width=\"1024\" height=\"768\" data-id=\"8815\" src=\"https:\/\/www.lycee-valin.fr\/RJVALIN\/wp-content\/uploads\/2026\/04\/WhatsApp-Image-2026-04-25-at-09.43.11-2-1024x768.jpeg\" alt=\"\" class=\"wp-image-8815\" srcset=\"https:\/\/www.lycee-valin.fr\/RJVALIN\/wp-content\/uploads\/2026\/04\/WhatsApp-Image-2026-04-25-at-09.43.11-2-1024x768.jpeg 1024w, https:\/\/www.lycee-valin.fr\/RJVALIN\/wp-content\/uploads\/2026\/04\/WhatsApp-Image-2026-04-25-at-09.43.11-2-300x225.jpeg 300w, https:\/\/www.lycee-valin.fr\/RJVALIN\/wp-content\/uploads\/2026\/04\/WhatsApp-Image-2026-04-25-at-09.43.11-2-768x576.jpeg 768w, https:\/\/www.lycee-valin.fr\/RJVALIN\/wp-content\/uploads\/2026\/04\/WhatsApp-Image-2026-04-25-at-09.43.11-2-1536x1152.jpeg 1536w, https:\/\/www.lycee-valin.fr\/RJVALIN\/wp-content\/uploads\/2026\/04\/WhatsApp-Image-2026-04-25-at-09.43.11-2.jpeg 2048w\" sizes=\"(max-width: 1024px) 100vw, 1024px\" \/><\/figure>\n\n\n\n<figure class=\"wp-block-image size-large\"><img loading=\"lazy\" decoding=\"async\" width=\"1024\" height=\"461\" data-id=\"8812\" src=\"https:\/\/www.lycee-valin.fr\/RJVALIN\/wp-content\/uploads\/2026\/04\/WhatsApp-Image-2026-04-25-at-09.57.25-1-1024x461.jpeg\" alt=\"\" class=\"wp-image-8812\" srcset=\"https:\/\/www.lycee-valin.fr\/RJVALIN\/wp-content\/uploads\/2026\/04\/WhatsApp-Image-2026-04-25-at-09.57.25-1-1024x461.jpeg 1024w, https:\/\/www.lycee-valin.fr\/RJVALIN\/wp-content\/uploads\/2026\/04\/WhatsApp-Image-2026-04-25-at-09.57.25-1-300x135.jpeg 300w, https:\/\/www.lycee-valin.fr\/RJVALIN\/wp-content\/uploads\/2026\/04\/WhatsApp-Image-2026-04-25-at-09.57.25-1-768x346.jpeg 768w, https:\/\/www.lycee-valin.fr\/RJVALIN\/wp-content\/uploads\/2026\/04\/WhatsApp-Image-2026-04-25-at-09.57.25-1-1536x691.jpeg 1536w, https:\/\/www.lycee-valin.fr\/RJVALIN\/wp-content\/uploads\/2026\/04\/WhatsApp-Image-2026-04-25-at-09.57.25-1.jpeg 2000w\" sizes=\"(max-width: 1024px) 100vw, 1024px\" \/><\/figure>\n\n\n\n<figure class=\"wp-block-image size-large\"><img loading=\"lazy\" decoding=\"async\" width=\"1024\" height=\"768\" data-id=\"8813\" src=\"https:\/\/www.lycee-valin.fr\/RJVALIN\/wp-content\/uploads\/2026\/04\/WhatsApp-Image-2026-04-25-at-09.43.10-2-1024x768.jpeg\" alt=\"\" class=\"wp-image-8813\" srcset=\"https:\/\/www.lycee-valin.fr\/RJVALIN\/wp-content\/uploads\/2026\/04\/WhatsApp-Image-2026-04-25-at-09.43.10-2-1024x768.jpeg 1024w, https:\/\/www.lycee-valin.fr\/RJVALIN\/wp-content\/uploads\/2026\/04\/WhatsApp-Image-2026-04-25-at-09.43.10-2-300x225.jpeg 300w, https:\/\/www.lycee-valin.fr\/RJVALIN\/wp-content\/uploads\/2026\/04\/WhatsApp-Image-2026-04-25-at-09.43.10-2-768x576.jpeg 768w, https:\/\/www.lycee-valin.fr\/RJVALIN\/wp-content\/uploads\/2026\/04\/WhatsApp-Image-2026-04-25-at-09.43.10-2-1536x1152.jpeg 1536w, https:\/\/www.lycee-valin.fr\/RJVALIN\/wp-content\/uploads\/2026\/04\/WhatsApp-Image-2026-04-25-at-09.43.10-2.jpeg 2000w\" sizes=\"(max-width: 1024px) 100vw, 1024px\" \/><\/figure>\n\n\n\n<figure class=\"wp-block-image size-large\"><img loading=\"lazy\" decoding=\"async\" width=\"1024\" height=\"461\" data-id=\"8811\" src=\"https:\/\/www.lycee-valin.fr\/RJVALIN\/wp-content\/uploads\/2026\/04\/WhatsApp-Image-2026-04-25-at-09.57.25-2-1024x461.jpeg\" alt=\"\" class=\"wp-image-8811\" srcset=\"https:\/\/www.lycee-valin.fr\/RJVALIN\/wp-content\/uploads\/2026\/04\/WhatsApp-Image-2026-04-25-at-09.57.25-2-1024x461.jpeg 1024w, https:\/\/www.lycee-valin.fr\/RJVALIN\/wp-content\/uploads\/2026\/04\/WhatsApp-Image-2026-04-25-at-09.57.25-2-300x135.jpeg 300w, https:\/\/www.lycee-valin.fr\/RJVALIN\/wp-content\/uploads\/2026\/04\/WhatsApp-Image-2026-04-25-at-09.57.25-2-768x346.jpeg 768w, https:\/\/www.lycee-valin.fr\/RJVALIN\/wp-content\/uploads\/2026\/04\/WhatsApp-Image-2026-04-25-at-09.57.25-2-1536x691.jpeg 1536w, https:\/\/www.lycee-valin.fr\/RJVALIN\/wp-content\/uploads\/2026\/04\/WhatsApp-Image-2026-04-25-at-09.57.25-2.jpeg 2000w\" sizes=\"(max-width: 1024px) 100vw, 1024px\" \/><\/figure>\n\n\n\n<figure class=\"wp-block-image size-large\"><img loading=\"lazy\" decoding=\"async\" width=\"1024\" height=\"461\" data-id=\"8816\" src=\"https:\/\/www.lycee-valin.fr\/RJVALIN\/wp-content\/uploads\/2026\/04\/WhatsApp-Image-2026-04-25-at-09.57.26-1024x461.jpeg\" alt=\"\" class=\"wp-image-8816\" srcset=\"https:\/\/www.lycee-valin.fr\/RJVALIN\/wp-content\/uploads\/2026\/04\/WhatsApp-Image-2026-04-25-at-09.57.26-1024x461.jpeg 1024w, https:\/\/www.lycee-valin.fr\/RJVALIN\/wp-content\/uploads\/2026\/04\/WhatsApp-Image-2026-04-25-at-09.57.26-300x135.jpeg 300w, https:\/\/www.lycee-valin.fr\/RJVALIN\/wp-content\/uploads\/2026\/04\/WhatsApp-Image-2026-04-25-at-09.57.26-768x346.jpeg 768w, https:\/\/www.lycee-valin.fr\/RJVALIN\/wp-content\/uploads\/2026\/04\/WhatsApp-Image-2026-04-25-at-09.57.26-1536x691.jpeg 1536w, https:\/\/www.lycee-valin.fr\/RJVALIN\/wp-content\/uploads\/2026\/04\/WhatsApp-Image-2026-04-25-at-09.57.26.jpeg 2000w\" sizes=\"(max-width: 1024px) 100vw, 1024px\" \/><\/figure>\n\n\n\n<figure class=\"wp-block-image size-large\"><img loading=\"lazy\" decoding=\"async\" width=\"576\" height=\"1024\" data-id=\"8814\" src=\"https:\/\/www.lycee-valin.fr\/RJVALIN\/wp-content\/uploads\/2026\/04\/WhatsApp-Image-2026-04-25-at-10.01.12-576x1024.jpeg\" alt=\"\" class=\"wp-image-8814\" srcset=\"https:\/\/www.lycee-valin.fr\/RJVALIN\/wp-content\/uploads\/2026\/04\/WhatsApp-Image-2026-04-25-at-10.01.12-576x1024.jpeg 576w, https:\/\/www.lycee-valin.fr\/RJVALIN\/wp-content\/uploads\/2026\/04\/WhatsApp-Image-2026-04-25-at-10.01.12-169x300.jpeg 169w, https:\/\/www.lycee-valin.fr\/RJVALIN\/wp-content\/uploads\/2026\/04\/WhatsApp-Image-2026-04-25-at-10.01.12-768x1365.jpeg 768w, https:\/\/www.lycee-valin.fr\/RJVALIN\/wp-content\/uploads\/2026\/04\/WhatsApp-Image-2026-04-25-at-10.01.12-864x1536.jpeg 864w, https:\/\/www.lycee-valin.fr\/RJVALIN\/wp-content\/uploads\/2026\/04\/WhatsApp-Image-2026-04-25-at-10.01.12.jpeg 900w\" sizes=\"(max-width: 576px) 100vw, 576px\" \/><\/figure>\n\n\n\n<figure class=\"wp-block-image size-large\"><img loading=\"lazy\" decoding=\"async\" width=\"1024\" height=\"329\" data-id=\"8837\" src=\"https:\/\/www.lycee-valin.fr\/RJVALIN\/wp-content\/uploads\/2026\/04\/WhatsApp-Image-2026-04-25-at-09.43.05-1024x329.jpeg\" alt=\"\" class=\"wp-image-8837\" srcset=\"https:\/\/www.lycee-valin.fr\/RJVALIN\/wp-content\/uploads\/2026\/04\/WhatsApp-Image-2026-04-25-at-09.43.05-1024x329.jpeg 1024w, https:\/\/www.lycee-valin.fr\/RJVALIN\/wp-content\/uploads\/2026\/04\/WhatsApp-Image-2026-04-25-at-09.43.05-300x96.jpeg 300w, https:\/\/www.lycee-valin.fr\/RJVALIN\/wp-content\/uploads\/2026\/04\/WhatsApp-Image-2026-04-25-at-09.43.05-768x247.jpeg 768w, https:\/\/www.lycee-valin.fr\/RJVALIN\/wp-content\/uploads\/2026\/04\/WhatsApp-Image-2026-04-25-at-09.43.05-1536x493.jpeg 1536w, https:\/\/www.lycee-valin.fr\/RJVALIN\/wp-content\/uploads\/2026\/04\/WhatsApp-Image-2026-04-25-at-09.43.05.jpeg 1600w\" sizes=\"(max-width: 1024px) 100vw, 1024px\" \/><\/figure>\n<\/figure>\n\n\n\n<p class=\"has-text-align-center\">Une journ\u00e9e r\u00e9ussie, plac\u00e9e sous le signe de la convivialit\u00e9, du partage et de la valorisation des Biotechnologies !<\/p>\n\n\n\n<p class=\"has-text-align-center\"><strong>Un grand merci \u00e0 toutes et \u00e0 tous pour votre participation !<\/strong><\/p>\n\n\n\n<p class=\"has-text-align-center\"><br>Nous adressons \u00e9galement nos sinc\u00e8res remerciements \u00e0 tous les coll\u00e8gues, personnels et chefs d&#8217;\u00e9tablissement mobilis\u00e9s pour la r\u00e9ussite de cet \u00e9v\u00e9nement, avec une mention particuli\u00e8re pour les techniciens dont l\u2019implication a \u00e9t\u00e9 essentielle !<\/p>\n\n\n\n<p class=\"has-text-align-center\"><strong><em>L\u2019\u00e9quipe des Biotechnologies du lyc\u00e9e Valin<\/em><\/strong><\/p>\n\n\n\n<figure class=\"wp-block-image size-large\"><img loading=\"lazy\" decoding=\"async\" width=\"1024\" height=\"1024\" src=\"https:\/\/www.lycee-valin.fr\/RJVALIN\/wp-content\/uploads\/2026\/04\/WhatsApp-Image-2026-04-25-at-14.08.07-3-1024x1024.jpeg\" alt=\"\" class=\"wp-image-8835\" srcset=\"https:\/\/www.lycee-valin.fr\/RJVALIN\/wp-content\/uploads\/2026\/04\/WhatsApp-Image-2026-04-25-at-14.08.07-3-1024x1024.jpeg 1024w, https:\/\/www.lycee-valin.fr\/RJVALIN\/wp-content\/uploads\/2026\/04\/WhatsApp-Image-2026-04-25-at-14.08.07-3-300x300.jpeg 300w, https:\/\/www.lycee-valin.fr\/RJVALIN\/wp-content\/uploads\/2026\/04\/WhatsApp-Image-2026-04-25-at-14.08.07-3-150x150.jpeg 150w, https:\/\/www.lycee-valin.fr\/RJVALIN\/wp-content\/uploads\/2026\/04\/WhatsApp-Image-2026-04-25-at-14.08.07-3-768x768.jpeg 768w, https:\/\/www.lycee-valin.fr\/RJVALIN\/wp-content\/uploads\/2026\/04\/WhatsApp-Image-2026-04-25-at-14.08.07-3-70x70.jpeg 70w, https:\/\/www.lycee-valin.fr\/RJVALIN\/wp-content\/uploads\/2026\/04\/WhatsApp-Image-2026-04-25-at-14.08.07-3.jpeg 1440w\" sizes=\"(max-width: 1024px) 100vw, 1024px\" \/><\/figure>\n","protected":false},"excerpt":{"rendered":"<p>La matin\u00e9e a \u00e9t\u00e9 marqu\u00e9e par une tr\u00e8s belle affluence dans la cour du lyc\u00e9e, avec des centaines de visiteurs venus d\u00e9couvrir les activit\u00e9s propos\u00e9es au sein de la fili\u00e8re STL Biotechnologies. Les \u00e9l\u00e8ves se <a class=\"more-link\" href=\"https:\/\/www.lycee-valin.fr\/RJVALIN\/fete-des-biotechnolgies-2026-3eme-edition\/\">Lire plus &#8230;<\/a><\/p>\n","protected":false},"author":5,"featured_media":8834,"comment_status":"closed","ping_status":"closed","sticky":false,"template":"","format":"standard","meta":{"footnotes":""},"categories":[120,68,240,23],"tags":[],"class_list":["post-8776","post","type-post","status-publish","format-standard","has-post-thumbnail","hentry","category-actions-et-evenements","category-biotechnologie","category-fete-de-la-biotech","category-vie-au-lycee"],"_links":{"self":[{"href":"https:\/\/www.lycee-valin.fr\/RJVALIN\/wp-json\/wp\/v2\/posts\/8776","targetHints":{"allow":["GET"]}}],"collection":[{"href":"https:\/\/www.lycee-valin.fr\/RJVALIN\/wp-json\/wp\/v2\/posts"}],"about":[{"href":"https:\/\/www.lycee-valin.fr\/RJVALIN\/wp-json\/wp\/v2\/types\/post"}],"author":[{"embeddable":true,"href":"https:\/\/www.lycee-valin.fr\/RJVALIN\/wp-json\/wp\/v2\/users\/5"}],"replies":[{"embeddable":true,"href":"https:\/\/www.lycee-valin.fr\/RJVALIN\/wp-json\/wp\/v2\/comments?post=8776"}],"version-history":[{"count":16,"href":"https:\/\/www.lycee-valin.fr\/RJVALIN\/wp-json\/wp\/v2\/posts\/8776\/revisions"}],"predecessor-version":[{"id":8849,"href":"https:\/\/www.lycee-valin.fr\/RJVALIN\/wp-json\/wp\/v2\/posts\/8776\/revisions\/8849"}],"wp:featuredmedia":[{"embeddable":true,"href":"https:\/\/www.lycee-valin.fr\/RJVALIN\/wp-json\/wp\/v2\/media\/8834"}],"wp:attachment":[{"href":"https:\/\/www.lycee-valin.fr\/RJVALIN\/wp-json\/wp\/v2\/media?parent=8776"}],"wp:term":[{"taxonomy":"category","embeddable":true,"href":"https:\/\/www.lycee-valin.fr\/RJVALIN\/wp-json\/wp\/v2\/categories?post=8776"},{"taxonomy":"post_tag","embeddable":true,"href":"https:\/\/www.lycee-valin.fr\/RJVALIN\/wp-json\/wp\/v2\/tags?post=8776"}],"curies":[{"name":"wp","href":"https:\/\/api.w.org\/{rel}","templated":true}]}}