{"id":8593,"date":"2026-03-11T20:54:07","date_gmt":"2026-03-11T19:54:07","guid":{"rendered":"https:\/\/www.lycee-valin.fr\/RJVALIN\/?p=8593"},"modified":"2026-03-19T11:34:16","modified_gmt":"2026-03-19T10:34:16","slug":"%e2%9c%a8-quand-un-ancien-etudiant-de-bts-bioac-revient-partager-son-parcours-avec-la-nouvelle-generation","status":"publish","type":"post","link":"https:\/\/www.lycee-valin.fr\/RJVALIN\/%e2%9c%a8-quand-un-ancien-etudiant-de-bts-bioac-revient-partager-son-parcours-avec-la-nouvelle-generation\/","title":{"rendered":"\u2728 Quand un ancien \u00e9tudiant de BTS BioAC revient partager son parcours avec la nouvelle g\u00e9n\u00e9ration\u2026"},"content":{"rendered":"\n<hr class=\"wp-block-separator has-alpha-channel-opacity\"\/>\n\n\n\n<p>Mardi 3 mars dernier, les \u00e9tudiants des deux promotions de<strong> BTS Bioanalyses en Laboratoire de Contr\u00f4le du lyc\u00e9e Valin \u00e0 La Rochelle<\/strong> ont eu le plaisir d\u2019accueillir <strong>Camille Locussol<\/strong>, Responsable technique en microbiologie chez Laboratoires Bio17 et ancien \u00e9tudiant dipl\u00f4m\u00e9 du BTS BioAC.<\/p>\n\n\n\n<p>\ud83d\udd2c Lors de cette intervention en salle de conf\u00e9rences, il a retrac\u00e9 son parcours depuis le BTS, pr\u00e9sent\u00e9 ses missions techniques et partag\u00e9 la r\u00e9alit\u00e9 du travail en laboratoire de microbiologie.<\/p>\n\n\n\n<p>\ud83e\uddea \u00c0 l\u2019origine du don du <strong>#MALDITOF<\/strong> (Merci \u00e0 Antoine Touzalin, Directeur associ\u00e9 chez Laboratoires Bio17) r\u00e9cemment install\u00e9 dans nos laboratoires p\u00e9dagogiques, il contribue \u00e9galement au d\u00e9veloppement des \u00e9quipements mis \u00e0 disposition de nos \u00e9tudiants.<\/p>\n\n\n\n<p>\u2696\ufe0f Son intervention a aussi permis d\u2019aborder des questions <strong>#\u00e9thiques<\/strong> importantes, notamment autour des enjeux li\u00e9s \u00e0 la <strong>#PMA<\/strong>, suscitant des \u00e9changes particuli\u00e8rement riches avec les \u00e9tudiants.<\/p>\n\n\n\n<p>\ud83d\udcac Des discussions concr\u00e8tes, inspirantes et pr\u00e9cieuses pour mieux comprendre les r\u00e9alit\u00e9s professionnelles du secteur.<\/p>\n\n\n\n<p>\ud83d\ude4f Un grand merci \u00e0 lui pour sa disponibilit\u00e9, son engagement aupr\u00e8s de la formation et ce retour d\u2019exp\u00e9rience motivant pour nos futurs techniciens de laboratoire.<\/p>\n\n\n\n<p>\ud83d\udcf8 <strong>Retour en images sur l\u2019intervention de Camille Locussol aupr\u00e8s des \u00e9tudiants de BTS BioALC du lyc\u00e9e Valin <\/strong>: partage d\u2019exp\u00e9rience, \u00e9changes professionnels et r\u00e9flexion sur les enjeux \u00e9thiques des m\u00e9tiers du laboratoire.<\/p>\n\n\n\n<hr class=\"wp-block-separator has-alpha-channel-opacity\"\/>\n\n\n\n<figure class=\"wp-block-image size-full\"><img fetchpriority=\"high\" decoding=\"async\" width=\"769\" height=\"677\" src=\"https:\/\/www.lycee-valin.fr\/RJVALIN\/wp-content\/uploads\/2026\/03\/image-6.png\" alt=\"\" class=\"wp-image-8594\" srcset=\"https:\/\/www.lycee-valin.fr\/RJVALIN\/wp-content\/uploads\/2026\/03\/image-6.png 769w, https:\/\/www.lycee-valin.fr\/RJVALIN\/wp-content\/uploads\/2026\/03\/image-6-300x264.png 300w\" sizes=\"(max-width: 769px) 100vw, 769px\" \/><\/figure>\n","protected":false},"excerpt":{"rendered":"<p>Mardi 3 mars dernier, les \u00e9tudiants des deux promotions de BTS Bioanalyses en Laboratoire de Contr\u00f4le du lyc\u00e9e Valin \u00e0 La Rochelle ont eu le plaisir d\u2019accueillir Camille Locussol, Responsable technique en microbiologie chez Laboratoires <a class=\"more-link\" href=\"https:\/\/www.lycee-valin.fr\/RJVALIN\/%e2%9c%a8-quand-un-ancien-etudiant-de-bts-bioac-revient-partager-son-parcours-avec-la-nouvelle-generation\/\">Lire plus &#8230;<\/a><\/p>\n","protected":false},"author":5,"featured_media":8594,"comment_status":"closed","ping_status":"closed","sticky":false,"template":"","format":"standard","meta":{"footnotes":""},"categories":[227,120,67,169,23],"tags":[238,239,237,236],"class_list":["post-8593","post","type-post","status-publish","format-standard","has-post-thumbnail","hentry","category-action-professionnelle","category-actions-et-evenements","category-bts-bioac","category-bts-bioalc","category-vie-au-lycee","tag-alumini","tag-btsbioalc","tag-ethique","tag-maldi-tof"],"_links":{"self":[{"href":"https:\/\/www.lycee-valin.fr\/RJVALIN\/wp-json\/wp\/v2\/posts\/8593","targetHints":{"allow":["GET"]}}],"collection":[{"href":"https:\/\/www.lycee-valin.fr\/RJVALIN\/wp-json\/wp\/v2\/posts"}],"about":[{"href":"https:\/\/www.lycee-valin.fr\/RJVALIN\/wp-json\/wp\/v2\/types\/post"}],"author":[{"embeddable":true,"href":"https:\/\/www.lycee-valin.fr\/RJVALIN\/wp-json\/wp\/v2\/users\/5"}],"replies":[{"embeddable":true,"href":"https:\/\/www.lycee-valin.fr\/RJVALIN\/wp-json\/wp\/v2\/comments?post=8593"}],"version-history":[{"count":2,"href":"https:\/\/www.lycee-valin.fr\/RJVALIN\/wp-json\/wp\/v2\/posts\/8593\/revisions"}],"predecessor-version":[{"id":8648,"href":"https:\/\/www.lycee-valin.fr\/RJVALIN\/wp-json\/wp\/v2\/posts\/8593\/revisions\/8648"}],"wp:featuredmedia":[{"embeddable":true,"href":"https:\/\/www.lycee-valin.fr\/RJVALIN\/wp-json\/wp\/v2\/media\/8594"}],"wp:attachment":[{"href":"https:\/\/www.lycee-valin.fr\/RJVALIN\/wp-json\/wp\/v2\/media?parent=8593"}],"wp:term":[{"taxonomy":"category","embeddable":true,"href":"https:\/\/www.lycee-valin.fr\/RJVALIN\/wp-json\/wp\/v2\/categories?post=8593"},{"taxonomy":"post_tag","embeddable":true,"href":"https:\/\/www.lycee-valin.fr\/RJVALIN\/wp-json\/wp\/v2\/tags?post=8593"}],"curies":[{"name":"wp","href":"https:\/\/api.w.org\/{rel}","templated":true}]}}