{"id":8523,"date":"2026-03-04T19:48:46","date_gmt":"2026-03-04T18:48:46","guid":{"rendered":"https:\/\/www.lycee-valin.fr\/RJVALIN\/?p=8523"},"modified":"2026-03-05T09:02:15","modified_gmt":"2026-03-05T08:02:15","slug":"la-classe-de-s05-a-la-rencontre-du-roman-maneges-et-de-son-adaptation-cinematographique","status":"publish","type":"post","link":"https:\/\/www.lycee-valin.fr\/RJVALIN\/la-classe-de-s05-a-la-rencontre-du-roman-maneges-et-de-son-adaptation-cinematographique\/","title":{"rendered":"La classe de S05 \u00e0 la rencontre du roman &#8220;Man\u00e8ges&#8221; et de son adaptation cin\u00e9matographique"},"content":{"rendered":"\n<hr class=\"wp-block-separator has-alpha-channel-opacity\"\/>\n\n\n\n<p class=\"has-gray-color has-blue-background-color has-text-color has-background has-link-color has-normal-font-size wp-elements-1f22efa38086fb75c732c52b4be1e24e\"><em>Dans le cadre des projets r\u00e9alis\u00e9s avec l\u2019association <strong>LEAR<\/strong> (<strong>L<\/strong>ire et <strong>E<\/strong>crire <strong>A<\/strong> La <strong>R<\/strong>ochelle), <strong>la classe de S05 du lyc\u00e9e Valin <\/strong>a d\u00e9couvert <strong>le roman&nbsp;Man\u00e8ges&nbsp;de Laura Alcoba dont le titre espagnol est&nbsp;La casa de los conejos.<\/strong><\/em><\/p>\n\n\n<div class=\"wp-block-image\">\n<figure class=\"aligncenter size-full is-resized\"><img fetchpriority=\"high\" decoding=\"async\" width=\"450\" height=\"268\" src=\"https:\/\/www.lycee-valin.fr\/RJVALIN\/wp-content\/uploads\/2026\/03\/image-2.png\" alt=\"\" class=\"wp-image-8528\" style=\"aspect-ratio:1.6791371100962005;width:296px;height:auto\" srcset=\"https:\/\/www.lycee-valin.fr\/RJVALIN\/wp-content\/uploads\/2026\/03\/image-2.png 450w, https:\/\/www.lycee-valin.fr\/RJVALIN\/wp-content\/uploads\/2026\/03\/image-2-300x179.png 300w\" sizes=\"(max-width: 450px) 100vw, 450px\" \/><\/figure>\n<\/div>\n\n\n<p><strong>Ce roman autobiographique a \u00e9t\u00e9 adapt\u00e9 sur grand \u00e9cran par la r\u00e9alisatrice argentine, Valeria Selinger.<\/strong><\/p>\n\n\n\n<p>Il raconte la vie d\u2019une fillette argentine de 8 ans qui a des parents militants et qui doit apprendre \u00e0 vivre dans la clandestinit\u00e9 \u00e0 cause de la dictature du g\u00e9n\u00e9ral Videla.<\/p>\n\n\n\n<hr class=\"wp-block-separator has-alpha-channel-opacity\"\/>\n\n\n\n<p class=\"has-white-color has-blue-background-color has-text-color has-background has-link-color has-normal-font-size wp-elements-883c5cdb4296eea0d94666cb65e81ce0\"><em>Cette classe a \u00e9tudi\u00e9 l\u2019\u0153uvre compl\u00e8te en cours de fran\u00e7ais avec <strong>Madame Ghilardini.<\/strong> Ensemble, ils ont \u00e9galement pr\u00e9par\u00e9 une lecture chorale de certains passages du roman; Et c\u2019est en cours d\u2019espagnol avec <strong>Madame Sennane <\/strong>que les \u00e9l\u00e8ves ont travaill\u00e9 sur le contexte historique de l\u2019Argentine des ann\u00e9es soixante-dix afin de pr\u00e9parer une exposition.<\/em><\/p>\n\n\n\n<hr class=\"wp-block-separator has-alpha-channel-opacity\"\/>\n\n\n\n<p>Par la suite, une projection du film en espagnol sous-titr\u00e9 en fran\u00e7ais a pu \u00eatre organis\u00e9e au lyc\u00e9e.<\/p>\n\n\n\n<p>Ce travail interdisciplinaire a donn\u00e9 lieu \u00e0 deux rencontres :&nbsp;<\/p>\n\n\n\n<p class=\"has-white-color has-blue-background-color has-text-color has-background has-link-color has-normal-font-size wp-elements-22dbb78d724a8bc3e5a483f07a8f574f\"><strong><em>En novembre 2025, en salle de conf\u00e9rence, les \u00e9l\u00e8ves ont pu \u00e9changer en fran\u00e7ais et en espagnol avec Valeria Selinger sur son adaptation filmique du roman&nbsp;:<\/em><\/strong><\/p>\n\n\n<div class=\"wp-block-image\">\n<figure class=\"aligncenter size-full\"><img decoding=\"async\" width=\"640\" height=\"634\" src=\"https:\/\/www.lycee-valin.fr\/RJVALIN\/wp-content\/uploads\/2026\/03\/Valeria-2.jpg\" alt=\"\" class=\"wp-image-8541\" srcset=\"https:\/\/www.lycee-valin.fr\/RJVALIN\/wp-content\/uploads\/2026\/03\/Valeria-2.jpg 640w, https:\/\/www.lycee-valin.fr\/RJVALIN\/wp-content\/uploads\/2026\/03\/Valeria-2-300x297.jpg 300w, https:\/\/www.lycee-valin.fr\/RJVALIN\/wp-content\/uploads\/2026\/03\/Valeria-2-150x150.jpg 150w, https:\/\/www.lycee-valin.fr\/RJVALIN\/wp-content\/uploads\/2026\/03\/Valeria-2-70x70.jpg 70w\" sizes=\"(max-width: 640px) 100vw, 640px\" \/><\/figure>\n<\/div>\n\n\n<hr class=\"wp-block-separator has-alpha-channel-opacity\"\/>\n\n\n\n<p class=\"has-white-color has-blue-background-color has-text-color has-background has-link-color has-normal-font-size wp-elements-c5678a4b08c13da8be206794b024e649\"><strong><em>En f\u00e9vrier 2026, la classe a propos\u00e9 une lecture chorale en fran\u00e7ais de certains passages du roman et elle a d\u00e9voil\u00e9 son exposition en espagnol&nbsp;au CDI :<\/em><\/strong><\/p>\n\n\n<div class=\"wp-block-image\">\n<figure class=\"aligncenter size-full\"><img decoding=\"async\" width=\"640\" height=\"426\" src=\"https:\/\/www.lycee-valin.fr\/RJVALIN\/wp-content\/uploads\/2026\/03\/CDI-lecture.jpg\" alt=\"\" class=\"wp-image-8536\" srcset=\"https:\/\/www.lycee-valin.fr\/RJVALIN\/wp-content\/uploads\/2026\/03\/CDI-lecture.jpg 640w, https:\/\/www.lycee-valin.fr\/RJVALIN\/wp-content\/uploads\/2026\/03\/CDI-lecture-300x200.jpg 300w\" sizes=\"(max-width: 640px) 100vw, 640px\" \/><\/figure>\n<\/div>\n\n\n<hr class=\"wp-block-separator has-alpha-channel-opacity\"\/>\n\n\n\n<p class=\"has-normal-font-size\"><strong><em>Merci \u2728<\/em><\/strong><\/p>\n\n\n\n<ul class=\"wp-block-list\">\n<li>\u00c0 l\u2019<strong>association LEAR<\/strong> et au lyc\u00e9e Valin pour leur aide dans ce projet \ud83e\udd1d<\/li>\n<\/ul>\n\n\n\n<ul class=\"wp-block-list\">\n<li>\u00c0 <strong>Valeria Selinger<\/strong> pour sa visite au lyc\u00e9e \ud83c\udfac<\/li>\n<\/ul>\n\n\n\n<ul class=\"wp-block-list\">\n<li>Aux <strong>professeurs documentalistes<\/strong> pour l\u2019organisation de la repr\u00e9sentation au CDI \ud83d\udcda<\/li>\n<\/ul>\n","protected":false},"excerpt":{"rendered":"<p>Dans le cadre des projets r\u00e9alis\u00e9s avec l\u2019association LEAR (Lire et Ecrire A La Rochelle), la classe de S05 du lyc\u00e9e Valin a d\u00e9couvert le roman&nbsp;Man\u00e8ges&nbsp;de Laura Alcoba dont le titre espagnol est&nbsp;La casa de <a class=\"more-link\" href=\"https:\/\/www.lycee-valin.fr\/RJVALIN\/la-classe-de-s05-a-la-rencontre-du-roman-maneges-et-de-son-adaptation-cinematographique\/\">Lire plus &#8230;<\/a><\/p>\n","protected":false},"author":5,"featured_media":8539,"comment_status":"closed","ping_status":"closed","sticky":false,"template":"","format":"standard","meta":{"footnotes":""},"categories":[120,83,110,23],"tags":[],"class_list":["post-8523","post","type-post","status-publish","format-standard","has-post-thumbnail","hentry","category-actions-et-evenements","category-espagnol","category-lettres","category-vie-au-lycee"],"_links":{"self":[{"href":"https:\/\/www.lycee-valin.fr\/RJVALIN\/wp-json\/wp\/v2\/posts\/8523","targetHints":{"allow":["GET"]}}],"collection":[{"href":"https:\/\/www.lycee-valin.fr\/RJVALIN\/wp-json\/wp\/v2\/posts"}],"about":[{"href":"https:\/\/www.lycee-valin.fr\/RJVALIN\/wp-json\/wp\/v2\/types\/post"}],"author":[{"embeddable":true,"href":"https:\/\/www.lycee-valin.fr\/RJVALIN\/wp-json\/wp\/v2\/users\/5"}],"replies":[{"embeddable":true,"href":"https:\/\/www.lycee-valin.fr\/RJVALIN\/wp-json\/wp\/v2\/comments?post=8523"}],"version-history":[{"count":9,"href":"https:\/\/www.lycee-valin.fr\/RJVALIN\/wp-json\/wp\/v2\/posts\/8523\/revisions"}],"predecessor-version":[{"id":8542,"href":"https:\/\/www.lycee-valin.fr\/RJVALIN\/wp-json\/wp\/v2\/posts\/8523\/revisions\/8542"}],"wp:featuredmedia":[{"embeddable":true,"href":"https:\/\/www.lycee-valin.fr\/RJVALIN\/wp-json\/wp\/v2\/media\/8539"}],"wp:attachment":[{"href":"https:\/\/www.lycee-valin.fr\/RJVALIN\/wp-json\/wp\/v2\/media?parent=8523"}],"wp:term":[{"taxonomy":"category","embeddable":true,"href":"https:\/\/www.lycee-valin.fr\/RJVALIN\/wp-json\/wp\/v2\/categories?post=8523"},{"taxonomy":"post_tag","embeddable":true,"href":"https:\/\/www.lycee-valin.fr\/RJVALIN\/wp-json\/wp\/v2\/tags?post=8523"}],"curies":[{"name":"wp","href":"https:\/\/api.w.org\/{rel}","templated":true}]}}