{"id":8387,"date":"2026-01-27T14:45:48","date_gmt":"2026-01-27T13:45:48","guid":{"rendered":"https:\/\/www.lycee-valin.fr\/RJVALIN\/?p=8387"},"modified":"2026-01-27T14:45:49","modified_gmt":"2026-01-27T13:45:49","slug":"le-temps-de-lire","status":"publish","type":"post","link":"https:\/\/www.lycee-valin.fr\/RJVALIN\/le-temps-de-lire\/","title":{"rendered":"Le temps de lire"},"content":{"rendered":"\n<p><\/p>\n\n\n\n<p>D&#8217;octobre \u00e0 d\u00e9cembre, tous les \u00e9l\u00e8ves de seconde ont \u00e9t\u00e9 invit\u00e9s \u00e0 lire au CDI, dans le cadre de l&#8217;accompagnement personnalis\u00e9 propos\u00e9 par l&#8217;\u00e9quipe de lettres.<\/p>\n\n\n\n<p>Voici quelques t\u00e9moignages de la classe de seconde 5 sur les heures d\u00e9di\u00e9es \u00e0 la lecture.<\/p>\n\n\n\n<figure class=\"wp-block-image size-large\"><img fetchpriority=\"high\" decoding=\"async\" width=\"1024\" height=\"576\" src=\"https:\/\/www.lycee-valin.fr\/RJVALIN\/wp-content\/uploads\/2026\/01\/Le-temps-de-lire-1024x576.jpg\" alt=\"\" class=\"wp-image-8388\" srcset=\"https:\/\/www.lycee-valin.fr\/RJVALIN\/wp-content\/uploads\/2026\/01\/Le-temps-de-lire-1024x576.jpg 1024w, https:\/\/www.lycee-valin.fr\/RJVALIN\/wp-content\/uploads\/2026\/01\/Le-temps-de-lire-300x169.jpg 300w, https:\/\/www.lycee-valin.fr\/RJVALIN\/wp-content\/uploads\/2026\/01\/Le-temps-de-lire-768x432.jpg 768w, https:\/\/www.lycee-valin.fr\/RJVALIN\/wp-content\/uploads\/2026\/01\/Le-temps-de-lire-1536x864.jpg 1536w, https:\/\/www.lycee-valin.fr\/RJVALIN\/wp-content\/uploads\/2026\/01\/Le-temps-de-lire-400x225.jpg 400w, https:\/\/www.lycee-valin.fr\/RJVALIN\/wp-content\/uploads\/2026\/01\/Le-temps-de-lire-780x439.jpg 780w, https:\/\/www.lycee-valin.fr\/RJVALIN\/wp-content\/uploads\/2026\/01\/Le-temps-de-lire.jpg 1920w\" sizes=\"(max-width: 1024px) 100vw, 1024px\" \/><\/figure>\n\n\n\n<p><\/p>\n\n\n","protected":false},"excerpt":{"rendered":"<p>D&#8217;octobre \u00e0 d\u00e9cembre, tous les \u00e9l\u00e8ves de seconde ont \u00e9t\u00e9 invit\u00e9s \u00e0 lire au CDI, dans le cadre de l&#8217;accompagnement personnalis\u00e9 propos\u00e9 par l&#8217;\u00e9quipe de lettres. Voici quelques t\u00e9moignages de la classe de seconde 5 <a class=\"more-link\" href=\"https:\/\/www.lycee-valin.fr\/RJVALIN\/le-temps-de-lire\/\">Lire plus &#8230;<\/a><\/p>\n","protected":false},"author":32,"featured_media":8390,"comment_status":"closed","ping_status":"closed","sticky":false,"template":"","format":"standard","meta":{"footnotes":""},"categories":[109,1],"tags":[],"class_list":["post-8387","post","type-post","status-publish","format-standard","has-post-thumbnail","hentry","category-francais","category-non-classe"],"_links":{"self":[{"href":"https:\/\/www.lycee-valin.fr\/RJVALIN\/wp-json\/wp\/v2\/posts\/8387","targetHints":{"allow":["GET"]}}],"collection":[{"href":"https:\/\/www.lycee-valin.fr\/RJVALIN\/wp-json\/wp\/v2\/posts"}],"about":[{"href":"https:\/\/www.lycee-valin.fr\/RJVALIN\/wp-json\/wp\/v2\/types\/post"}],"author":[{"embeddable":true,"href":"https:\/\/www.lycee-valin.fr\/RJVALIN\/wp-json\/wp\/v2\/users\/32"}],"replies":[{"embeddable":true,"href":"https:\/\/www.lycee-valin.fr\/RJVALIN\/wp-json\/wp\/v2\/comments?post=8387"}],"version-history":[{"count":2,"href":"https:\/\/www.lycee-valin.fr\/RJVALIN\/wp-json\/wp\/v2\/posts\/8387\/revisions"}],"predecessor-version":[{"id":8391,"href":"https:\/\/www.lycee-valin.fr\/RJVALIN\/wp-json\/wp\/v2\/posts\/8387\/revisions\/8391"}],"wp:featuredmedia":[{"embeddable":true,"href":"https:\/\/www.lycee-valin.fr\/RJVALIN\/wp-json\/wp\/v2\/media\/8390"}],"wp:attachment":[{"href":"https:\/\/www.lycee-valin.fr\/RJVALIN\/wp-json\/wp\/v2\/media?parent=8387"}],"wp:term":[{"taxonomy":"category","embeddable":true,"href":"https:\/\/www.lycee-valin.fr\/RJVALIN\/wp-json\/wp\/v2\/categories?post=8387"},{"taxonomy":"post_tag","embeddable":true,"href":"https:\/\/www.lycee-valin.fr\/RJVALIN\/wp-json\/wp\/v2\/tags?post=8387"}],"curies":[{"name":"wp","href":"https:\/\/api.w.org\/{rel}","templated":true}]}}