{"id":8369,"date":"2026-01-27T17:45:56","date_gmt":"2026-01-27T16:45:56","guid":{"rendered":"https:\/\/www.lycee-valin.fr\/RJVALIN\/?p=8369"},"modified":"2026-01-27T17:45:57","modified_gmt":"2026-01-27T16:45:57","slug":"quand-la-beaute-et-le-bien-etre-devient-un-lien-entre-generations","status":"publish","type":"post","link":"https:\/\/www.lycee-valin.fr\/RJVALIN\/quand-la-beaute-et-le-bien-etre-devient-un-lien-entre-generations\/","title":{"rendered":"Quand la beaut\u00e9 et le bien-\u00eatre devient un lien entre g\u00e9n\u00e9rations !"},"content":{"rendered":"\n<hr class=\"wp-block-separator has-alpha-channel-opacity\"\/>\n\n\n\n<p>Pour leur deuxi\u00e8me action professionnelle, la classe de BTS 2 M\u00e9tiers de l\u2019Esth\u00e9tique Cosm\u00e9tique et Parfumerie avait pour objectif de travailler sur les besoins et les attentes des personnes s\u00e9niors en termes de bien -\u00eatre et de beaut\u00e9.<\/p>\n\n\n\n<p>Pour mener \u00e0 bien ce projet, La villa Royale S\u00e9niorale situ\u00e9e aux minimes \u00e0 la Rochelle a r\u00e9pondu positif \u00e0 notre demande de collaboration.<\/p>\n\n\n\n<p>C\u2019est avec enthousiasme et professionnalisme que la classe de BTS 2 MECP ont accueilli les personnes \u00e2g\u00e9es ce mercredi 21 janvier 2026 de 14h \u00e0 16h30.<\/p>\n\n\n\n<p>Au programme: <\/p>\n\n\n\n<ul class=\"wp-block-list\">\n<li>Pr\u00e9sentation de leur formation <\/li>\n\n\n\n<li>Atelier soin visage <\/li>\n\n\n\n<li>Atelier soin des mains <\/li>\n<\/ul>\n\n\n\n<figure class=\"wp-block-gallery has-nested-images columns-default is-cropped wp-block-gallery-1 is-layout-flex wp-block-gallery-is-layout-flex\">\n<figure class=\"wp-block-image size-large\"><img fetchpriority=\"high\" decoding=\"async\" width=\"768\" height=\"1024\" data-id=\"8373\" src=\"https:\/\/www.lycee-valin.fr\/RJVALIN\/wp-content\/uploads\/2026\/01\/1000045047-768x1024.jpg\" alt=\"\" class=\"wp-image-8373\" srcset=\"https:\/\/www.lycee-valin.fr\/RJVALIN\/wp-content\/uploads\/2026\/01\/1000045047-768x1024.jpg 768w, https:\/\/www.lycee-valin.fr\/RJVALIN\/wp-content\/uploads\/2026\/01\/1000045047-225x300.jpg 225w, https:\/\/www.lycee-valin.fr\/RJVALIN\/wp-content\/uploads\/2026\/01\/1000045047-1152x1536.jpg 1152w, https:\/\/www.lycee-valin.fr\/RJVALIN\/wp-content\/uploads\/2026\/01\/1000045047-1536x2048.jpg 1536w, https:\/\/www.lycee-valin.fr\/RJVALIN\/wp-content\/uploads\/2026\/01\/1000045047-scaled.jpg 1920w\" sizes=\"(max-width: 768px) 100vw, 768px\" \/><\/figure>\n\n\n\n<figure class=\"wp-block-image size-large\"><img decoding=\"async\" width=\"1024\" height=\"462\" data-id=\"8381\" src=\"https:\/\/www.lycee-valin.fr\/RJVALIN\/wp-content\/uploads\/2026\/01\/1000045070-2-1024x462.jpg\" alt=\"\" class=\"wp-image-8381\" srcset=\"https:\/\/www.lycee-valin.fr\/RJVALIN\/wp-content\/uploads\/2026\/01\/1000045070-2-1024x462.jpg 1024w, https:\/\/www.lycee-valin.fr\/RJVALIN\/wp-content\/uploads\/2026\/01\/1000045070-2-300x135.jpg 300w, https:\/\/www.lycee-valin.fr\/RJVALIN\/wp-content\/uploads\/2026\/01\/1000045070-2-768x346.jpg 768w, https:\/\/www.lycee-valin.fr\/RJVALIN\/wp-content\/uploads\/2026\/01\/1000045070-2-1536x692.jpg 1536w, https:\/\/www.lycee-valin.fr\/RJVALIN\/wp-content\/uploads\/2026\/01\/1000045070-2.jpg 2048w\" sizes=\"(max-width: 1024px) 100vw, 1024px\" \/><\/figure>\n\n\n\n<figure class=\"wp-block-image size-large\"><img decoding=\"async\" width=\"1024\" height=\"462\" data-id=\"8374\" src=\"https:\/\/www.lycee-valin.fr\/RJVALIN\/wp-content\/uploads\/2026\/01\/1000045079-1024x462.jpg\" alt=\"\" class=\"wp-image-8374\" srcset=\"https:\/\/www.lycee-valin.fr\/RJVALIN\/wp-content\/uploads\/2026\/01\/1000045079-1024x462.jpg 1024w, https:\/\/www.lycee-valin.fr\/RJVALIN\/wp-content\/uploads\/2026\/01\/1000045079-300x135.jpg 300w, https:\/\/www.lycee-valin.fr\/RJVALIN\/wp-content\/uploads\/2026\/01\/1000045079-768x346.jpg 768w, https:\/\/www.lycee-valin.fr\/RJVALIN\/wp-content\/uploads\/2026\/01\/1000045079-1536x692.jpg 1536w, https:\/\/www.lycee-valin.fr\/RJVALIN\/wp-content\/uploads\/2026\/01\/1000045079.jpg 2048w\" sizes=\"(max-width: 1024px) 100vw, 1024px\" \/><\/figure>\n<\/figure>\n\n\n\n<p>Les \u00e9tudiantes ont d\u00fb cr\u00e9er des protocoles personnalis\u00e9s ainsi qu\u2019 un espace d\u00e9di\u00e9 \u00e0 la d\u00e9tente et \u00e0 l\u2019\u00e9vasion, ce fut un r\u00e9el moment de partage et de lien entre les g\u00e9n\u00e9rations.<\/p>\n\n\n\n<figure class=\"wp-block-gallery has-nested-images columns-default is-cropped\"><\/figure>\n\n\n\n<figure class=\"wp-block-gallery has-nested-images columns-default is-cropped wp-block-gallery-2 is-layout-flex wp-block-gallery-is-layout-flex\">\n<figure class=\"wp-block-image size-large\"><img loading=\"lazy\" decoding=\"async\" width=\"768\" height=\"1024\" data-id=\"8378\" src=\"https:\/\/www.lycee-valin.fr\/RJVALIN\/wp-content\/uploads\/2026\/01\/1000045037-Copie-768x1024.jpg\" alt=\"\" class=\"wp-image-8378\" srcset=\"https:\/\/www.lycee-valin.fr\/RJVALIN\/wp-content\/uploads\/2026\/01\/1000045037-Copie-768x1024.jpg 768w, https:\/\/www.lycee-valin.fr\/RJVALIN\/wp-content\/uploads\/2026\/01\/1000045037-Copie-225x300.jpg 225w, https:\/\/www.lycee-valin.fr\/RJVALIN\/wp-content\/uploads\/2026\/01\/1000045037-Copie-1152x1536.jpg 1152w, https:\/\/www.lycee-valin.fr\/RJVALIN\/wp-content\/uploads\/2026\/01\/1000045037-Copie-1536x2048.jpg 1536w, https:\/\/www.lycee-valin.fr\/RJVALIN\/wp-content\/uploads\/2026\/01\/1000045037-Copie-scaled.jpg 1920w\" sizes=\"(max-width: 768px) 100vw, 768px\" \/><\/figure>\n\n\n\n<figure class=\"wp-block-image size-large\"><img loading=\"lazy\" decoding=\"async\" width=\"711\" height=\"1024\" data-id=\"8379\" src=\"https:\/\/www.lycee-valin.fr\/RJVALIN\/wp-content\/uploads\/2026\/01\/2-Copie-711x1024.jpg\" alt=\"\" class=\"wp-image-8379\" srcset=\"https:\/\/www.lycee-valin.fr\/RJVALIN\/wp-content\/uploads\/2026\/01\/2-Copie-711x1024.jpg 711w, https:\/\/www.lycee-valin.fr\/RJVALIN\/wp-content\/uploads\/2026\/01\/2-Copie-208x300.jpg 208w, https:\/\/www.lycee-valin.fr\/RJVALIN\/wp-content\/uploads\/2026\/01\/2-Copie-768x1105.jpg 768w, https:\/\/www.lycee-valin.fr\/RJVALIN\/wp-content\/uploads\/2026\/01\/2-Copie-1067x1536.jpg 1067w, https:\/\/www.lycee-valin.fr\/RJVALIN\/wp-content\/uploads\/2026\/01\/2-Copie-1423x2048.jpg 1423w, https:\/\/www.lycee-valin.fr\/RJVALIN\/wp-content\/uploads\/2026\/01\/2-Copie-scaled.jpg 1779w\" sizes=\"(max-width: 711px) 100vw, 711px\" \/><\/figure>\n<\/figure>\n\n\n\n<p>Une pause go\u00fbter et des conseils beaut\u00e9 ont cl\u00f4tur\u00e9 l\u2019apr\u00e8s-midi.<\/p>\n\n\n\n<figure class=\"wp-block-gallery has-nested-images columns-default is-cropped wp-block-gallery-3 is-layout-flex wp-block-gallery-is-layout-flex\">\n<figure class=\"wp-block-image size-large\"><img loading=\"lazy\" decoding=\"async\" width=\"1024\" height=\"457\" data-id=\"8382\" src=\"https:\/\/www.lycee-valin.fr\/RJVALIN\/wp-content\/uploads\/2026\/01\/IMG_20260126_132139-1024x457.jpg\" alt=\"\" class=\"wp-image-8382\" srcset=\"https:\/\/www.lycee-valin.fr\/RJVALIN\/wp-content\/uploads\/2026\/01\/IMG_20260126_132139-1024x457.jpg 1024w, https:\/\/www.lycee-valin.fr\/RJVALIN\/wp-content\/uploads\/2026\/01\/IMG_20260126_132139-300x134.jpg 300w, https:\/\/www.lycee-valin.fr\/RJVALIN\/wp-content\/uploads\/2026\/01\/IMG_20260126_132139-768x343.jpg 768w, https:\/\/www.lycee-valin.fr\/RJVALIN\/wp-content\/uploads\/2026\/01\/IMG_20260126_132139-1536x685.jpg 1536w, https:\/\/www.lycee-valin.fr\/RJVALIN\/wp-content\/uploads\/2026\/01\/IMG_20260126_132139-2048x913.jpg 2048w\" sizes=\"(max-width: 1024px) 100vw, 1024px\" \/><\/figure>\n<\/figure>\n\n\n\n<p>Cette rencontre interg\u00e9n\u00e9rationnelle a \u00e9t\u00e9 une exp\u00e9rience humaine tr\u00e8s enrichissante pour les \u00e9tudiantes et des moments pr\u00e9cieux pour les s\u00e9niors.<\/p>\n\n\n\n<p>Une belle \u00e9nergie collective qui restera grav\u00e9e chez tous les participant(e)s.<\/p>\n\n\n\n<p>Nous tenons \u00e0 remercier particuli\u00e8rement Philippe HARDOUINEAU &nbsp;de La Villa Royale qui a accompagn\u00e9 les personnes \u00e2g\u00e9es et rendu cette rencontre possible.<\/p>\n\n\n\n<p><\/p>\n","protected":false},"excerpt":{"rendered":"<p>Pour leur deuxi\u00e8me action professionnelle, la classe de BTS 2 M\u00e9tiers de l\u2019Esth\u00e9tique Cosm\u00e9tique et Parfumerie avait pour objectif de travailler sur les besoins et les attentes des personnes s\u00e9niors en termes de bien -\u00eatre <a class=\"more-link\" href=\"https:\/\/www.lycee-valin.fr\/RJVALIN\/quand-la-beaute-et-le-bien-etre-devient-un-lien-entre-generations\/\">Lire plus &#8230;<\/a><\/p>\n","protected":false},"author":57,"featured_media":8381,"comment_status":"closed","ping_status":"closed","sticky":false,"template":"","format":"standard","meta":{"footnotes":""},"categories":[227,81,23],"tags":[],"class_list":["post-8369","post","type-post","status-publish","format-standard","has-post-thumbnail","hentry","category-action-professionnelle","category-bts-mecp","category-vie-au-lycee"],"_links":{"self":[{"href":"https:\/\/www.lycee-valin.fr\/RJVALIN\/wp-json\/wp\/v2\/posts\/8369","targetHints":{"allow":["GET"]}}],"collection":[{"href":"https:\/\/www.lycee-valin.fr\/RJVALIN\/wp-json\/wp\/v2\/posts"}],"about":[{"href":"https:\/\/www.lycee-valin.fr\/RJVALIN\/wp-json\/wp\/v2\/types\/post"}],"author":[{"embeddable":true,"href":"https:\/\/www.lycee-valin.fr\/RJVALIN\/wp-json\/wp\/v2\/users\/57"}],"replies":[{"embeddable":true,"href":"https:\/\/www.lycee-valin.fr\/RJVALIN\/wp-json\/wp\/v2\/comments?post=8369"}],"version-history":[{"count":4,"href":"https:\/\/www.lycee-valin.fr\/RJVALIN\/wp-json\/wp\/v2\/posts\/8369\/revisions"}],"predecessor-version":[{"id":8393,"href":"https:\/\/www.lycee-valin.fr\/RJVALIN\/wp-json\/wp\/v2\/posts\/8369\/revisions\/8393"}],"wp:featuredmedia":[{"embeddable":true,"href":"https:\/\/www.lycee-valin.fr\/RJVALIN\/wp-json\/wp\/v2\/media\/8381"}],"wp:attachment":[{"href":"https:\/\/www.lycee-valin.fr\/RJVALIN\/wp-json\/wp\/v2\/media?parent=8369"}],"wp:term":[{"taxonomy":"category","embeddable":true,"href":"https:\/\/www.lycee-valin.fr\/RJVALIN\/wp-json\/wp\/v2\/categories?post=8369"},{"taxonomy":"post_tag","embeddable":true,"href":"https:\/\/www.lycee-valin.fr\/RJVALIN\/wp-json\/wp\/v2\/tags?post=8369"}],"curies":[{"name":"wp","href":"https:\/\/api.w.org\/{rel}","templated":true}]}}