{"id":7744,"date":"2025-09-05T09:11:59","date_gmt":"2025-09-05T07:11:59","guid":{"rendered":"https:\/\/www.lycee-valin.fr\/RJVALIN\/?p=7744"},"modified":"2025-09-05T18:18:23","modified_gmt":"2025-09-05T16:18:23","slug":"cest-reparti-pour-las","status":"publish","type":"post","link":"https:\/\/www.lycee-valin.fr\/RJVALIN\/cest-reparti-pour-las\/","title":{"rendered":"C&#8217;est reparti pour l&#8217;AS !"},"content":{"rendered":"\n<p>Nouvelle saison, nouveau programme. Assez peu de changement cette ann\u00e9e, l&#8217;\u00e9quipe EPS reste la m\u00eame mais quelques petites modifications ont \u00e9t\u00e9 apport\u00e9es : la plus notable est l&#8217;absence cette ann\u00e9e de la natation du fait des travaux de r\u00e9fection de la piscine de La Rochelle.<\/p>\n\n\n\n<p><strong>Lundi <\/strong>: Volley et Cross Training entre 12 h 05 et 13 h 45. Badminton de 18 h \u00e0 19 h 30.<\/p>\n\n\n\n<p><strong>Mardi <\/strong>: Basket-ball et athl\u00e9tisme pr\u00e9pa physique entre 12 h 05 et 13 h 45.<\/p>\n\n\n\n<p><strong>Mercredi<\/strong> : Cross Training entre 12 h 05 et 13 h 45.<\/p>\n\n\n\n<p><strong>Jeudi<\/strong> : Volley et Athl\u00e9tisme Pr\u00e9pa physique entre 12 h 05 et 13 h 45.<\/p>\n\n\n\n<p><strong>Vendredi<\/strong> : Badminton entre 12 h 05 et 13 h 45.<\/p>\n\n\n\n<p>N&#8217;h\u00e9sitez-pas \u00e0 venir essayer avant de vous engager, la cotisation reste \u00e0 20 euros pour l&#8217;ann\u00e9e et pour toutes activit\u00e9s pratiqu\u00e9es. Le cr\u00e9neau du mercredi apr\u00e8s-midi reste ouvert occasionnellement aux comp\u00e9titions.<\/p>\n\n\n\n<p>Les deux cr\u00e9neaux athl\u00e9tiques sont ouverts aux sp\u00e9cialit\u00e9s athl\u00e9tiques mais aussi \u00e0 tout ce qui touche \u00e0 l&#8217;entrainement et la pr\u00e9paration physique (course, cross, HYROX..).<\/p>\n","protected":false},"excerpt":{"rendered":"<p>Nouvelle saison, nouveau programme. Assez peu de changement cette ann\u00e9e, l&#8217;\u00e9quipe EPS reste la m\u00eame mais quelques petites modifications ont \u00e9t\u00e9 apport\u00e9es : la plus notable est l&#8217;absence cette ann\u00e9e de la natation du fait <a class=\"more-link\" href=\"https:\/\/www.lycee-valin.fr\/RJVALIN\/cest-reparti-pour-las\/\">Lire plus &#8230;<\/a><\/p>\n","protected":false},"author":51,"featured_media":7224,"comment_status":"closed","ping_status":"closed","sticky":false,"template":"","format":"standard","meta":{"footnotes":""},"categories":[113,102,23],"tags":[],"class_list":["post-7744","post","type-post","status-publish","format-standard","has-post-thumbnail","hentry","category-association","category-eps","category-vie-au-lycee"],"_links":{"self":[{"href":"https:\/\/www.lycee-valin.fr\/RJVALIN\/wp-json\/wp\/v2\/posts\/7744","targetHints":{"allow":["GET"]}}],"collection":[{"href":"https:\/\/www.lycee-valin.fr\/RJVALIN\/wp-json\/wp\/v2\/posts"}],"about":[{"href":"https:\/\/www.lycee-valin.fr\/RJVALIN\/wp-json\/wp\/v2\/types\/post"}],"author":[{"embeddable":true,"href":"https:\/\/www.lycee-valin.fr\/RJVALIN\/wp-json\/wp\/v2\/users\/51"}],"replies":[{"embeddable":true,"href":"https:\/\/www.lycee-valin.fr\/RJVALIN\/wp-json\/wp\/v2\/comments?post=7744"}],"version-history":[{"count":1,"href":"https:\/\/www.lycee-valin.fr\/RJVALIN\/wp-json\/wp\/v2\/posts\/7744\/revisions"}],"predecessor-version":[{"id":7745,"href":"https:\/\/www.lycee-valin.fr\/RJVALIN\/wp-json\/wp\/v2\/posts\/7744\/revisions\/7745"}],"wp:featuredmedia":[{"embeddable":true,"href":"https:\/\/www.lycee-valin.fr\/RJVALIN\/wp-json\/wp\/v2\/media\/7224"}],"wp:attachment":[{"href":"https:\/\/www.lycee-valin.fr\/RJVALIN\/wp-json\/wp\/v2\/media?parent=7744"}],"wp:term":[{"taxonomy":"category","embeddable":true,"href":"https:\/\/www.lycee-valin.fr\/RJVALIN\/wp-json\/wp\/v2\/categories?post=7744"},{"taxonomy":"post_tag","embeddable":true,"href":"https:\/\/www.lycee-valin.fr\/RJVALIN\/wp-json\/wp\/v2\/tags?post=7744"}],"curies":[{"name":"wp","href":"https:\/\/api.w.org\/{rel}","templated":true}]}}