{"id":7507,"date":"2025-04-09T16:16:56","date_gmt":"2025-04-09T14:16:56","guid":{"rendered":"https:\/\/www.lycee-valin.fr\/RJVALIN\/?p=7507"},"modified":"2025-04-09T16:28:47","modified_gmt":"2025-04-09T14:28:47","slug":"sortie-pedagogique-des-tst2s-a-bordeaux","status":"publish","type":"post","link":"https:\/\/www.lycee-valin.fr\/RJVALIN\/sortie-pedagogique-des-tst2s-a-bordeaux\/","title":{"rendered":"Sortie p\u00e9dagogique des TST2S \u00e0 Bordeaux"},"content":{"rendered":"\n<hr class=\"wp-block-separator has-alpha-channel-opacity\"\/>\n\n\n\n<p class=\"has-text-align-left\">Le jeudi 3 avril 2025, <strong>les \u00e9l\u00e8ves de Terminale ST2S <\/strong>ont eu l&#8217;occasion de visiter le <strong>mus\u00e9e National de l&#8217;Assurance maladie <\/strong>\u00e0<strong> <\/strong>Lormont dans le cadre de leur engagement sur les th\u00e9matiques de sant\u00e9 et de solidarit\u00e9.<\/p>\n\n\n\n<p class=\"has-text-align-left\">Cette sortie qui s&#8217;inscrit dans un<strong> projet p\u00e9dagogique men\u00e9 depuis deux ans<\/strong> a permis de renforcer leurs connaissances tout en leur offrant une exp\u00e9rience immersive enrichissante.<\/p>\n\n\n<div class=\"wp-block-image\">\n<figure class=\"aligncenter size-large\"><img fetchpriority=\"high\" decoding=\"async\" width=\"1024\" height=\"768\" src=\"https:\/\/www.lycee-valin.fr\/RJVALIN\/wp-content\/uploads\/2025\/04\/photo2-1024x768.jpg\" alt=\"\" class=\"wp-image-7508\" srcset=\"https:\/\/www.lycee-valin.fr\/RJVALIN\/wp-content\/uploads\/2025\/04\/photo2-1024x768.jpg 1024w, https:\/\/www.lycee-valin.fr\/RJVALIN\/wp-content\/uploads\/2025\/04\/photo2-300x225.jpg 300w, https:\/\/www.lycee-valin.fr\/RJVALIN\/wp-content\/uploads\/2025\/04\/photo2-768x576.jpg 768w, https:\/\/www.lycee-valin.fr\/RJVALIN\/wp-content\/uploads\/2025\/04\/photo2-1536x1152.jpg 1536w, https:\/\/www.lycee-valin.fr\/RJVALIN\/wp-content\/uploads\/2025\/04\/photo2.jpg 1600w\" sizes=\"(max-width: 1024px) 100vw, 1024px\" \/><\/figure>\n<\/div>\n\n\n<p>Les \u00e9l\u00e8ves accompagn\u00e9s de leurs enseignants ont eu la chance d&#8217;assister \u00e0 deux conf\u00e9rences lors de leur visite :<\/p>\n\n\n\n<ul class=\"wp-block-list\">\n<li>La premi\u00e8re,anim\u00e9e par l&#8217;<strong>association Adopt<\/strong>, a abord\u00e9 la question du don d&#8217;organes<\/li>\n\n\n\n<li>La seconde conf\u00e9rence, pr\u00e9sent\u00e9e par <strong>M\u00e9decins Sans Fronti\u00e8res<\/strong>, a mis en lumi\u00e8re les r\u00e9ponses face aux urgences sanitaires internationales.<\/li>\n<\/ul>\n\n\n\n<figure class=\"wp-block-gallery has-nested-images columns-default is-cropped wp-block-gallery-1 is-layout-flex wp-block-gallery-is-layout-flex\">\n<figure class=\"wp-block-image size-large\"><img decoding=\"async\" width=\"320\" height=\"240\" data-id=\"7513\" src=\"https:\/\/www.lycee-valin.fr\/RJVALIN\/wp-content\/uploads\/2025\/04\/IMG_5824-1-rotated.jpg\" alt=\"\" class=\"wp-image-7513\" srcset=\"https:\/\/www.lycee-valin.fr\/RJVALIN\/wp-content\/uploads\/2025\/04\/IMG_5824-1-rotated.jpg 320w, https:\/\/www.lycee-valin.fr\/RJVALIN\/wp-content\/uploads\/2025\/04\/IMG_5824-1-300x225.jpg 300w\" sizes=\"(max-width: 320px) 100vw, 320px\" \/><\/figure>\n\n\n\n<figure class=\"wp-block-image size-large\"><img decoding=\"async\" width=\"320\" height=\"240\" data-id=\"7512\" src=\"https:\/\/www.lycee-valin.fr\/RJVALIN\/wp-content\/uploads\/2025\/04\/IMG_5825-1-rotated.jpg\" alt=\"\" class=\"wp-image-7512\" srcset=\"https:\/\/www.lycee-valin.fr\/RJVALIN\/wp-content\/uploads\/2025\/04\/IMG_5825-1-rotated.jpg 320w, https:\/\/www.lycee-valin.fr\/RJVALIN\/wp-content\/uploads\/2025\/04\/IMG_5825-1-300x225.jpg 300w\" sizes=\"(max-width: 320px) 100vw, 320px\" \/><\/figure>\n<\/figure>\n\n\n\n<hr class=\"wp-block-separator has-alpha-channel-opacity\"\/>\n\n\n\n<p>L\u2019apr\u00e8s-midi, les \u00e9l\u00e8ves de Terminale ST2S ont particip\u00e9 \u00e0 un jeu de piste organis\u00e9 par <strong>Bordeaux Visites<\/strong>. <\/p>\n\n\n\n<p>Ce <strong>jeu de piste avait pour th\u00e8me central les questions environnementales en lien avec la sant\u00e9<\/strong> :  accompagn\u00e9s de leurs guides Maxime et Ariane, les \u00e9l\u00e8ves de TST2S ont explor\u00e9 les rues de Bordeaux tout en relevant des d\u00e9fis qui les ont amen\u00e9s \u00e0 r\u00e9fl\u00e9chir sur l&#8217;impact de l&#8217;environnement sur la sant\u00e9 publique. <\/p>\n\n\n\n<p>Ce jeu de piste interactif a non seulement permis aux participants de d\u00e9couvrir les richesses de la ville, mais aussi de sensibiliser les jeunes aux enjeux \u00e9cologiques actuels. Par le biais d&#8217;\u00e9nigmes et de questions, les \u00e9l\u00e8ves ont pu approfondir leur compr\u00e9hension des liens entre leur environnement et leur bien-\u00eatre, faisant de cette activit\u00e9 une exp\u00e9rience \u00e0 la fois \u00e9ducative et ludique.<\/p>\n\n\n<div class=\"wp-block-image\">\n<figure class=\"aligncenter size-full\"><img loading=\"lazy\" decoding=\"async\" width=\"847\" height=\"781\" src=\"https:\/\/www.lycee-valin.fr\/RJVALIN\/wp-content\/uploads\/2025\/04\/2025-04-09_162312.jpg\" alt=\"\" class=\"wp-image-7517\" srcset=\"https:\/\/www.lycee-valin.fr\/RJVALIN\/wp-content\/uploads\/2025\/04\/2025-04-09_162312.jpg 847w, https:\/\/www.lycee-valin.fr\/RJVALIN\/wp-content\/uploads\/2025\/04\/2025-04-09_162312-300x277.jpg 300w, https:\/\/www.lycee-valin.fr\/RJVALIN\/wp-content\/uploads\/2025\/04\/2025-04-09_162312-768x708.jpg 768w\" sizes=\"(max-width: 847px) 100vw, 847px\" \/><\/figure>\n<\/div>\n\n\n<p class=\"has-text-align-center\"><strong>Sandrine Roby pour l&#8217;\u00e9quipe ST2S<\/strong><\/p>\n\n\n\n<p><\/p>\n","protected":false},"excerpt":{"rendered":"<p>Le jeudi 3 avril 2025, les \u00e9l\u00e8ves de Terminale ST2S ont eu l&#8217;occasion de visiter le mus\u00e9e National de l&#8217;Assurance maladie \u00e0 Lormont dans le cadre de leur engagement sur les th\u00e9matiques de sant\u00e9 et <a class=\"more-link\" href=\"https:\/\/www.lycee-valin.fr\/RJVALIN\/sortie-pedagogique-des-tst2s-a-bordeaux\/\">Lire plus &#8230;<\/a><\/p>\n","protected":false},"author":5,"featured_media":7508,"comment_status":"closed","ping_status":"closed","sticky":false,"template":"","format":"standard","meta":{"footnotes":""},"categories":[120,82,115],"tags":[],"class_list":["post-7507","post","type-post","status-publish","format-standard","has-post-thumbnail","hentry","category-actions-et-evenements","category-sortie-pedagogique","category-st2s"],"_links":{"self":[{"href":"https:\/\/www.lycee-valin.fr\/RJVALIN\/wp-json\/wp\/v2\/posts\/7507","targetHints":{"allow":["GET"]}}],"collection":[{"href":"https:\/\/www.lycee-valin.fr\/RJVALIN\/wp-json\/wp\/v2\/posts"}],"about":[{"href":"https:\/\/www.lycee-valin.fr\/RJVALIN\/wp-json\/wp\/v2\/types\/post"}],"author":[{"embeddable":true,"href":"https:\/\/www.lycee-valin.fr\/RJVALIN\/wp-json\/wp\/v2\/users\/5"}],"replies":[{"embeddable":true,"href":"https:\/\/www.lycee-valin.fr\/RJVALIN\/wp-json\/wp\/v2\/comments?post=7507"}],"version-history":[{"count":4,"href":"https:\/\/www.lycee-valin.fr\/RJVALIN\/wp-json\/wp\/v2\/posts\/7507\/revisions"}],"predecessor-version":[{"id":7520,"href":"https:\/\/www.lycee-valin.fr\/RJVALIN\/wp-json\/wp\/v2\/posts\/7507\/revisions\/7520"}],"wp:featuredmedia":[{"embeddable":true,"href":"https:\/\/www.lycee-valin.fr\/RJVALIN\/wp-json\/wp\/v2\/media\/7508"}],"wp:attachment":[{"href":"https:\/\/www.lycee-valin.fr\/RJVALIN\/wp-json\/wp\/v2\/media?parent=7507"}],"wp:term":[{"taxonomy":"category","embeddable":true,"href":"https:\/\/www.lycee-valin.fr\/RJVALIN\/wp-json\/wp\/v2\/categories?post=7507"},{"taxonomy":"post_tag","embeddable":true,"href":"https:\/\/www.lycee-valin.fr\/RJVALIN\/wp-json\/wp\/v2\/tags?post=7507"}],"curies":[{"name":"wp","href":"https:\/\/api.w.org\/{rel}","templated":true}]}}