{"id":7451,"date":"2025-04-02T16:33:19","date_gmt":"2025-04-02T14:33:19","guid":{"rendered":"https:\/\/www.lycee-valin.fr\/RJVALIN\/?p=7451"},"modified":"2025-04-02T21:06:51","modified_gmt":"2025-04-02T19:06:51","slug":"soiree-astro-dapres-maia-hammad","status":"publish","type":"post","link":"https:\/\/www.lycee-valin.fr\/RJVALIN\/soiree-astro-dapres-maia-hammad\/","title":{"rendered":"Soir\u00e9e astro d&#8217;apr\u00e8s Maia Hammad"},"content":{"rendered":"\n<p>Mardi soir, le club AstroValin a organis\u00e9 une soir\u00e9e d&#8217;observation sous un ciel d\u00e9gag\u00e9, offrant des conditions id\u00e9ales. La Lune \u00e9tait spectaculaire avec ses crat\u00e8res bien visibles. Jupiter \u00e9tait \u00e0 couper le souffle. Nous avons \u00e9galement vu Mars, rouge brillant, tout comme la grandiose constellation Orion et sa c\u00e9l\u00e8bre n\u00e9buleuse, M42, que nous avons m\u00eame pu observ\u00e9e au t\u00e9lescope.<\/p>\n<p>Les visites de Capella, Sirius et les Pl\u00e9iades ont termin\u00e9 cette soir\u00e9e fantastique, laissant tout le monde avec des \u00e9toiles dans les yeux.<\/p>\n\n\n\n<p>Nous avons fait quelques photos.<\/p>\n\n\n\n<figure class=\"wp-block-gallery has-nested-images columns-default is-cropped wp-block-gallery-1 is-layout-flex wp-block-gallery-is-layout-flex\">\n<figure class=\"wp-block-image size-full\"><img fetchpriority=\"high\" decoding=\"async\" width=\"740\" height=\"687\" data-id=\"7464\" src=\"https:\/\/www.lycee-valin.fr\/RJVALIN\/wp-content\/uploads\/2025\/04\/lune_maia-2.png\" alt=\"\" class=\"wp-image-7464\" srcset=\"https:\/\/www.lycee-valin.fr\/RJVALIN\/wp-content\/uploads\/2025\/04\/lune_maia-2.png 740w, https:\/\/www.lycee-valin.fr\/RJVALIN\/wp-content\/uploads\/2025\/04\/lune_maia-2-300x279.png 300w\" sizes=\"(max-width: 740px) 100vw, 740px\" \/><\/figure>\n\n\n\n<figure class=\"wp-block-image size-large\"><img decoding=\"async\" width=\"589\" height=\"648\" data-id=\"7460\" src=\"https:\/\/www.lycee-valin.fr\/RJVALIN\/wp-content\/uploads\/2025\/04\/lumiere_cendree_maia-2.png\" alt=\"\" class=\"wp-image-7460\" srcset=\"https:\/\/www.lycee-valin.fr\/RJVALIN\/wp-content\/uploads\/2025\/04\/lumiere_cendree_maia-2.png 589w, https:\/\/www.lycee-valin.fr\/RJVALIN\/wp-content\/uploads\/2025\/04\/lumiere_cendree_maia-2-273x300.png 273w\" sizes=\"(max-width: 589px) 100vw, 589px\" \/><figcaption class=\"wp-element-caption\">Lumi\u00e8re cendr\u00e9e de Lune &#8211; et les Pl\u00e9iades \u00e0 droite<\/figcaption><\/figure>\n\n\n\n<figure class=\"wp-block-image size-full\"><img decoding=\"async\" width=\"375\" height=\"500\" data-id=\"7463\" src=\"https:\/\/www.lycee-valin.fr\/RJVALIN\/wp-content\/uploads\/2025\/04\/crateres_lune2-1.png\" alt=\"\" class=\"wp-image-7463\" srcset=\"https:\/\/www.lycee-valin.fr\/RJVALIN\/wp-content\/uploads\/2025\/04\/crateres_lune2-1.png 375w, https:\/\/www.lycee-valin.fr\/RJVALIN\/wp-content\/uploads\/2025\/04\/crateres_lune2-1-225x300.png 225w\" sizes=\"(max-width: 375px) 100vw, 375px\" \/><figcaption class=\"wp-element-caption\">Mer des crises<\/figcaption><\/figure>\n<\/figure>\n\n\n\n<p>Mme Lathi\u00e8re et Mme Humeau, ainsi que quelques \u00e9l\u00e8ves internes, sont venus partager quelques moments d&#8217;\u00e9merveillement.<\/p>\n\n\n\n<p>A la prochaine fois.  Maia Hammad (TG02)<\/p>\n\n\n\n<p><\/p>\n<div class='watch-action'><div class='watch-position align-left'><div class='action-like'><a class='lbg-style3 like-7451 jlk' href='javascript:void(0)' data-task='like' data-post_id='7451' data-nonce='f16c07c12c' rel='nofollow'><img class='wti-pixel' src='https:\/\/www.lycee-valin.fr\/RJVALIN\/wp-content\/plugins\/wti-like-post\/images\/pixel.gif' title='j&#039;aime' \/><span class='lc-7451 lc'>3<\/span><\/a><\/div><\/div> <div class='status-7451 status align-left'><\/div><\/div><div class='wti-clear'><\/div>","protected":false},"excerpt":{"rendered":"<p>Mardi soir, le club AstroValin a organis\u00e9 une soir\u00e9e d&#8217;observation sous un ciel d\u00e9gag\u00e9, offrant des conditions id\u00e9ales. La Lune \u00e9tait spectaculaire avec ses crat\u00e8res bien visibles. Jupiter \u00e9tait \u00e0 couper le souffle. Nous avons <a class=\"more-link\" href=\"https:\/\/www.lycee-valin.fr\/RJVALIN\/soiree-astro-dapres-maia-hammad\/\">Lire plus &#8230;<\/a><\/p>\n","protected":false},"author":20,"featured_media":7467,"comment_status":"closed","ping_status":"closed","sticky":false,"template":"","format":"standard","meta":{"footnotes":""},"categories":[120,200],"tags":[],"class_list":["post-7451","post","type-post","status-publish","format-standard","has-post-thumbnail","hentry","category-actions-et-evenements","category-astro"],"_links":{"self":[{"href":"https:\/\/www.lycee-valin.fr\/RJVALIN\/wp-json\/wp\/v2\/posts\/7451","targetHints":{"allow":["GET"]}}],"collection":[{"href":"https:\/\/www.lycee-valin.fr\/RJVALIN\/wp-json\/wp\/v2\/posts"}],"about":[{"href":"https:\/\/www.lycee-valin.fr\/RJVALIN\/wp-json\/wp\/v2\/types\/post"}],"author":[{"embeddable":true,"href":"https:\/\/www.lycee-valin.fr\/RJVALIN\/wp-json\/wp\/v2\/users\/20"}],"replies":[{"embeddable":true,"href":"https:\/\/www.lycee-valin.fr\/RJVALIN\/wp-json\/wp\/v2\/comments?post=7451"}],"version-history":[{"count":8,"href":"https:\/\/www.lycee-valin.fr\/RJVALIN\/wp-json\/wp\/v2\/posts\/7451\/revisions"}],"predecessor-version":[{"id":7468,"href":"https:\/\/www.lycee-valin.fr\/RJVALIN\/wp-json\/wp\/v2\/posts\/7451\/revisions\/7468"}],"wp:featuredmedia":[{"embeddable":true,"href":"https:\/\/www.lycee-valin.fr\/RJVALIN\/wp-json\/wp\/v2\/media\/7467"}],"wp:attachment":[{"href":"https:\/\/www.lycee-valin.fr\/RJVALIN\/wp-json\/wp\/v2\/media?parent=7451"}],"wp:term":[{"taxonomy":"category","embeddable":true,"href":"https:\/\/www.lycee-valin.fr\/RJVALIN\/wp-json\/wp\/v2\/categories?post=7451"},{"taxonomy":"post_tag","embeddable":true,"href":"https:\/\/www.lycee-valin.fr\/RJVALIN\/wp-json\/wp\/v2\/tags?post=7451"}],"curies":[{"name":"wp","href":"https:\/\/api.w.org\/{rel}","templated":true}]}}