{"id":7364,"date":"2025-03-21T16:44:17","date_gmt":"2025-03-21T15:44:17","guid":{"rendered":"https:\/\/www.lycee-valin.fr\/RJVALIN\/?p=7364"},"modified":"2025-03-22T18:33:17","modified_gmt":"2025-03-22T17:33:17","slug":"immersion-au-coeur-de-lindustrie-cosmetique-deux-sevrienne-une-journee-inspirante-pour-les-bts-1-mecp","status":"publish","type":"post","link":"https:\/\/www.lycee-valin.fr\/RJVALIN\/immersion-au-coeur-de-lindustrie-cosmetique-deux-sevrienne-une-journee-inspirante-pour-les-bts-1-mecp\/","title":{"rendered":"Immersion au c\u0153ur de l&#8217;industrie cosm\u00e9tique deux-s\u00e9vrienne: une journ\u00e9e inspirante pour les BTS 1 MECP"},"content":{"rendered":"\n<p>Les \u00e9tudiantes de premi\u00e8re ann\u00e9e de BTS MECP (M\u00e9tiers de l&#8217;Esth\u00e9tique, de la Cosm\u00e9tique et de la Parfumerie) du lyc\u00e9e ont eu l&#8217;opportunit\u00e9 de participer \u00e0 une sortie p\u00e9dagogique au c\u0153ur de l&#8217;industrie cosm\u00e9tique dans les Deux-S\u00e8vres. Cette journ\u00e9e a \u00e9t\u00e9 rythm\u00e9e par la visite de deux entreprises phares du secteur : Rivadis et Sciences et Nature.<\/p>\n\n\n\n<p><strong>D\u00e9couverte des coulisses de la formulation cosm\u00e9tique chez Rivadis<\/strong><\/p>\n\n\n\n<p>La matin\u00e9e a d\u00e9but\u00e9 par une immersion dans l\u2019univers de la recherche et du d\u00e9veloppement chez Rivadis, une entreprise reconnue pour son expertise en formulation cosm\u00e9tique. Les \u00e9tudiantes ont pu d\u00e9couvrir les ateliers de production, le laboratoire de R&amp;D et de formulation. Cette visite leur a permis de mieux comprendre les \u00e9tapes de conception des soins et l&#8217;importance de l&#8217;innovation dans l&#8217;industrie cosm\u00e9tique.<\/p>\n\n\n\n<div class=\"wp-block-group\"><div class=\"wp-block-group__inner-container is-layout-constrained wp-block-group-is-layout-constrained\">\n<div class=\"wp-block-columns is-layout-flex wp-container-core-columns-is-layout-9d6595d7 wp-block-columns-is-layout-flex\">\n<div class=\"wp-block-column is-layout-flow wp-block-column-is-layout-flow\" style=\"flex-basis:100%\">\n<div class=\"wp-block-group is-vertical is-layout-flex wp-container-core-group-is-layout-8cf370e7 wp-block-group-is-layout-flex\">\n<div class=\"wp-block-columns is-layout-flex wp-container-core-columns-is-layout-9d6595d7 wp-block-columns-is-layout-flex\">\n<div class=\"wp-block-column is-layout-flow wp-block-column-is-layout-flow\" style=\"flex-basis:100%\">\n<div class=\"wp-block-group\"><div class=\"wp-block-group__inner-container is-layout-constrained wp-block-group-is-layout-constrained\">\n<div class=\"wp-block-columns is-layout-flex wp-container-core-columns-is-layout-9d6595d7 wp-block-columns-is-layout-flex\">\n<div class=\"wp-block-column is-layout-flow wp-block-column-is-layout-flow\" style=\"flex-basis:100%\">\n<figure class=\"wp-block-gallery has-nested-images columns-2 is-cropped wp-block-gallery-1 is-layout-flex wp-block-gallery-is-layout-flex\">\n<figure class=\"wp-block-image size-large\"><img fetchpriority=\"high\" decoding=\"async\" width=\"1024\" height=\"462\" data-id=\"7366\" src=\"https:\/\/www.lycee-valin.fr\/RJVALIN\/wp-content\/uploads\/2025\/03\/20250319_111328-1024x462.jpg\" alt=\"\" class=\"wp-image-7366\" srcset=\"https:\/\/www.lycee-valin.fr\/RJVALIN\/wp-content\/uploads\/2025\/03\/20250319_111328-1024x462.jpg 1024w, https:\/\/www.lycee-valin.fr\/RJVALIN\/wp-content\/uploads\/2025\/03\/20250319_111328-300x135.jpg 300w, https:\/\/www.lycee-valin.fr\/RJVALIN\/wp-content\/uploads\/2025\/03\/20250319_111328-768x346.jpg 768w, https:\/\/www.lycee-valin.fr\/RJVALIN\/wp-content\/uploads\/2025\/03\/20250319_111328-1536x692.jpg 1536w, https:\/\/www.lycee-valin.fr\/RJVALIN\/wp-content\/uploads\/2025\/03\/20250319_111328-2048x923.jpg 2048w\" sizes=\"(max-width: 1024px) 100vw, 1024px\" \/><\/figure>\n\n\n\n<figure class=\"wp-block-image size-large\"><img decoding=\"async\" width=\"1024\" height=\"462\" data-id=\"7367\" src=\"https:\/\/www.lycee-valin.fr\/RJVALIN\/wp-content\/uploads\/2025\/03\/20250319_102106-1024x462.jpg\" alt=\"\" class=\"wp-image-7367\" srcset=\"https:\/\/www.lycee-valin.fr\/RJVALIN\/wp-content\/uploads\/2025\/03\/20250319_102106-1024x462.jpg 1024w, https:\/\/www.lycee-valin.fr\/RJVALIN\/wp-content\/uploads\/2025\/03\/20250319_102106-300x135.jpg 300w, https:\/\/www.lycee-valin.fr\/RJVALIN\/wp-content\/uploads\/2025\/03\/20250319_102106-768x346.jpg 768w, https:\/\/www.lycee-valin.fr\/RJVALIN\/wp-content\/uploads\/2025\/03\/20250319_102106-1536x692.jpg 1536w, https:\/\/www.lycee-valin.fr\/RJVALIN\/wp-content\/uploads\/2025\/03\/20250319_102106-2048x923.jpg 2048w\" sizes=\"(max-width: 1024px) 100vw, 1024px\" \/><\/figure>\n\n\n\n<figure class=\"wp-block-image size-large\"><img decoding=\"async\" width=\"1024\" height=\"462\" data-id=\"7369\" src=\"https:\/\/www.lycee-valin.fr\/RJVALIN\/wp-content\/uploads\/2025\/03\/20250319_105756-1024x462.jpg\" alt=\"\" class=\"wp-image-7369\" srcset=\"https:\/\/www.lycee-valin.fr\/RJVALIN\/wp-content\/uploads\/2025\/03\/20250319_105756-1024x462.jpg 1024w, https:\/\/www.lycee-valin.fr\/RJVALIN\/wp-content\/uploads\/2025\/03\/20250319_105756-300x135.jpg 300w, https:\/\/www.lycee-valin.fr\/RJVALIN\/wp-content\/uploads\/2025\/03\/20250319_105756-768x346.jpg 768w, https:\/\/www.lycee-valin.fr\/RJVALIN\/wp-content\/uploads\/2025\/03\/20250319_105756-1536x692.jpg 1536w, https:\/\/www.lycee-valin.fr\/RJVALIN\/wp-content\/uploads\/2025\/03\/20250319_105756-2048x923.jpg 2048w\" sizes=\"(max-width: 1024px) 100vw, 1024px\" \/><\/figure>\n\n\n\n<figure class=\"wp-block-image size-large is-style-default\"><img loading=\"lazy\" decoding=\"async\" width=\"1024\" height=\"462\" data-id=\"7370\" src=\"https:\/\/www.lycee-valin.fr\/RJVALIN\/wp-content\/uploads\/2025\/03\/20250319_111316-1024x462.jpg\" alt=\"\" class=\"wp-image-7370\" srcset=\"https:\/\/www.lycee-valin.fr\/RJVALIN\/wp-content\/uploads\/2025\/03\/20250319_111316-1024x462.jpg 1024w, https:\/\/www.lycee-valin.fr\/RJVALIN\/wp-content\/uploads\/2025\/03\/20250319_111316-300x135.jpg 300w, https:\/\/www.lycee-valin.fr\/RJVALIN\/wp-content\/uploads\/2025\/03\/20250319_111316-768x346.jpg 768w, https:\/\/www.lycee-valin.fr\/RJVALIN\/wp-content\/uploads\/2025\/03\/20250319_111316-1536x692.jpg 1536w, https:\/\/www.lycee-valin.fr\/RJVALIN\/wp-content\/uploads\/2025\/03\/20250319_111316-2048x923.jpg 2048w\" sizes=\"(max-width: 1024px) 100vw, 1024px\" \/><\/figure>\n<\/figure>\n<\/div>\n<\/div>\n\n\n\n<div class=\"wp-block-columns is-layout-flex wp-container-core-columns-is-layout-9d6595d7 wp-block-columns-is-layout-flex\">\n<div class=\"wp-block-column is-layout-flow wp-block-column-is-layout-flow\"><\/div>\n<\/div>\n<\/div><\/div>\n<\/div>\n<\/div>\n<\/div>\n<\/div>\n<\/div>\n<\/div><\/div>\n\n\n\n<p><strong>Ateliers interactifs autour des parfums et des ingr\u00e9dients cosm\u00e9tiques<\/strong><\/p>\n\n\n\n<p>Apr\u00e8s une rapide pause d\u00e9jeuner, les \u00e9tudiantes ont poursuivi leur journ\u00e9e chez Sciences et Nature. Cette entreprise, \u00e0 la base familiale est implant\u00e9e sur un site naturel splendide, propice au bien-\u00eatre et en parfaite ad\u00e9quation avec ses valeurs. Au programme : visite de la zone de production et des laboratoires, puis elles ont ou participer \u00e0 des ateliers interactifs sur les parfums et les constituants des produits cosm\u00e9tiques. Ces activit\u00e9s ont \u00e9t\u00e9 l\u2019occasion pour elles de manipuler diff\u00e9rentes mati\u00e8res premi\u00e8res, d\u2019analyser des compositions olfactives et d\u2019approfondir leurs connaissances sur les ingr\u00e9dients cl\u00e9s des formules cosm\u00e9tiques.<\/p>\n\n\n\n<div class=\"wp-block-columns is-layout-flex wp-container-core-columns-is-layout-9d6595d7 wp-block-columns-is-layout-flex\">\n<div class=\"wp-block-column is-layout-flow wp-block-column-is-layout-flow\" style=\"flex-basis:100%\">\n<figure class=\"wp-block-gallery has-nested-images columns-2 is-cropped wp-block-gallery-2 is-layout-flex wp-block-gallery-is-layout-flex\">\n<figure class=\"wp-block-image size-large\"><img loading=\"lazy\" decoding=\"async\" width=\"1024\" height=\"462\" data-id=\"7375\" src=\"https:\/\/www.lycee-valin.fr\/RJVALIN\/wp-content\/uploads\/2025\/03\/20250319_150014-1-1024x462.jpg\" alt=\"\" class=\"wp-image-7375\" srcset=\"https:\/\/www.lycee-valin.fr\/RJVALIN\/wp-content\/uploads\/2025\/03\/20250319_150014-1-1024x462.jpg 1024w, https:\/\/www.lycee-valin.fr\/RJVALIN\/wp-content\/uploads\/2025\/03\/20250319_150014-1-300x135.jpg 300w, https:\/\/www.lycee-valin.fr\/RJVALIN\/wp-content\/uploads\/2025\/03\/20250319_150014-1-768x346.jpg 768w, https:\/\/www.lycee-valin.fr\/RJVALIN\/wp-content\/uploads\/2025\/03\/20250319_150014-1-1536x692.jpg 1536w, https:\/\/www.lycee-valin.fr\/RJVALIN\/wp-content\/uploads\/2025\/03\/20250319_150014-1-2048x923.jpg 2048w\" sizes=\"(max-width: 1024px) 100vw, 1024px\" \/><\/figure>\n\n\n\n<figure class=\"wp-block-image size-large\"><img loading=\"lazy\" decoding=\"async\" width=\"1024\" height=\"462\" data-id=\"7376\" src=\"https:\/\/www.lycee-valin.fr\/RJVALIN\/wp-content\/uploads\/2025\/03\/20250319_150153-1-1024x462.jpg\" alt=\"\" class=\"wp-image-7376\" srcset=\"https:\/\/www.lycee-valin.fr\/RJVALIN\/wp-content\/uploads\/2025\/03\/20250319_150153-1-1024x462.jpg 1024w, https:\/\/www.lycee-valin.fr\/RJVALIN\/wp-content\/uploads\/2025\/03\/20250319_150153-1-300x135.jpg 300w, https:\/\/www.lycee-valin.fr\/RJVALIN\/wp-content\/uploads\/2025\/03\/20250319_150153-1-768x346.jpg 768w, https:\/\/www.lycee-valin.fr\/RJVALIN\/wp-content\/uploads\/2025\/03\/20250319_150153-1-1536x692.jpg 1536w, https:\/\/www.lycee-valin.fr\/RJVALIN\/wp-content\/uploads\/2025\/03\/20250319_150153-1-2048x923.jpg 2048w\" sizes=\"(max-width: 1024px) 100vw, 1024px\" \/><\/figure>\n\n\n\n<figure class=\"wp-block-image size-large\"><img loading=\"lazy\" decoding=\"async\" width=\"1024\" height=\"462\" data-id=\"7377\" src=\"https:\/\/www.lycee-valin.fr\/RJVALIN\/wp-content\/uploads\/2025\/03\/20250319_160938-1-1024x462.jpg\" alt=\"\" class=\"wp-image-7377\" srcset=\"https:\/\/www.lycee-valin.fr\/RJVALIN\/wp-content\/uploads\/2025\/03\/20250319_160938-1-1024x462.jpg 1024w, https:\/\/www.lycee-valin.fr\/RJVALIN\/wp-content\/uploads\/2025\/03\/20250319_160938-1-300x135.jpg 300w, https:\/\/www.lycee-valin.fr\/RJVALIN\/wp-content\/uploads\/2025\/03\/20250319_160938-1-768x346.jpg 768w, https:\/\/www.lycee-valin.fr\/RJVALIN\/wp-content\/uploads\/2025\/03\/20250319_160938-1-1536x692.jpg 1536w, https:\/\/www.lycee-valin.fr\/RJVALIN\/wp-content\/uploads\/2025\/03\/20250319_160938-1-2048x923.jpg 2048w\" sizes=\"(max-width: 1024px) 100vw, 1024px\" \/><\/figure>\n\n\n\n<figure class=\"wp-block-image size-large\"><img loading=\"lazy\" decoding=\"async\" width=\"1024\" height=\"462\" data-id=\"7378\" src=\"https:\/\/www.lycee-valin.fr\/RJVALIN\/wp-content\/uploads\/2025\/03\/20250319_161528-1-1024x462.jpg\" alt=\"\" class=\"wp-image-7378\" srcset=\"https:\/\/www.lycee-valin.fr\/RJVALIN\/wp-content\/uploads\/2025\/03\/20250319_161528-1-1024x462.jpg 1024w, https:\/\/www.lycee-valin.fr\/RJVALIN\/wp-content\/uploads\/2025\/03\/20250319_161528-1-300x135.jpg 300w, https:\/\/www.lycee-valin.fr\/RJVALIN\/wp-content\/uploads\/2025\/03\/20250319_161528-1-768x346.jpg 768w, https:\/\/www.lycee-valin.fr\/RJVALIN\/wp-content\/uploads\/2025\/03\/20250319_161528-1-1536x692.jpg 1536w, https:\/\/www.lycee-valin.fr\/RJVALIN\/wp-content\/uploads\/2025\/03\/20250319_161528-1-2048x923.jpg 2048w\" sizes=\"(max-width: 1024px) 100vw, 1024px\" \/><\/figure>\n\n\n\n<figure class=\"wp-block-image size-large\"><img loading=\"lazy\" decoding=\"async\" width=\"1024\" height=\"462\" data-id=\"7380\" src=\"https:\/\/www.lycee-valin.fr\/RJVALIN\/wp-content\/uploads\/2025\/03\/20250319_150815-1024x462.jpg\" alt=\"\" class=\"wp-image-7380\" srcset=\"https:\/\/www.lycee-valin.fr\/RJVALIN\/wp-content\/uploads\/2025\/03\/20250319_150815-1024x462.jpg 1024w, https:\/\/www.lycee-valin.fr\/RJVALIN\/wp-content\/uploads\/2025\/03\/20250319_150815-300x135.jpg 300w, https:\/\/www.lycee-valin.fr\/RJVALIN\/wp-content\/uploads\/2025\/03\/20250319_150815-768x346.jpg 768w, https:\/\/www.lycee-valin.fr\/RJVALIN\/wp-content\/uploads\/2025\/03\/20250319_150815-1536x692.jpg 1536w, https:\/\/www.lycee-valin.fr\/RJVALIN\/wp-content\/uploads\/2025\/03\/20250319_150815-2048x923.jpg 2048w\" sizes=\"(max-width: 1024px) 100vw, 1024px\" \/><\/figure>\n\n\n\n<figure class=\"wp-block-image size-large\"><img loading=\"lazy\" decoding=\"async\" width=\"1024\" height=\"462\" data-id=\"7381\" src=\"https:\/\/www.lycee-valin.fr\/RJVALIN\/wp-content\/uploads\/2025\/03\/20250319_150827-1024x462.jpg\" alt=\"\" class=\"wp-image-7381\" srcset=\"https:\/\/www.lycee-valin.fr\/RJVALIN\/wp-content\/uploads\/2025\/03\/20250319_150827-1024x462.jpg 1024w, https:\/\/www.lycee-valin.fr\/RJVALIN\/wp-content\/uploads\/2025\/03\/20250319_150827-300x135.jpg 300w, https:\/\/www.lycee-valin.fr\/RJVALIN\/wp-content\/uploads\/2025\/03\/20250319_150827-768x346.jpg 768w, https:\/\/www.lycee-valin.fr\/RJVALIN\/wp-content\/uploads\/2025\/03\/20250319_150827-1536x692.jpg 1536w, https:\/\/www.lycee-valin.fr\/RJVALIN\/wp-content\/uploads\/2025\/03\/20250319_150827-2048x923.jpg 2048w\" sizes=\"(max-width: 1024px) 100vw, 1024px\" \/><\/figure>\n<\/figure>\n<\/div>\n<\/div>\n\n\n\n<p class=\"has-blue-color has-text-color has-link-color wp-elements-56e8068e76b5b6b4eee992e572bb9212\">Cette sortie a \u00e9t\u00e9 une exp\u00e9rience particuli\u00e8rement enrichissante pour les \u00e9tudiantes, leur offrant un aper\u00e7u concret des m\u00e9tiers li\u00e9s \u00e0 la cosm\u00e9tique et renfor\u00e7ant les enseignements th\u00e9oriques dispens\u00e9s en cours. Un grand merci aux entreprises Rivadis et Sciences et Nature pour leur accueil et leur partage de connaissances !<\/p>\n\n\n\n<p><\/p>\n","protected":false},"excerpt":{"rendered":"<p>Les \u00e9tudiantes de premi\u00e8re ann\u00e9e de BTS MECP (M\u00e9tiers de l&#8217;Esth\u00e9tique, de la Cosm\u00e9tique et de la Parfumerie) du lyc\u00e9e ont eu l&#8217;opportunit\u00e9 de participer \u00e0 une sortie p\u00e9dagogique au c\u0153ur de l&#8217;industrie cosm\u00e9tique dans <a class=\"more-link\" href=\"https:\/\/www.lycee-valin.fr\/RJVALIN\/immersion-au-coeur-de-lindustrie-cosmetique-deux-sevrienne-une-journee-inspirante-pour-les-bts-1-mecp\/\">Lire plus &#8230;<\/a><\/p>\n","protected":false},"author":53,"featured_media":7370,"comment_status":"closed","ping_status":"closed","sticky":false,"template":"","format":"standard","meta":{"footnotes":""},"categories":[120,81,1,82],"tags":[],"class_list":["post-7364","post","type-post","status-publish","format-standard","has-post-thumbnail","hentry","category-actions-et-evenements","category-bts-mecp","category-non-classe","category-sortie-pedagogique"],"_links":{"self":[{"href":"https:\/\/www.lycee-valin.fr\/RJVALIN\/wp-json\/wp\/v2\/posts\/7364","targetHints":{"allow":["GET"]}}],"collection":[{"href":"https:\/\/www.lycee-valin.fr\/RJVALIN\/wp-json\/wp\/v2\/posts"}],"about":[{"href":"https:\/\/www.lycee-valin.fr\/RJVALIN\/wp-json\/wp\/v2\/types\/post"}],"author":[{"embeddable":true,"href":"https:\/\/www.lycee-valin.fr\/RJVALIN\/wp-json\/wp\/v2\/users\/53"}],"replies":[{"embeddable":true,"href":"https:\/\/www.lycee-valin.fr\/RJVALIN\/wp-json\/wp\/v2\/comments?post=7364"}],"version-history":[{"count":6,"href":"https:\/\/www.lycee-valin.fr\/RJVALIN\/wp-json\/wp\/v2\/posts\/7364\/revisions"}],"predecessor-version":[{"id":7387,"href":"https:\/\/www.lycee-valin.fr\/RJVALIN\/wp-json\/wp\/v2\/posts\/7364\/revisions\/7387"}],"wp:featuredmedia":[{"embeddable":true,"href":"https:\/\/www.lycee-valin.fr\/RJVALIN\/wp-json\/wp\/v2\/media\/7370"}],"wp:attachment":[{"href":"https:\/\/www.lycee-valin.fr\/RJVALIN\/wp-json\/wp\/v2\/media?parent=7364"}],"wp:term":[{"taxonomy":"category","embeddable":true,"href":"https:\/\/www.lycee-valin.fr\/RJVALIN\/wp-json\/wp\/v2\/categories?post=7364"},{"taxonomy":"post_tag","embeddable":true,"href":"https:\/\/www.lycee-valin.fr\/RJVALIN\/wp-json\/wp\/v2\/tags?post=7364"}],"curies":[{"name":"wp","href":"https:\/\/api.w.org\/{rel}","templated":true}]}}