{"id":6994,"date":"2025-01-17T10:13:55","date_gmt":"2025-01-17T09:13:55","guid":{"rendered":"https:\/\/www.lycee-valin.fr\/RJVALIN\/?p=6994"},"modified":"2025-01-17T10:41:30","modified_gmt":"2025-01-17T09:41:30","slug":"les-bts1-bioalc-visitent-la-grande-step-de-la-rochelle","status":"publish","type":"post","link":"https:\/\/www.lycee-valin.fr\/RJVALIN\/les-bts1-bioalc-visitent-la-grande-step-de-la-rochelle\/","title":{"rendered":"Les BTS1 BioALC visitent la grande STEP de La Rochelle"},"content":{"rendered":"\n<hr class=\"wp-block-separator has-alpha-channel-opacity\"\/>\n\n\n\n<p><strong>Les \u00e9tudiant.e.s<\/strong> du <a href=\"https:\/\/www.linkedin.com\/company\/bts-bioanalyses-en-laboratoire-de-contr%C3%B4le-du-lyc%C3%A9e-valin-%C3%A0-la-rochelle\/\">BTS Bioanalyses en Laboratoire de Contr\u00f4le du lyc\u00e9e Valin \u00e0 La Rochelle<\/a> ont visit\u00e9 aujourd&#8217;hui <strong>la grande STEP &#8211; site de Port Neuf.<\/strong><br>Les diff\u00e9rentes \u00e9tapes de l&#8217;assainissement de l&#8217;eau ont ete expliqu\u00e9es <em>in situ <\/em>et de mani\u00e8re remarquable par <a href=\"https:\/\/www.linkedin.com\/in\/ACoAAB91cD0Bjhycn4svXM8LZ7I9yoWDD0eobbU\"><\/a><strong>J\u00e9r\u00f4me PABUT, responsable d&#8217;exploitations des stations d&#8217;\u00e9puration des eaux us\u00e9es de La Rochelle Agglo<\/strong>.<br>Beaucoup d&#8217;\u00e9changes pertinents avec nos etudiant.e.s impliqu\u00e9.e.s dans le <a href=\"https:\/\/www.lycee-valin.fr\/RJVALIN\/bts-bioanalyses-en-laboratoire-de-controle\/\" data-type=\"link\" data-id=\"https:\/\/www.lycee-valin.fr\/RJVALIN\/bts-bioanalyses-en-laboratoire-de-controle\/\">Bloc 4 de leur BTS.<\/a><br>Nous avons eu le plaisir d&#8217;accompagner cette visite avec <a href=\"https:\/\/www.linkedin.com\/in\/ACoAAAz5EScBGnD08vcn7cjcHvjApwLQTsq45fU\"><\/a>R\u00e9mi Letrou, Professeur de Philosophie et d&#8217;Humanit\u00e9s Scientifiques.<\/p>\n\n\n\n<hr class=\"wp-block-separator has-alpha-channel-opacity\"\/>\n\n\n\n<figure class=\"wp-block-image size-large\"><img fetchpriority=\"high\" decoding=\"async\" width=\"950\" height=\"1024\" src=\"https:\/\/www.lycee-valin.fr\/RJVALIN\/wp-content\/uploads\/2025\/01\/1736871281128-1-950x1024.jpg\" alt=\"\" class=\"wp-image-7005\" srcset=\"https:\/\/www.lycee-valin.fr\/RJVALIN\/wp-content\/uploads\/2025\/01\/1736871281128-1-950x1024.jpg 950w, https:\/\/www.lycee-valin.fr\/RJVALIN\/wp-content\/uploads\/2025\/01\/1736871281128-1-278x300.jpg 278w, https:\/\/www.lycee-valin.fr\/RJVALIN\/wp-content\/uploads\/2025\/01\/1736871281128-1-768x828.jpg 768w, https:\/\/www.lycee-valin.fr\/RJVALIN\/wp-content\/uploads\/2025\/01\/1736871281128-1.jpg 1080w\" sizes=\"(max-width: 950px) 100vw, 950px\" \/><\/figure>\n\n\n\n<hr class=\"wp-block-separator has-alpha-channel-opacity\"\/>\n\n\n\n<p>Nos<strong> 24 \u00e9tudiant.e.s<\/strong> ont donc eu la chance de visiter cette grande Station d\u2019\u00e9puration sure le site de Port Neuf \u00e0 La Rochelle.<\/p>\n\n\n\n<p>Pendant deux heures 30, ils ont explor\u00e9 les diff\u00e9rentes \u00e9tapes du traitement des eaux us\u00e9es, avec un focus particulier sur les nombreux contr\u00f4les qualit\u00e9 r\u00e9alis\u00e9s \u00e0 chaque phase. Cette premi\u00e8re immersion a offert un aper\u00e7u concret des enjeux techniques qu\u2019ils pourront rencontrer dans leur futur m\u00e9tier.<\/p>\n\n\n\n<figure class=\"wp-block-embed is-type-video is-provider-youtube wp-block-embed-youtube wp-embed-aspect-16-9 wp-has-aspect-ratio\"><div class=\"wp-block-embed__wrapper\">\n<iframe title=\"Le traitement des eaux us\u00e9es - CdA La Rochelle\" width=\"540\" height=\"304\" src=\"https:\/\/www.youtube.com\/embed\/ifZz8UceTC8?feature=oembed\" frameborder=\"0\" allow=\"accelerometer; autoplay; clipboard-write; encrypted-media; gyroscope; picture-in-picture; web-share\" referrerpolicy=\"strict-origin-when-cross-origin\" allowfullscreen><\/iframe>\n<\/div><\/figure>\n\n\n\n<p>Cette sortie p\u00e9dagogique s\u2019inscrit dans une d\u00e9marche plus large, en vue d\u2019une seconde visite programm\u00e9e le 21 janvier, cette fois au sein de l\u2019entreprise <strong>QUALYSE<\/strong> \u00e0 La Rochelle. L\u2019objectif est de leur permettre d\u2019appr\u00e9hender les pratiques de contr\u00f4le qualit\u00e9 dans divers secteurs industriels et de mieux comprendre les d\u00e9fis environnementaux et technologiques actuels.<\/p>\n\n\n\n<p><strong>Un grand merci encore \u00e0 J\u00e9r\u00f4me Pabut<\/strong> pour cette exp\u00e9rience enrichissante, qui contribue \u00e0 renforcer les comp\u00e9tences de nos \u00e9tudiants et \u00e0 les pr\u00e9parer \u00e0 leur avenir dans le domaine du contr\u00f4le en laboratoire.<\/p>\n\n\n\n<hr class=\"wp-block-separator has-alpha-channel-opacity\"\/>\n\n\n\n<figure class=\"wp-block-gallery has-nested-images columns-default is-cropped wp-block-gallery-1 is-layout-flex wp-block-gallery-is-layout-flex\">\n<figure class=\"wp-block-image size-large\"><img decoding=\"async\" width=\"1024\" height=\"768\" data-id=\"6997\" src=\"https:\/\/www.lycee-valin.fr\/RJVALIN\/wp-content\/uploads\/2025\/01\/1736871318059-1024x768.jpg\" alt=\"\" class=\"wp-image-6997\" srcset=\"https:\/\/www.lycee-valin.fr\/RJVALIN\/wp-content\/uploads\/2025\/01\/1736871318059-1024x768.jpg 1024w, https:\/\/www.lycee-valin.fr\/RJVALIN\/wp-content\/uploads\/2025\/01\/1736871318059-300x225.jpg 300w, https:\/\/www.lycee-valin.fr\/RJVALIN\/wp-content\/uploads\/2025\/01\/1736871318059-768x576.jpg 768w, https:\/\/www.lycee-valin.fr\/RJVALIN\/wp-content\/uploads\/2025\/01\/1736871318059-1536x1152.jpg 1536w, https:\/\/www.lycee-valin.fr\/RJVALIN\/wp-content\/uploads\/2025\/01\/1736871318059.jpg 2048w\" sizes=\"(max-width: 1024px) 100vw, 1024px\" \/><\/figure>\n\n\n\n<figure class=\"wp-block-image size-full\"><img decoding=\"async\" width=\"2048\" height=\"1536\" data-id=\"7000\" src=\"https:\/\/www.lycee-valin.fr\/RJVALIN\/wp-content\/uploads\/2025\/01\/1736871321077.jpg\" alt=\"\" class=\"wp-image-7000\" srcset=\"https:\/\/www.lycee-valin.fr\/RJVALIN\/wp-content\/uploads\/2025\/01\/1736871321077.jpg 2048w, https:\/\/www.lycee-valin.fr\/RJVALIN\/wp-content\/uploads\/2025\/01\/1736871321077-300x225.jpg 300w, https:\/\/www.lycee-valin.fr\/RJVALIN\/wp-content\/uploads\/2025\/01\/1736871321077-1024x768.jpg 1024w, https:\/\/www.lycee-valin.fr\/RJVALIN\/wp-content\/uploads\/2025\/01\/1736871321077-768x576.jpg 768w, https:\/\/www.lycee-valin.fr\/RJVALIN\/wp-content\/uploads\/2025\/01\/1736871321077-1536x1152.jpg 1536w\" sizes=\"(max-width: 2048px) 100vw, 2048px\" \/><\/figure>\n\n\n\n<figure class=\"wp-block-image size-large\"><img loading=\"lazy\" decoding=\"async\" width=\"768\" height=\"1024\" data-id=\"7001\" src=\"https:\/\/www.lycee-valin.fr\/RJVALIN\/wp-content\/uploads\/2025\/01\/1736871295327-768x1024.jpg\" alt=\"\" class=\"wp-image-7001\" srcset=\"https:\/\/www.lycee-valin.fr\/RJVALIN\/wp-content\/uploads\/2025\/01\/1736871295327-768x1024.jpg 768w, https:\/\/www.lycee-valin.fr\/RJVALIN\/wp-content\/uploads\/2025\/01\/1736871295327-225x300.jpg 225w, https:\/\/www.lycee-valin.fr\/RJVALIN\/wp-content\/uploads\/2025\/01\/1736871295327-1152x1536.jpg 1152w, https:\/\/www.lycee-valin.fr\/RJVALIN\/wp-content\/uploads\/2025\/01\/1736871295327.jpg 1280w\" sizes=\"(max-width: 768px) 100vw, 768px\" \/><\/figure>\n\n\n\n<figure class=\"wp-block-image size-large\"><img loading=\"lazy\" decoding=\"async\" width=\"1024\" height=\"768\" data-id=\"7003\" src=\"https:\/\/www.lycee-valin.fr\/RJVALIN\/wp-content\/uploads\/2025\/01\/1736871336136-1024x768.jpg\" alt=\"\" class=\"wp-image-7003\" srcset=\"https:\/\/www.lycee-valin.fr\/RJVALIN\/wp-content\/uploads\/2025\/01\/1736871336136-1024x768.jpg 1024w, https:\/\/www.lycee-valin.fr\/RJVALIN\/wp-content\/uploads\/2025\/01\/1736871336136-300x225.jpg 300w, https:\/\/www.lycee-valin.fr\/RJVALIN\/wp-content\/uploads\/2025\/01\/1736871336136-768x576.jpg 768w, https:\/\/www.lycee-valin.fr\/RJVALIN\/wp-content\/uploads\/2025\/01\/1736871336136-1536x1152.jpg 1536w, https:\/\/www.lycee-valin.fr\/RJVALIN\/wp-content\/uploads\/2025\/01\/1736871336136.jpg 2048w\" sizes=\"(max-width: 1024px) 100vw, 1024px\" \/><\/figure>\n\n\n\n<figure class=\"wp-block-image size-full\"><img loading=\"lazy\" decoding=\"async\" width=\"640\" height=\"480\" data-id=\"7004\" src=\"https:\/\/www.lycee-valin.fr\/RJVALIN\/wp-content\/uploads\/2025\/01\/IMG_2426.jpg\" alt=\"\" class=\"wp-image-7004\" srcset=\"https:\/\/www.lycee-valin.fr\/RJVALIN\/wp-content\/uploads\/2025\/01\/IMG_2426.jpg 640w, https:\/\/www.lycee-valin.fr\/RJVALIN\/wp-content\/uploads\/2025\/01\/IMG_2426-300x225.jpg 300w\" sizes=\"(max-width: 640px) 100vw, 640px\" \/><\/figure>\n\n\n\n<figure class=\"wp-block-image size-large\"><img loading=\"lazy\" decoding=\"async\" width=\"768\" height=\"1024\" data-id=\"6999\" src=\"https:\/\/www.lycee-valin.fr\/RJVALIN\/wp-content\/uploads\/2025\/01\/1736871319618-768x1024.jpg\" alt=\"\" class=\"wp-image-6999\" srcset=\"https:\/\/www.lycee-valin.fr\/RJVALIN\/wp-content\/uploads\/2025\/01\/1736871319618-768x1024.jpg 768w, https:\/\/www.lycee-valin.fr\/RJVALIN\/wp-content\/uploads\/2025\/01\/1736871319618-225x300.jpg 225w, https:\/\/www.lycee-valin.fr\/RJVALIN\/wp-content\/uploads\/2025\/01\/1736871319618-1152x1536.jpg 1152w, https:\/\/www.lycee-valin.fr\/RJVALIN\/wp-content\/uploads\/2025\/01\/1736871319618.jpg 1280w\" sizes=\"(max-width: 768px) 100vw, 768px\" \/><\/figure>\n\n\n\n<figure class=\"wp-block-image size-large\"><img loading=\"lazy\" decoding=\"async\" width=\"1024\" height=\"768\" data-id=\"7002\" src=\"https:\/\/www.lycee-valin.fr\/RJVALIN\/wp-content\/uploads\/2025\/01\/1736871340951-1024x768.jpg\" alt=\"\" class=\"wp-image-7002\" srcset=\"https:\/\/www.lycee-valin.fr\/RJVALIN\/wp-content\/uploads\/2025\/01\/1736871340951-1024x768.jpg 1024w, https:\/\/www.lycee-valin.fr\/RJVALIN\/wp-content\/uploads\/2025\/01\/1736871340951-300x225.jpg 300w, https:\/\/www.lycee-valin.fr\/RJVALIN\/wp-content\/uploads\/2025\/01\/1736871340951-768x576.jpg 768w, https:\/\/www.lycee-valin.fr\/RJVALIN\/wp-content\/uploads\/2025\/01\/1736871340951-1536x1152.jpg 1536w, https:\/\/www.lycee-valin.fr\/RJVALIN\/wp-content\/uploads\/2025\/01\/1736871340951.jpg 2048w\" sizes=\"(max-width: 1024px) 100vw, 1024px\" \/><\/figure>\n\n\n\n<figure class=\"wp-block-image size-large\"><img loading=\"lazy\" decoding=\"async\" width=\"768\" height=\"1024\" data-id=\"6996\" src=\"https:\/\/www.lycee-valin.fr\/RJVALIN\/wp-content\/uploads\/2025\/01\/1736871298501-768x1024.jpg\" alt=\"\" class=\"wp-image-6996\" srcset=\"https:\/\/www.lycee-valin.fr\/RJVALIN\/wp-content\/uploads\/2025\/01\/1736871298501-768x1024.jpg 768w, https:\/\/www.lycee-valin.fr\/RJVALIN\/wp-content\/uploads\/2025\/01\/1736871298501-225x300.jpg 225w, https:\/\/www.lycee-valin.fr\/RJVALIN\/wp-content\/uploads\/2025\/01\/1736871298501-1152x1536.jpg 1152w, https:\/\/www.lycee-valin.fr\/RJVALIN\/wp-content\/uploads\/2025\/01\/1736871298501.jpg 1280w\" sizes=\"(max-width: 768px) 100vw, 768px\" \/><\/figure>\n\n\n\n<figure class=\"wp-block-image size-large\"><img loading=\"lazy\" decoding=\"async\" width=\"1024\" height=\"768\" data-id=\"6998\" src=\"https:\/\/www.lycee-valin.fr\/RJVALIN\/wp-content\/uploads\/2025\/01\/1736871306650-1024x768.jpg\" alt=\"\" class=\"wp-image-6998\" srcset=\"https:\/\/www.lycee-valin.fr\/RJVALIN\/wp-content\/uploads\/2025\/01\/1736871306650-1024x768.jpg 1024w, https:\/\/www.lycee-valin.fr\/RJVALIN\/wp-content\/uploads\/2025\/01\/1736871306650-300x225.jpg 300w, https:\/\/www.lycee-valin.fr\/RJVALIN\/wp-content\/uploads\/2025\/01\/1736871306650-768x576.jpg 768w, https:\/\/www.lycee-valin.fr\/RJVALIN\/wp-content\/uploads\/2025\/01\/1736871306650-1536x1152.jpg 1536w, https:\/\/www.lycee-valin.fr\/RJVALIN\/wp-content\/uploads\/2025\/01\/1736871306650.jpg 2048w\" sizes=\"(max-width: 1024px) 100vw, 1024px\" \/><\/figure>\n<\/figure>\n","protected":false},"excerpt":{"rendered":"<p>Les \u00e9tudiant.e.s du BTS Bioanalyses en Laboratoire de Contr\u00f4le du lyc\u00e9e Valin \u00e0 La Rochelle ont visit\u00e9 aujourd&#8217;hui la grande STEP &#8211; site de Port Neuf.Les diff\u00e9rentes \u00e9tapes de l&#8217;assainissement de l&#8217;eau ont ete expliqu\u00e9es <a class=\"more-link\" href=\"https:\/\/www.lycee-valin.fr\/RJVALIN\/les-bts1-bioalc-visitent-la-grande-step-de-la-rochelle\/\">Lire plus &#8230;<\/a><\/p>\n","protected":false},"author":5,"featured_media":7005,"comment_status":"closed","ping_status":"closed","sticky":false,"template":"","format":"standard","meta":{"footnotes":""},"categories":[120,169,82],"tags":[],"class_list":["post-6994","post","type-post","status-publish","format-standard","has-post-thumbnail","hentry","category-actions-et-evenements","category-bts-bioalc","category-sortie-pedagogique"],"_links":{"self":[{"href":"https:\/\/www.lycee-valin.fr\/RJVALIN\/wp-json\/wp\/v2\/posts\/6994","targetHints":{"allow":["GET"]}}],"collection":[{"href":"https:\/\/www.lycee-valin.fr\/RJVALIN\/wp-json\/wp\/v2\/posts"}],"about":[{"href":"https:\/\/www.lycee-valin.fr\/RJVALIN\/wp-json\/wp\/v2\/types\/post"}],"author":[{"embeddable":true,"href":"https:\/\/www.lycee-valin.fr\/RJVALIN\/wp-json\/wp\/v2\/users\/5"}],"replies":[{"embeddable":true,"href":"https:\/\/www.lycee-valin.fr\/RJVALIN\/wp-json\/wp\/v2\/comments?post=6994"}],"version-history":[{"count":4,"href":"https:\/\/www.lycee-valin.fr\/RJVALIN\/wp-json\/wp\/v2\/posts\/6994\/revisions"}],"predecessor-version":[{"id":7011,"href":"https:\/\/www.lycee-valin.fr\/RJVALIN\/wp-json\/wp\/v2\/posts\/6994\/revisions\/7011"}],"wp:featuredmedia":[{"embeddable":true,"href":"https:\/\/www.lycee-valin.fr\/RJVALIN\/wp-json\/wp\/v2\/media\/7005"}],"wp:attachment":[{"href":"https:\/\/www.lycee-valin.fr\/RJVALIN\/wp-json\/wp\/v2\/media?parent=6994"}],"wp:term":[{"taxonomy":"category","embeddable":true,"href":"https:\/\/www.lycee-valin.fr\/RJVALIN\/wp-json\/wp\/v2\/categories?post=6994"},{"taxonomy":"post_tag","embeddable":true,"href":"https:\/\/www.lycee-valin.fr\/RJVALIN\/wp-json\/wp\/v2\/tags?post=6994"}],"curies":[{"name":"wp","href":"https:\/\/api.w.org\/{rel}","templated":true}]}}