{"id":6862,"date":"2024-12-19T16:51:20","date_gmt":"2024-12-19T15:51:20","guid":{"rendered":"https:\/\/www.lycee-valin.fr\/RJVALIN\/?p=6862"},"modified":"2025-01-23T20:20:23","modified_gmt":"2025-01-23T19:20:23","slug":"rendus-graphiques-des-cours-dhistoire-de-lart-en-cpes-caap","status":"publish","type":"post","link":"https:\/\/www.lycee-valin.fr\/RJVALIN\/rendus-graphiques-des-cours-dhistoire-de-lart-en-cpes-caap\/","title":{"rendered":"&#8220;Rendus graphiques&#8221; des cours d&#8217;histoire de l&#8217;art en CPES CAAP"},"content":{"rendered":"\n<p class=\"has-black-color has-white-background-color has-text-color has-background has-link-color has-normal-font-size wp-elements-385e5fb3e9547d986f530370e11b09af\"><\/p>\n\n\n\n<p>Les \u00e9tudiants de CPES CAAP ont quatre heures d&#8217;histoire de l&#8217;art par semaine. Le programme: <\/p>\n\n\n\n<p><strong>du <strong>XV\u00e8me au XVII\u00e8me si\u00e8cle<\/strong>. L&#8217;<strong>art de la Renaissance, du baroque et du classicisme<\/strong>. <\/strong><\/p>\n\n\n\n<p><strong>Les<\/strong> <strong>avant-gardes historiques du d\u00e9but XX \u00e8 si\u00e8cle, de 1905 \u00e0 1945, en France, en Europe et aux \u00c9tats-Unis<\/strong> <strong>et la seconde vague avant-gardiste post-1945<\/strong><\/p>\n\n\n\n<p>Programme de l&#8217;universit\u00e9 Montaigne Bordeaux III  licence 1\u00e8re ann\u00e9e arts plastiques (convention sign\u00e9e avec le lyc\u00e9e).<\/p>\n\n\n\n<p>Les notes prises pendant les cours  sont restitu\u00e9es, soit sous forme simple (texte + vignettes des oeuvres) soit sous forme de &#8220;rendu graphique&#8221;.  Aux \u00e9tudiants d&#8217;\u00e9quilibrer l&#8217;alternance des deux formules.<\/p>\n\n\n\n<p>Les rendus graphiques permettent de mieux comprendre et en principe de mieux retenir un contenu. Texte et images se compl\u00e8tent et s&#8217;organisent selon une forme qui refl\u00e8te le mouvement artistique, la p\u00e9riode, l&#8217;artiste.<\/p>\n\n\n\n<p>Dans cet article, quelques exemples de productions.<\/p>\n\n\n\n<ul class=\"wp-block-list\">\n<li>Chronologies Renaissance baroque classicisme<\/li>\n\n\n\n<li>Chronologies Avant gardes XX\u00e8 Si\u00e8cle<\/li>\n\n\n\n<li>Chronologies Apr\u00e8s 2nde guerre mondiale <\/li>\n\n\n\n<li>Quattrocento<\/li>\n\n\n\n<li>XV \u00e8 s. flamand<\/li>\n\n\n\n<li>Renaissance classique italienne<\/li>\n\n\n\n<li>Classique et baroque<\/li>\n\n\n\n<li>Versailles<\/li>\n\n\n\n<li>Acad\u00e9mies et <em>Salons<\/em><\/li>\n\n\n\n<li><em>Architectes utopistes XVIII \u00e8 s.<\/em><\/li>\n\n\n\n<li><em>Postimpressionnistes &#8211; Nabis (petits d\u00e9tours )<\/em><\/li>\n\n\n\n<li>Der Blaue Reiter<\/li>\n\n\n\n<li>Cubo-futurisme<\/li>\n\n\n\n<li>Dada<\/li>\n\n\n\n<li>Constructivisme<\/li>\n\n\n\n<li>Supr\u00e9matisme<\/li>\n\n\n\n<li>Marcel Duchamp<\/li>\n\n\n\n<li>Bauhaus<\/li>\n\n\n\n<li>COBRA<\/li>\n\n\n\n<li>art cin\u00e9tique &#8211; op&#8217;art<\/li>\n\n\n\n<li>Un quizz toutes p\u00e9riodes &#8230;<\/li>\n<\/ul>\n\n\n\n<figure class=\"wp-block-image size-full\"><img fetchpriority=\"high\" decoding=\"async\" width=\"2560\" height=\"748\" src=\"https:\/\/www.lycee-valin.fr\/RJVALIN\/wp-content\/uploads\/2024\/12\/Quattrocento-2-scaled.jpg\" alt=\"\" class=\"wp-image-6888\" srcset=\"https:\/\/www.lycee-valin.fr\/RJVALIN\/wp-content\/uploads\/2024\/12\/Quattrocento-2-scaled.jpg 2560w, https:\/\/www.lycee-valin.fr\/RJVALIN\/wp-content\/uploads\/2024\/12\/Quattrocento-2-300x88.jpg 300w, https:\/\/www.lycee-valin.fr\/RJVALIN\/wp-content\/uploads\/2024\/12\/Quattrocento-2-1024x299.jpg 1024w, https:\/\/www.lycee-valin.fr\/RJVALIN\/wp-content\/uploads\/2024\/12\/Quattrocento-2-768x224.jpg 768w, https:\/\/www.lycee-valin.fr\/RJVALIN\/wp-content\/uploads\/2024\/12\/Quattrocento-2-1536x449.jpg 1536w, https:\/\/www.lycee-valin.fr\/RJVALIN\/wp-content\/uploads\/2024\/12\/Quattrocento-2-2048x598.jpg 2048w\" sizes=\"(max-width: 2560px) 100vw, 2560px\" \/><\/figure>\n\n\n\n<figure class=\"wp-block-image size-full\"><img decoding=\"async\" width=\"2560\" height=\"1675\" src=\"https:\/\/www.lycee-valin.fr\/RJVALIN\/wp-content\/uploads\/2024\/12\/Quattrocento-scaled.jpeg\" alt=\"\" class=\"wp-image-6889\" srcset=\"https:\/\/www.lycee-valin.fr\/RJVALIN\/wp-content\/uploads\/2024\/12\/Quattrocento-scaled.jpeg 2560w, https:\/\/www.lycee-valin.fr\/RJVALIN\/wp-content\/uploads\/2024\/12\/Quattrocento-300x196.jpeg 300w, https:\/\/www.lycee-valin.fr\/RJVALIN\/wp-content\/uploads\/2024\/12\/Quattrocento-1024x670.jpeg 1024w, https:\/\/www.lycee-valin.fr\/RJVALIN\/wp-content\/uploads\/2024\/12\/Quattrocento-768x502.jpeg 768w, https:\/\/www.lycee-valin.fr\/RJVALIN\/wp-content\/uploads\/2024\/12\/Quattrocento-1536x1005.jpeg 1536w, https:\/\/www.lycee-valin.fr\/RJVALIN\/wp-content\/uploads\/2024\/12\/Quattrocento-2048x1340.jpeg 2048w\" sizes=\"(max-width: 2560px) 100vw, 2560px\" \/><\/figure>\n\n\n\n<figure class=\"wp-block-image size-full\"><img decoding=\"async\" width=\"2560\" height=\"1920\" src=\"https:\/\/www.lycee-valin.fr\/RJVALIN\/wp-content\/uploads\/2024\/12\/Quizz-hdA-1-scaled.jpg\" alt=\"\" class=\"wp-image-6890\" srcset=\"https:\/\/www.lycee-valin.fr\/RJVALIN\/wp-content\/uploads\/2024\/12\/Quizz-hdA-1-scaled.jpg 2560w, https:\/\/www.lycee-valin.fr\/RJVALIN\/wp-content\/uploads\/2024\/12\/Quizz-hdA-1-300x225.jpg 300w, https:\/\/www.lycee-valin.fr\/RJVALIN\/wp-content\/uploads\/2024\/12\/Quizz-hdA-1-1024x768.jpg 1024w, https:\/\/www.lycee-valin.fr\/RJVALIN\/wp-content\/uploads\/2024\/12\/Quizz-hdA-1-768x576.jpg 768w, https:\/\/www.lycee-valin.fr\/RJVALIN\/wp-content\/uploads\/2024\/12\/Quizz-hdA-1-1536x1152.jpg 1536w, https:\/\/www.lycee-valin.fr\/RJVALIN\/wp-content\/uploads\/2024\/12\/Quizz-hdA-1-2048x1536.jpg 2048w\" sizes=\"(max-width: 2560px) 100vw, 2560px\" \/><\/figure>\n\n\n\n<figure class=\"wp-block-image size-full\"><img loading=\"lazy\" decoding=\"async\" width=\"1920\" height=\"2560\" src=\"https:\/\/www.lycee-valin.fr\/RJVALIN\/wp-content\/uploads\/2024\/12\/Quizz-hdA-2-scaled.jpg\" alt=\"\" class=\"wp-image-6891\" srcset=\"https:\/\/www.lycee-valin.fr\/RJVALIN\/wp-content\/uploads\/2024\/12\/Quizz-hdA-2-scaled.jpg 1920w, https:\/\/www.lycee-valin.fr\/RJVALIN\/wp-content\/uploads\/2024\/12\/Quizz-hdA-2-225x300.jpg 225w, https:\/\/www.lycee-valin.fr\/RJVALIN\/wp-content\/uploads\/2024\/12\/Quizz-hdA-2-768x1024.jpg 768w, https:\/\/www.lycee-valin.fr\/RJVALIN\/wp-content\/uploads\/2024\/12\/Quizz-hdA-2-1152x1536.jpg 1152w, https:\/\/www.lycee-valin.fr\/RJVALIN\/wp-content\/uploads\/2024\/12\/Quizz-hdA-2-1536x2048.jpg 1536w\" sizes=\"(max-width: 1920px) 100vw, 1920px\" \/><\/figure>\n\n\n\n<figure class=\"wp-block-image size-full\"><img loading=\"lazy\" decoding=\"async\" width=\"2560\" height=\"1956\" src=\"https:\/\/www.lycee-valin.fr\/RJVALIN\/wp-content\/uploads\/2024\/12\/Renaissance-classique-scaled.jpeg\" alt=\"\" class=\"wp-image-6892\" srcset=\"https:\/\/www.lycee-valin.fr\/RJVALIN\/wp-content\/uploads\/2024\/12\/Renaissance-classique-scaled.jpeg 2560w, https:\/\/www.lycee-valin.fr\/RJVALIN\/wp-content\/uploads\/2024\/12\/Renaissance-classique-300x229.jpeg 300w, https:\/\/www.lycee-valin.fr\/RJVALIN\/wp-content\/uploads\/2024\/12\/Renaissance-classique-1024x782.jpeg 1024w, https:\/\/www.lycee-valin.fr\/RJVALIN\/wp-content\/uploads\/2024\/12\/Renaissance-classique-768x587.jpeg 768w, https:\/\/www.lycee-valin.fr\/RJVALIN\/wp-content\/uploads\/2024\/12\/Renaissance-classique-1536x1174.jpeg 1536w, https:\/\/www.lycee-valin.fr\/RJVALIN\/wp-content\/uploads\/2024\/12\/Renaissance-classique-2048x1565.jpeg 2048w\" sizes=\"(max-width: 2560px) 100vw, 2560px\" \/><\/figure>\n\n\n\n<figure class=\"wp-block-image size-full\"><img loading=\"lazy\" decoding=\"async\" width=\"1920\" height=\"2560\" src=\"https:\/\/www.lycee-valin.fr\/RJVALIN\/wp-content\/uploads\/2024\/12\/Renaissance-classique-scaled.jpg\" alt=\"\" class=\"wp-image-6893\" srcset=\"https:\/\/www.lycee-valin.fr\/RJVALIN\/wp-content\/uploads\/2024\/12\/Renaissance-classique-scaled.jpg 1920w, https:\/\/www.lycee-valin.fr\/RJVALIN\/wp-content\/uploads\/2024\/12\/Renaissance-classique-225x300.jpg 225w, https:\/\/www.lycee-valin.fr\/RJVALIN\/wp-content\/uploads\/2024\/12\/Renaissance-classique-768x1024.jpg 768w, https:\/\/www.lycee-valin.fr\/RJVALIN\/wp-content\/uploads\/2024\/12\/Renaissance-classique-1152x1536.jpg 1152w, https:\/\/www.lycee-valin.fr\/RJVALIN\/wp-content\/uploads\/2024\/12\/Renaissance-classique-1536x2048.jpg 1536w\" sizes=\"(max-width: 1920px) 100vw, 1920px\" \/><\/figure>\n\n\n\n<figure class=\"wp-block-image size-full\"><img loading=\"lazy\" decoding=\"async\" width=\"2009\" height=\"2560\" src=\"https:\/\/www.lycee-valin.fr\/RJVALIN\/wp-content\/uploads\/2024\/12\/suprematisme-scaled.jpg\" alt=\"\" class=\"wp-image-6894\" srcset=\"https:\/\/www.lycee-valin.fr\/RJVALIN\/wp-content\/uploads\/2024\/12\/suprematisme-scaled.jpg 2009w, https:\/\/www.lycee-valin.fr\/RJVALIN\/wp-content\/uploads\/2024\/12\/suprematisme-235x300.jpg 235w, https:\/\/www.lycee-valin.fr\/RJVALIN\/wp-content\/uploads\/2024\/12\/suprematisme-804x1024.jpg 804w, https:\/\/www.lycee-valin.fr\/RJVALIN\/wp-content\/uploads\/2024\/12\/suprematisme-768x978.jpg 768w, https:\/\/www.lycee-valin.fr\/RJVALIN\/wp-content\/uploads\/2024\/12\/suprematisme-1206x1536.jpg 1206w, https:\/\/www.lycee-valin.fr\/RJVALIN\/wp-content\/uploads\/2024\/12\/suprematisme-1608x2048.jpg 1608w\" sizes=\"(max-width: 2009px) 100vw, 2009px\" \/><\/figure>\n\n\n\n<figure class=\"wp-block-image size-full\"><img loading=\"lazy\" decoding=\"async\" width=\"1915\" height=\"2560\" src=\"https:\/\/www.lycee-valin.fr\/RJVALIN\/wp-content\/uploads\/2024\/12\/Versailles--scaled.jpg\" alt=\"\" class=\"wp-image-6895\" srcset=\"https:\/\/www.lycee-valin.fr\/RJVALIN\/wp-content\/uploads\/2024\/12\/Versailles--scaled.jpg 1915w, https:\/\/www.lycee-valin.fr\/RJVALIN\/wp-content\/uploads\/2024\/12\/Versailles--224x300.jpg 224w, https:\/\/www.lycee-valin.fr\/RJVALIN\/wp-content\/uploads\/2024\/12\/Versailles--766x1024.jpg 766w, https:\/\/www.lycee-valin.fr\/RJVALIN\/wp-content\/uploads\/2024\/12\/Versailles--768x1027.jpg 768w, https:\/\/www.lycee-valin.fr\/RJVALIN\/wp-content\/uploads\/2024\/12\/Versailles--1149x1536.jpg 1149w, https:\/\/www.lycee-valin.fr\/RJVALIN\/wp-content\/uploads\/2024\/12\/Versailles--1532x2048.jpg 1532w\" sizes=\"(max-width: 1915px) 100vw, 1915px\" \/><\/figure>\n\n\n\n<figure class=\"wp-block-image size-full\"><img loading=\"lazy\" decoding=\"async\" width=\"1920\" height=\"2560\" src=\"https:\/\/www.lycee-valin.fr\/RJVALIN\/wp-content\/uploads\/2024\/12\/Versailles-scaled.jpg\" alt=\"\" class=\"wp-image-6896\" srcset=\"https:\/\/www.lycee-valin.fr\/RJVALIN\/wp-content\/uploads\/2024\/12\/Versailles-scaled.jpg 1920w, https:\/\/www.lycee-valin.fr\/RJVALIN\/wp-content\/uploads\/2024\/12\/Versailles-225x300.jpg 225w, https:\/\/www.lycee-valin.fr\/RJVALIN\/wp-content\/uploads\/2024\/12\/Versailles-768x1024.jpg 768w, https:\/\/www.lycee-valin.fr\/RJVALIN\/wp-content\/uploads\/2024\/12\/Versailles-1152x1536.jpg 1152w, https:\/\/www.lycee-valin.fr\/RJVALIN\/wp-content\/uploads\/2024\/12\/Versailles-1536x2048.jpg 1536w\" sizes=\"(max-width: 1920px) 100vw, 1920px\" \/><\/figure>\n\n\n\n<figure class=\"wp-block-image size-full\"><img loading=\"lazy\" decoding=\"async\" width=\"2045\" height=\"2560\" src=\"https:\/\/www.lycee-valin.fr\/RJVALIN\/wp-content\/uploads\/2024\/12\/3.Apres-guerre-scaled.jpg\" alt=\"\" class=\"wp-image-6897\" srcset=\"https:\/\/www.lycee-valin.fr\/RJVALIN\/wp-content\/uploads\/2024\/12\/3.Apres-guerre-scaled.jpg 2045w, https:\/\/www.lycee-valin.fr\/RJVALIN\/wp-content\/uploads\/2024\/12\/3.Apres-guerre-240x300.jpg 240w, https:\/\/www.lycee-valin.fr\/RJVALIN\/wp-content\/uploads\/2024\/12\/3.Apres-guerre-818x1024.jpg 818w, https:\/\/www.lycee-valin.fr\/RJVALIN\/wp-content\/uploads\/2024\/12\/3.Apres-guerre-768x962.jpg 768w, https:\/\/www.lycee-valin.fr\/RJVALIN\/wp-content\/uploads\/2024\/12\/3.Apres-guerre-1227x1536.jpg 1227w, https:\/\/www.lycee-valin.fr\/RJVALIN\/wp-content\/uploads\/2024\/12\/3.Apres-guerre-1636x2048.jpg 1636w\" sizes=\"(max-width: 2045px) 100vw, 2045px\" \/><\/figure>\n\n\n\n<figure class=\"wp-block-image size-full\"><img loading=\"lazy\" decoding=\"async\" width=\"2560\" height=\"1915\" src=\"https:\/\/www.lycee-valin.fr\/RJVALIN\/wp-content\/uploads\/2024\/12\/Academies-et-salons-scaled.jpg\" alt=\"\" class=\"wp-image-6898\" srcset=\"https:\/\/www.lycee-valin.fr\/RJVALIN\/wp-content\/uploads\/2024\/12\/Academies-et-salons-scaled.jpg 2560w, https:\/\/www.lycee-valin.fr\/RJVALIN\/wp-content\/uploads\/2024\/12\/Academies-et-salons-300x224.jpg 300w, https:\/\/www.lycee-valin.fr\/RJVALIN\/wp-content\/uploads\/2024\/12\/Academies-et-salons-1024x766.jpg 1024w, https:\/\/www.lycee-valin.fr\/RJVALIN\/wp-content\/uploads\/2024\/12\/Academies-et-salons-768x574.jpg 768w, https:\/\/www.lycee-valin.fr\/RJVALIN\/wp-content\/uploads\/2024\/12\/Academies-et-salons-1536x1149.jpg 1536w, https:\/\/www.lycee-valin.fr\/RJVALIN\/wp-content\/uploads\/2024\/12\/Academies-et-salons-2048x1532.jpg 2048w\" sizes=\"(max-width: 2560px) 100vw, 2560px\" \/><\/figure>\n\n\n\n<figure class=\"wp-block-image size-full\"><img loading=\"lazy\" decoding=\"async\" width=\"2560\" height=\"1920\" src=\"https:\/\/www.lycee-valin.fr\/RJVALIN\/wp-content\/uploads\/2024\/12\/Archi-utopistes-scaled.jpg\" alt=\"\" class=\"wp-image-6899\" srcset=\"https:\/\/www.lycee-valin.fr\/RJVALIN\/wp-content\/uploads\/2024\/12\/Archi-utopistes-scaled.jpg 2560w, https:\/\/www.lycee-valin.fr\/RJVALIN\/wp-content\/uploads\/2024\/12\/Archi-utopistes-300x225.jpg 300w, https:\/\/www.lycee-valin.fr\/RJVALIN\/wp-content\/uploads\/2024\/12\/Archi-utopistes-1024x768.jpg 1024w, https:\/\/www.lycee-valin.fr\/RJVALIN\/wp-content\/uploads\/2024\/12\/Archi-utopistes-768x576.jpg 768w, https:\/\/www.lycee-valin.fr\/RJVALIN\/wp-content\/uploads\/2024\/12\/Archi-utopistes-1536x1152.jpg 1536w, https:\/\/www.lycee-valin.fr\/RJVALIN\/wp-content\/uploads\/2024\/12\/Archi-utopistes-2048x1536.jpg 2048w\" sizes=\"(max-width: 2560px) 100vw, 2560px\" \/><\/figure>\n\n\n\n<figure class=\"wp-block-image size-full\"><img loading=\"lazy\" decoding=\"async\" width=\"2560\" height=\"1920\" src=\"https:\/\/www.lycee-valin.fr\/RJVALIN\/wp-content\/uploads\/2024\/12\/art-cinetique-scaled.jpg\" alt=\"\" class=\"wp-image-6900\" srcset=\"https:\/\/www.lycee-valin.fr\/RJVALIN\/wp-content\/uploads\/2024\/12\/art-cinetique-scaled.jpg 2560w, https:\/\/www.lycee-valin.fr\/RJVALIN\/wp-content\/uploads\/2024\/12\/art-cinetique-300x225.jpg 300w, https:\/\/www.lycee-valin.fr\/RJVALIN\/wp-content\/uploads\/2024\/12\/art-cinetique-1024x768.jpg 1024w, https:\/\/www.lycee-valin.fr\/RJVALIN\/wp-content\/uploads\/2024\/12\/art-cinetique-768x576.jpg 768w, https:\/\/www.lycee-valin.fr\/RJVALIN\/wp-content\/uploads\/2024\/12\/art-cinetique-1536x1152.jpg 1536w, https:\/\/www.lycee-valin.fr\/RJVALIN\/wp-content\/uploads\/2024\/12\/art-cinetique-2048x1536.jpg 2048w\" sizes=\"(max-width: 2560px) 100vw, 2560px\" \/><\/figure>\n\n\n\n<figure class=\"wp-block-image size-full\"><img loading=\"lazy\" decoding=\"async\" width=\"2560\" height=\"2169\" src=\"https:\/\/www.lycee-valin.fr\/RJVALIN\/wp-content\/uploads\/2024\/12\/Bauhaus-scaled.jpeg\" alt=\"\" class=\"wp-image-6901\" srcset=\"https:\/\/www.lycee-valin.fr\/RJVALIN\/wp-content\/uploads\/2024\/12\/Bauhaus-scaled.jpeg 2560w, https:\/\/www.lycee-valin.fr\/RJVALIN\/wp-content\/uploads\/2024\/12\/Bauhaus-300x254.jpeg 300w, https:\/\/www.lycee-valin.fr\/RJVALIN\/wp-content\/uploads\/2024\/12\/Bauhaus-1024x867.jpeg 1024w, https:\/\/www.lycee-valin.fr\/RJVALIN\/wp-content\/uploads\/2024\/12\/Bauhaus-768x651.jpeg 768w, https:\/\/www.lycee-valin.fr\/RJVALIN\/wp-content\/uploads\/2024\/12\/Bauhaus-1536x1301.jpeg 1536w, https:\/\/www.lycee-valin.fr\/RJVALIN\/wp-content\/uploads\/2024\/12\/Bauhaus-2048x1735.jpeg 2048w\" sizes=\"(max-width: 2560px) 100vw, 2560px\" \/><\/figure>\n\n\n\n<figure class=\"wp-block-image size-full\"><img loading=\"lazy\" decoding=\"async\" width=\"1920\" height=\"2560\" src=\"https:\/\/www.lycee-valin.fr\/RJVALIN\/wp-content\/uploads\/2024\/12\/Bauhaus-scaled.jpg\" alt=\"\" class=\"wp-image-6902\" srcset=\"https:\/\/www.lycee-valin.fr\/RJVALIN\/wp-content\/uploads\/2024\/12\/Bauhaus-scaled.jpg 1920w, https:\/\/www.lycee-valin.fr\/RJVALIN\/wp-content\/uploads\/2024\/12\/Bauhaus-225x300.jpg 225w, https:\/\/www.lycee-valin.fr\/RJVALIN\/wp-content\/uploads\/2024\/12\/Bauhaus-768x1024.jpg 768w, https:\/\/www.lycee-valin.fr\/RJVALIN\/wp-content\/uploads\/2024\/12\/Bauhaus-1152x1536.jpg 1152w, https:\/\/www.lycee-valin.fr\/RJVALIN\/wp-content\/uploads\/2024\/12\/Bauhaus-1536x2048.jpg 1536w\" sizes=\"(max-width: 1920px) 100vw, 1920px\" \/><\/figure>\n\n\n\n<figure class=\"wp-block-image size-full\"><img loading=\"lazy\" decoding=\"async\" width=\"1547\" height=\"2560\" src=\"https:\/\/www.lycee-valin.fr\/RJVALIN\/wp-content\/uploads\/2024\/12\/Cavalier-bleu-scaled.jpeg\" alt=\"\" class=\"wp-image-6903\" srcset=\"https:\/\/www.lycee-valin.fr\/RJVALIN\/wp-content\/uploads\/2024\/12\/Cavalier-bleu-scaled.jpeg 1547w, https:\/\/www.lycee-valin.fr\/RJVALIN\/wp-content\/uploads\/2024\/12\/Cavalier-bleu-181x300.jpeg 181w, https:\/\/www.lycee-valin.fr\/RJVALIN\/wp-content\/uploads\/2024\/12\/Cavalier-bleu-619x1024.jpeg 619w, https:\/\/www.lycee-valin.fr\/RJVALIN\/wp-content\/uploads\/2024\/12\/Cavalier-bleu-768x1271.jpeg 768w, https:\/\/www.lycee-valin.fr\/RJVALIN\/wp-content\/uploads\/2024\/12\/Cavalier-bleu-928x1536.jpeg 928w, https:\/\/www.lycee-valin.fr\/RJVALIN\/wp-content\/uploads\/2024\/12\/Cavalier-bleu-1238x2048.jpeg 1238w\" sizes=\"(max-width: 1547px) 100vw, 1547px\" \/><\/figure>\n\n\n\n<figure class=\"wp-block-image size-full\"><img loading=\"lazy\" decoding=\"async\" width=\"2453\" height=\"1643\" src=\"https:\/\/www.lycee-valin.fr\/RJVALIN\/wp-content\/uploads\/2024\/12\/Chrono-apres-guerre-scaled-e1734619412422.jpg\" alt=\"\" class=\"wp-image-6904\" srcset=\"https:\/\/www.lycee-valin.fr\/RJVALIN\/wp-content\/uploads\/2024\/12\/Chrono-apres-guerre-scaled-e1734619412422.jpg 2453w, https:\/\/www.lycee-valin.fr\/RJVALIN\/wp-content\/uploads\/2024\/12\/Chrono-apres-guerre-scaled-e1734619412422-300x201.jpg 300w, https:\/\/www.lycee-valin.fr\/RJVALIN\/wp-content\/uploads\/2024\/12\/Chrono-apres-guerre-scaled-e1734619412422-1024x686.jpg 1024w, https:\/\/www.lycee-valin.fr\/RJVALIN\/wp-content\/uploads\/2024\/12\/Chrono-apres-guerre-scaled-e1734619412422-768x514.jpg 768w, https:\/\/www.lycee-valin.fr\/RJVALIN\/wp-content\/uploads\/2024\/12\/Chrono-apres-guerre-scaled-e1734619412422-1536x1029.jpg 1536w, https:\/\/www.lycee-valin.fr\/RJVALIN\/wp-content\/uploads\/2024\/12\/Chrono-apres-guerre-scaled-e1734619412422-2048x1372.jpg 2048w\" sizes=\"(max-width: 2453px) 100vw, 2453px\" \/><\/figure>\n\n\n\n<figure class=\"wp-block-image size-full\"><img loading=\"lazy\" decoding=\"async\" width=\"2560\" height=\"1920\" src=\"https:\/\/www.lycee-valin.fr\/RJVALIN\/wp-content\/uploads\/2024\/12\/chrono-Art-Ancien-scaled.jpg\" alt=\"\" class=\"wp-image-6905\" srcset=\"https:\/\/www.lycee-valin.fr\/RJVALIN\/wp-content\/uploads\/2024\/12\/chrono-Art-Ancien-scaled.jpg 2560w, https:\/\/www.lycee-valin.fr\/RJVALIN\/wp-content\/uploads\/2024\/12\/chrono-Art-Ancien-300x225.jpg 300w, https:\/\/www.lycee-valin.fr\/RJVALIN\/wp-content\/uploads\/2024\/12\/chrono-Art-Ancien-1024x768.jpg 1024w, https:\/\/www.lycee-valin.fr\/RJVALIN\/wp-content\/uploads\/2024\/12\/chrono-Art-Ancien-768x576.jpg 768w, https:\/\/www.lycee-valin.fr\/RJVALIN\/wp-content\/uploads\/2024\/12\/chrono-Art-Ancien-1536x1152.jpg 1536w, https:\/\/www.lycee-valin.fr\/RJVALIN\/wp-content\/uploads\/2024\/12\/chrono-Art-Ancien-2048x1536.jpg 2048w\" sizes=\"(max-width: 2560px) 100vw, 2560px\" \/><\/figure>\n\n\n\n<figure class=\"wp-block-image size-full\"><img loading=\"lazy\" decoding=\"async\" width=\"2560\" height=\"1920\" src=\"https:\/\/www.lycee-valin.fr\/RJVALIN\/wp-content\/uploads\/2024\/12\/chrono-art-ancien-1-scaled.jpg\" alt=\"\" class=\"wp-image-6906\" srcset=\"https:\/\/www.lycee-valin.fr\/RJVALIN\/wp-content\/uploads\/2024\/12\/chrono-art-ancien-1-scaled.jpg 2560w, https:\/\/www.lycee-valin.fr\/RJVALIN\/wp-content\/uploads\/2024\/12\/chrono-art-ancien-1-300x225.jpg 300w, https:\/\/www.lycee-valin.fr\/RJVALIN\/wp-content\/uploads\/2024\/12\/chrono-art-ancien-1-1024x768.jpg 1024w, https:\/\/www.lycee-valin.fr\/RJVALIN\/wp-content\/uploads\/2024\/12\/chrono-art-ancien-1-768x576.jpg 768w, https:\/\/www.lycee-valin.fr\/RJVALIN\/wp-content\/uploads\/2024\/12\/chrono-art-ancien-1-1536x1152.jpg 1536w, https:\/\/www.lycee-valin.fr\/RJVALIN\/wp-content\/uploads\/2024\/12\/chrono-art-ancien-1-2048x1536.jpg 2048w\" sizes=\"(max-width: 2560px) 100vw, 2560px\" \/><\/figure>\n\n\n\n<figure class=\"wp-block-image size-full\"><img loading=\"lazy\" decoding=\"async\" width=\"1883\" height=\"1373\" src=\"https:\/\/www.lycee-valin.fr\/RJVALIN\/wp-content\/uploads\/2024\/12\/chrono-av-gardes.jpg\" alt=\"\" class=\"wp-image-6907\" srcset=\"https:\/\/www.lycee-valin.fr\/RJVALIN\/wp-content\/uploads\/2024\/12\/chrono-av-gardes.jpg 1883w, https:\/\/www.lycee-valin.fr\/RJVALIN\/wp-content\/uploads\/2024\/12\/chrono-av-gardes-300x219.jpg 300w, https:\/\/www.lycee-valin.fr\/RJVALIN\/wp-content\/uploads\/2024\/12\/chrono-av-gardes-1024x747.jpg 1024w, https:\/\/www.lycee-valin.fr\/RJVALIN\/wp-content\/uploads\/2024\/12\/chrono-av-gardes-768x560.jpg 768w, https:\/\/www.lycee-valin.fr\/RJVALIN\/wp-content\/uploads\/2024\/12\/chrono-av-gardes-1536x1120.jpg 1536w\" sizes=\"(max-width: 1883px) 100vw, 1883px\" \/><\/figure>\n\n\n\n<figure class=\"wp-block-image size-full\"><img loading=\"lazy\" decoding=\"async\" width=\"2560\" height=\"1920\" src=\"https:\/\/www.lycee-valin.fr\/RJVALIN\/wp-content\/uploads\/2024\/12\/Chrono-avant-gardes-2-scaled.jpg\" alt=\"\" class=\"wp-image-6908\" srcset=\"https:\/\/www.lycee-valin.fr\/RJVALIN\/wp-content\/uploads\/2024\/12\/Chrono-avant-gardes-2-scaled.jpg 2560w, https:\/\/www.lycee-valin.fr\/RJVALIN\/wp-content\/uploads\/2024\/12\/Chrono-avant-gardes-2-300x225.jpg 300w, https:\/\/www.lycee-valin.fr\/RJVALIN\/wp-content\/uploads\/2024\/12\/Chrono-avant-gardes-2-1024x768.jpg 1024w, https:\/\/www.lycee-valin.fr\/RJVALIN\/wp-content\/uploads\/2024\/12\/Chrono-avant-gardes-2-768x576.jpg 768w, https:\/\/www.lycee-valin.fr\/RJVALIN\/wp-content\/uploads\/2024\/12\/Chrono-avant-gardes-2-1536x1152.jpg 1536w, https:\/\/www.lycee-valin.fr\/RJVALIN\/wp-content\/uploads\/2024\/12\/Chrono-avant-gardes-2-2048x1536.jpg 2048w\" sizes=\"(max-width: 2560px) 100vw, 2560px\" \/><\/figure>\n\n\n\n<figure class=\"wp-block-image size-full\"><img loading=\"lazy\" decoding=\"async\" width=\"2560\" height=\"1987\" src=\"https:\/\/www.lycee-valin.fr\/RJVALIN\/wp-content\/uploads\/2024\/12\/Chronologie-Avant-Garde-scaled.jpg\" alt=\"\" class=\"wp-image-6910\" srcset=\"https:\/\/www.lycee-valin.fr\/RJVALIN\/wp-content\/uploads\/2024\/12\/Chronologie-Avant-Garde-scaled.jpg 2560w, https:\/\/www.lycee-valin.fr\/RJVALIN\/wp-content\/uploads\/2024\/12\/Chronologie-Avant-Garde-300x233.jpg 300w, https:\/\/www.lycee-valin.fr\/RJVALIN\/wp-content\/uploads\/2024\/12\/Chronologie-Avant-Garde-1024x795.jpg 1024w, https:\/\/www.lycee-valin.fr\/RJVALIN\/wp-content\/uploads\/2024\/12\/Chronologie-Avant-Garde-768x596.jpg 768w, https:\/\/www.lycee-valin.fr\/RJVALIN\/wp-content\/uploads\/2024\/12\/Chronologie-Avant-Garde-1536x1192.jpg 1536w, https:\/\/www.lycee-valin.fr\/RJVALIN\/wp-content\/uploads\/2024\/12\/Chronologie-Avant-Garde-2048x1590.jpg 2048w\" sizes=\"(max-width: 2560px) 100vw, 2560px\" \/><\/figure>\n\n\n\n<figure class=\"wp-block-image size-full\"><img loading=\"lazy\" decoding=\"async\" width=\"2560\" height=\"1854\" src=\"https:\/\/www.lycee-valin.fr\/RJVALIN\/wp-content\/uploads\/2024\/12\/cinetique-scaled.jpeg\" alt=\"\" class=\"wp-image-6911\" srcset=\"https:\/\/www.lycee-valin.fr\/RJVALIN\/wp-content\/uploads\/2024\/12\/cinetique-scaled.jpeg 2560w, https:\/\/www.lycee-valin.fr\/RJVALIN\/wp-content\/uploads\/2024\/12\/cinetique-300x217.jpeg 300w, https:\/\/www.lycee-valin.fr\/RJVALIN\/wp-content\/uploads\/2024\/12\/cinetique-1024x742.jpeg 1024w, https:\/\/www.lycee-valin.fr\/RJVALIN\/wp-content\/uploads\/2024\/12\/cinetique-768x556.jpeg 768w, https:\/\/www.lycee-valin.fr\/RJVALIN\/wp-content\/uploads\/2024\/12\/cinetique-1536x1112.jpeg 1536w, https:\/\/www.lycee-valin.fr\/RJVALIN\/wp-content\/uploads\/2024\/12\/cinetique-2048x1483.jpeg 2048w\" sizes=\"(max-width: 2560px) 100vw, 2560px\" \/><\/figure>\n\n\n\n<figure class=\"wp-block-image size-full\"><img loading=\"lazy\" decoding=\"async\" width=\"1170\" height=\"772\" src=\"https:\/\/www.lycee-valin.fr\/RJVALIN\/wp-content\/uploads\/2024\/12\/Cinetique-op-art.jpeg\" alt=\"\" class=\"wp-image-6912\" srcset=\"https:\/\/www.lycee-valin.fr\/RJVALIN\/wp-content\/uploads\/2024\/12\/Cinetique-op-art.jpeg 1170w, https:\/\/www.lycee-valin.fr\/RJVALIN\/wp-content\/uploads\/2024\/12\/Cinetique-op-art-300x198.jpeg 300w, https:\/\/www.lycee-valin.fr\/RJVALIN\/wp-content\/uploads\/2024\/12\/Cinetique-op-art-1024x676.jpeg 1024w, https:\/\/www.lycee-valin.fr\/RJVALIN\/wp-content\/uploads\/2024\/12\/Cinetique-op-art-768x507.jpeg 768w\" sizes=\"(max-width: 1170px) 100vw, 1170px\" \/><figcaption class=\"wp-element-caption\">Screenshot<\/figcaption><\/figure>\n\n\n\n<figure class=\"wp-block-image size-full\"><img loading=\"lazy\" decoding=\"async\" width=\"2560\" height=\"1741\" src=\"https:\/\/www.lycee-valin.fr\/RJVALIN\/wp-content\/uploads\/2024\/12\/Classique-Baroque-scaled.jpeg\" alt=\"\" class=\"wp-image-6914\" srcset=\"https:\/\/www.lycee-valin.fr\/RJVALIN\/wp-content\/uploads\/2024\/12\/Classique-Baroque-scaled.jpeg 2560w, https:\/\/www.lycee-valin.fr\/RJVALIN\/wp-content\/uploads\/2024\/12\/Classique-Baroque-300x204.jpeg 300w, https:\/\/www.lycee-valin.fr\/RJVALIN\/wp-content\/uploads\/2024\/12\/Classique-Baroque-1024x696.jpeg 1024w, https:\/\/www.lycee-valin.fr\/RJVALIN\/wp-content\/uploads\/2024\/12\/Classique-Baroque-768x522.jpeg 768w, https:\/\/www.lycee-valin.fr\/RJVALIN\/wp-content\/uploads\/2024\/12\/Classique-Baroque-1536x1045.jpeg 1536w, https:\/\/www.lycee-valin.fr\/RJVALIN\/wp-content\/uploads\/2024\/12\/Classique-Baroque-2048x1393.jpeg 2048w\" sizes=\"(max-width: 2560px) 100vw, 2560px\" \/><\/figure>\n\n\n\n<figure class=\"wp-block-image size-full\"><img loading=\"lazy\" decoding=\"async\" width=\"2560\" height=\"1920\" src=\"https:\/\/www.lycee-valin.fr\/RJVALIN\/wp-content\/uploads\/2024\/12\/Cobra-scaled.jpeg\" alt=\"\" class=\"wp-image-6915\" srcset=\"https:\/\/www.lycee-valin.fr\/RJVALIN\/wp-content\/uploads\/2024\/12\/Cobra-scaled.jpeg 2560w, https:\/\/www.lycee-valin.fr\/RJVALIN\/wp-content\/uploads\/2024\/12\/Cobra-300x225.jpeg 300w, https:\/\/www.lycee-valin.fr\/RJVALIN\/wp-content\/uploads\/2024\/12\/Cobra-1024x768.jpeg 1024w, https:\/\/www.lycee-valin.fr\/RJVALIN\/wp-content\/uploads\/2024\/12\/Cobra-768x576.jpeg 768w, https:\/\/www.lycee-valin.fr\/RJVALIN\/wp-content\/uploads\/2024\/12\/Cobra-1536x1152.jpeg 1536w, https:\/\/www.lycee-valin.fr\/RJVALIN\/wp-content\/uploads\/2024\/12\/Cobra-2048x1536.jpeg 2048w\" sizes=\"(max-width: 2560px) 100vw, 2560px\" \/><\/figure>\n\n\n\n<figure class=\"wp-block-image size-full\"><img loading=\"lazy\" decoding=\"async\" width=\"1158\" height=\"2560\" src=\"https:\/\/www.lycee-valin.fr\/RJVALIN\/wp-content\/uploads\/2024\/12\/constructivisme-scaled.jpeg\" alt=\"\" class=\"wp-image-6916\" srcset=\"https:\/\/www.lycee-valin.fr\/RJVALIN\/wp-content\/uploads\/2024\/12\/constructivisme-scaled.jpeg 1158w, https:\/\/www.lycee-valin.fr\/RJVALIN\/wp-content\/uploads\/2024\/12\/constructivisme-136x300.jpeg 136w, https:\/\/www.lycee-valin.fr\/RJVALIN\/wp-content\/uploads\/2024\/12\/constructivisme-463x1024.jpeg 463w, https:\/\/www.lycee-valin.fr\/RJVALIN\/wp-content\/uploads\/2024\/12\/constructivisme-768x1697.jpeg 768w, https:\/\/www.lycee-valin.fr\/RJVALIN\/wp-content\/uploads\/2024\/12\/constructivisme-695x1536.jpeg 695w, https:\/\/www.lycee-valin.fr\/RJVALIN\/wp-content\/uploads\/2024\/12\/constructivisme-927x2048.jpeg 927w\" sizes=\"(max-width: 1158px) 100vw, 1158px\" \/><\/figure>\n\n\n\n<figure class=\"wp-block-image size-full\"><img loading=\"lazy\" decoding=\"async\" width=\"2560\" height=\"1920\" src=\"https:\/\/www.lycee-valin.fr\/RJVALIN\/wp-content\/uploads\/2024\/12\/Cubofuturisme-scaled.jpeg\" alt=\"\" class=\"wp-image-6917\" srcset=\"https:\/\/www.lycee-valin.fr\/RJVALIN\/wp-content\/uploads\/2024\/12\/Cubofuturisme-scaled.jpeg 2560w, https:\/\/www.lycee-valin.fr\/RJVALIN\/wp-content\/uploads\/2024\/12\/Cubofuturisme-300x225.jpeg 300w, https:\/\/www.lycee-valin.fr\/RJVALIN\/wp-content\/uploads\/2024\/12\/Cubofuturisme-1024x768.jpeg 1024w, https:\/\/www.lycee-valin.fr\/RJVALIN\/wp-content\/uploads\/2024\/12\/Cubofuturisme-768x576.jpeg 768w, https:\/\/www.lycee-valin.fr\/RJVALIN\/wp-content\/uploads\/2024\/12\/Cubofuturisme-1536x1152.jpeg 1536w, https:\/\/www.lycee-valin.fr\/RJVALIN\/wp-content\/uploads\/2024\/12\/Cubofuturisme-2048x1536.jpeg 2048w\" sizes=\"(max-width: 2560px) 100vw, 2560px\" \/><\/figure>\n\n\n\n<figure class=\"wp-block-image size-full\"><img loading=\"lazy\" decoding=\"async\" width=\"1872\" height=\"1270\" src=\"https:\/\/www.lycee-valin.fr\/RJVALIN\/wp-content\/uploads\/2024\/12\/dada-1.jpg\" alt=\"\" class=\"wp-image-6918\" srcset=\"https:\/\/www.lycee-valin.fr\/RJVALIN\/wp-content\/uploads\/2024\/12\/dada-1.jpg 1872w, https:\/\/www.lycee-valin.fr\/RJVALIN\/wp-content\/uploads\/2024\/12\/dada-1-300x204.jpg 300w, https:\/\/www.lycee-valin.fr\/RJVALIN\/wp-content\/uploads\/2024\/12\/dada-1-1024x695.jpg 1024w, https:\/\/www.lycee-valin.fr\/RJVALIN\/wp-content\/uploads\/2024\/12\/dada-1-768x521.jpg 768w, https:\/\/www.lycee-valin.fr\/RJVALIN\/wp-content\/uploads\/2024\/12\/dada-1-1536x1042.jpg 1536w\" sizes=\"(max-width: 1872px) 100vw, 1872px\" \/><\/figure>\n\n\n\n<figure class=\"wp-block-image size-full\"><img loading=\"lazy\" decoding=\"async\" width=\"2560\" height=\"1907\" src=\"https:\/\/www.lycee-valin.fr\/RJVALIN\/wp-content\/uploads\/2024\/12\/DADA-2-scaled.jpg\" alt=\"\" class=\"wp-image-6919\" srcset=\"https:\/\/www.lycee-valin.fr\/RJVALIN\/wp-content\/uploads\/2024\/12\/DADA-2-scaled.jpg 2560w, https:\/\/www.lycee-valin.fr\/RJVALIN\/wp-content\/uploads\/2024\/12\/DADA-2-300x223.jpg 300w, https:\/\/www.lycee-valin.fr\/RJVALIN\/wp-content\/uploads\/2024\/12\/DADA-2-1024x763.jpg 1024w, https:\/\/www.lycee-valin.fr\/RJVALIN\/wp-content\/uploads\/2024\/12\/DADA-2-768x572.jpg 768w, https:\/\/www.lycee-valin.fr\/RJVALIN\/wp-content\/uploads\/2024\/12\/DADA-2-1536x1144.jpg 1536w, https:\/\/www.lycee-valin.fr\/RJVALIN\/wp-content\/uploads\/2024\/12\/DADA-2-2048x1525.jpg 2048w\" sizes=\"(max-width: 2560px) 100vw, 2560px\" \/><\/figure>\n\n\n\n<figure class=\"wp-block-image size-full\"><img loading=\"lazy\" decoding=\"async\" width=\"1872\" height=\"1255\" src=\"https:\/\/www.lycee-valin.fr\/RJVALIN\/wp-content\/uploads\/2024\/12\/Dada-2-1.jpg\" alt=\"\" class=\"wp-image-6920\" srcset=\"https:\/\/www.lycee-valin.fr\/RJVALIN\/wp-content\/uploads\/2024\/12\/Dada-2-1.jpg 1872w, https:\/\/www.lycee-valin.fr\/RJVALIN\/wp-content\/uploads\/2024\/12\/Dada-2-1-300x201.jpg 300w, https:\/\/www.lycee-valin.fr\/RJVALIN\/wp-content\/uploads\/2024\/12\/Dada-2-1-1024x686.jpg 1024w, https:\/\/www.lycee-valin.fr\/RJVALIN\/wp-content\/uploads\/2024\/12\/Dada-2-1-768x515.jpg 768w, https:\/\/www.lycee-valin.fr\/RJVALIN\/wp-content\/uploads\/2024\/12\/Dada-2-1-1536x1030.jpg 1536w\" sizes=\"(max-width: 1872px) 100vw, 1872px\" \/><\/figure>\n\n\n\n<figure class=\"wp-block-image size-full\"><img loading=\"lazy\" decoding=\"async\" width=\"2560\" height=\"1920\" src=\"https:\/\/www.lycee-valin.fr\/RJVALIN\/wp-content\/uploads\/2024\/12\/Dada-scaled.jpeg\" alt=\"\" class=\"wp-image-6921\" srcset=\"https:\/\/www.lycee-valin.fr\/RJVALIN\/wp-content\/uploads\/2024\/12\/Dada-scaled.jpeg 2560w, https:\/\/www.lycee-valin.fr\/RJVALIN\/wp-content\/uploads\/2024\/12\/Dada-300x225.jpeg 300w, https:\/\/www.lycee-valin.fr\/RJVALIN\/wp-content\/uploads\/2024\/12\/Dada-1024x768.jpeg 1024w, https:\/\/www.lycee-valin.fr\/RJVALIN\/wp-content\/uploads\/2024\/12\/Dada-768x576.jpeg 768w, https:\/\/www.lycee-valin.fr\/RJVALIN\/wp-content\/uploads\/2024\/12\/Dada-1536x1152.jpeg 1536w, https:\/\/www.lycee-valin.fr\/RJVALIN\/wp-content\/uploads\/2024\/12\/Dada-2048x1536.jpeg 2048w\" sizes=\"(max-width: 2560px) 100vw, 2560px\" \/><\/figure>\n\n\n\n<figure class=\"wp-block-image size-full\"><img loading=\"lazy\" decoding=\"async\" width=\"2560\" height=\"1828\" src=\"https:\/\/www.lycee-valin.fr\/RJVALIN\/wp-content\/uploads\/2024\/12\/Dada-scaled.jpg\" alt=\"\" class=\"wp-image-6922\" srcset=\"https:\/\/www.lycee-valin.fr\/RJVALIN\/wp-content\/uploads\/2024\/12\/Dada-scaled.jpg 2560w, https:\/\/www.lycee-valin.fr\/RJVALIN\/wp-content\/uploads\/2024\/12\/Dada-300x214.jpg 300w, https:\/\/www.lycee-valin.fr\/RJVALIN\/wp-content\/uploads\/2024\/12\/Dada-1024x731.jpg 1024w, https:\/\/www.lycee-valin.fr\/RJVALIN\/wp-content\/uploads\/2024\/12\/Dada-768x548.jpg 768w, https:\/\/www.lycee-valin.fr\/RJVALIN\/wp-content\/uploads\/2024\/12\/Dada-1536x1097.jpg 1536w, https:\/\/www.lycee-valin.fr\/RJVALIN\/wp-content\/uploads\/2024\/12\/Dada-2048x1462.jpg 2048w\" sizes=\"(max-width: 2560px) 100vw, 2560px\" \/><\/figure>\n\n\n\n<figure class=\"wp-block-image size-full\"><img loading=\"lazy\" decoding=\"async\" width=\"2560\" height=\"1979\" src=\"https:\/\/www.lycee-valin.fr\/RJVALIN\/wp-content\/uploads\/2024\/12\/Der-Blaue-Reiter-scaled.jpg\" alt=\"\" class=\"wp-image-6924\" srcset=\"https:\/\/www.lycee-valin.fr\/RJVALIN\/wp-content\/uploads\/2024\/12\/Der-Blaue-Reiter-scaled.jpg 2560w, https:\/\/www.lycee-valin.fr\/RJVALIN\/wp-content\/uploads\/2024\/12\/Der-Blaue-Reiter-300x232.jpg 300w, https:\/\/www.lycee-valin.fr\/RJVALIN\/wp-content\/uploads\/2024\/12\/Der-Blaue-Reiter-1024x791.jpg 1024w, https:\/\/www.lycee-valin.fr\/RJVALIN\/wp-content\/uploads\/2024\/12\/Der-Blaue-Reiter-768x594.jpg 768w, https:\/\/www.lycee-valin.fr\/RJVALIN\/wp-content\/uploads\/2024\/12\/Der-Blaue-Reiter-1536x1187.jpg 1536w, https:\/\/www.lycee-valin.fr\/RJVALIN\/wp-content\/uploads\/2024\/12\/Der-Blaue-Reiter-2048x1583.jpg 2048w\" sizes=\"(max-width: 2560px) 100vw, 2560px\" \/><\/figure>\n\n\n\n<figure class=\"wp-block-image size-full\"><img loading=\"lazy\" decoding=\"async\" width=\"2560\" height=\"1803\" src=\"https:\/\/www.lycee-valin.fr\/RJVALIN\/wp-content\/uploads\/2024\/12\/Duchamp-scaled.jpeg\" alt=\"\" class=\"wp-image-6925\" srcset=\"https:\/\/www.lycee-valin.fr\/RJVALIN\/wp-content\/uploads\/2024\/12\/Duchamp-scaled.jpeg 2560w, https:\/\/www.lycee-valin.fr\/RJVALIN\/wp-content\/uploads\/2024\/12\/Duchamp-300x211.jpeg 300w, https:\/\/www.lycee-valin.fr\/RJVALIN\/wp-content\/uploads\/2024\/12\/Duchamp-1024x721.jpeg 1024w, https:\/\/www.lycee-valin.fr\/RJVALIN\/wp-content\/uploads\/2024\/12\/Duchamp-768x541.jpeg 768w, https:\/\/www.lycee-valin.fr\/RJVALIN\/wp-content\/uploads\/2024\/12\/Duchamp-1536x1082.jpeg 1536w, https:\/\/www.lycee-valin.fr\/RJVALIN\/wp-content\/uploads\/2024\/12\/Duchamp-2048x1443.jpeg 2048w\" sizes=\"(max-width: 2560px) 100vw, 2560px\" \/><\/figure>\n\n\n\n<figure class=\"wp-block-image size-full\"><img loading=\"lazy\" decoding=\"async\" width=\"2560\" height=\"1828\" src=\"https:\/\/www.lycee-valin.fr\/RJVALIN\/wp-content\/uploads\/2024\/12\/Flamands-scaled.jpg\" alt=\"\" class=\"wp-image-6927\" srcset=\"https:\/\/www.lycee-valin.fr\/RJVALIN\/wp-content\/uploads\/2024\/12\/Flamands-scaled.jpg 2560w, https:\/\/www.lycee-valin.fr\/RJVALIN\/wp-content\/uploads\/2024\/12\/Flamands-300x214.jpg 300w, https:\/\/www.lycee-valin.fr\/RJVALIN\/wp-content\/uploads\/2024\/12\/Flamands-1024x731.jpg 1024w, https:\/\/www.lycee-valin.fr\/RJVALIN\/wp-content\/uploads\/2024\/12\/Flamands-768x549.jpg 768w, https:\/\/www.lycee-valin.fr\/RJVALIN\/wp-content\/uploads\/2024\/12\/Flamands-1536x1097.jpg 1536w, https:\/\/www.lycee-valin.fr\/RJVALIN\/wp-content\/uploads\/2024\/12\/Flamands-2048x1463.jpg 2048w\" sizes=\"(max-width: 2560px) 100vw, 2560px\" \/><\/figure>\n\n\n\n<figure class=\"wp-block-image size-full\"><img loading=\"lazy\" decoding=\"async\" width=\"1244\" height=\"645\" src=\"https:\/\/www.lycee-valin.fr\/RJVALIN\/wp-content\/uploads\/2024\/12\/Frise-chronologique-Art-ancien.png\" alt=\"\" class=\"wp-image-6928\" srcset=\"https:\/\/www.lycee-valin.fr\/RJVALIN\/wp-content\/uploads\/2024\/12\/Frise-chronologique-Art-ancien.png 1244w, https:\/\/www.lycee-valin.fr\/RJVALIN\/wp-content\/uploads\/2024\/12\/Frise-chronologique-Art-ancien-300x156.png 300w, https:\/\/www.lycee-valin.fr\/RJVALIN\/wp-content\/uploads\/2024\/12\/Frise-chronologique-Art-ancien-1024x531.png 1024w, https:\/\/www.lycee-valin.fr\/RJVALIN\/wp-content\/uploads\/2024\/12\/Frise-chronologique-Art-ancien-768x398.png 768w\" sizes=\"(max-width: 1244px) 100vw, 1244px\" \/><\/figure>\n\n\n\n<figure class=\"wp-block-image size-full\"><img loading=\"lazy\" decoding=\"async\" width=\"2560\" height=\"2395\" src=\"https:\/\/www.lycee-valin.fr\/RJVALIN\/wp-content\/uploads\/2024\/12\/Quattrocento-1-scaled.jpeg\" alt=\"\" class=\"wp-image-6931\" srcset=\"https:\/\/www.lycee-valin.fr\/RJVALIN\/wp-content\/uploads\/2024\/12\/Quattrocento-1-scaled.jpeg 2560w, https:\/\/www.lycee-valin.fr\/RJVALIN\/wp-content\/uploads\/2024\/12\/Quattrocento-1-300x281.jpeg 300w, https:\/\/www.lycee-valin.fr\/RJVALIN\/wp-content\/uploads\/2024\/12\/Quattrocento-1-1024x958.jpeg 1024w, https:\/\/www.lycee-valin.fr\/RJVALIN\/wp-content\/uploads\/2024\/12\/Quattrocento-1-768x719.jpeg 768w, https:\/\/www.lycee-valin.fr\/RJVALIN\/wp-content\/uploads\/2024\/12\/Quattrocento-1-1536x1437.jpeg 1536w, https:\/\/www.lycee-valin.fr\/RJVALIN\/wp-content\/uploads\/2024\/12\/Quattrocento-1-2048x1916.jpeg 2048w\" sizes=\"(max-width: 2560px) 100vw, 2560px\" \/><\/figure>\n\n\n\n<figure class=\"wp-block-image size-full\"><img loading=\"lazy\" decoding=\"async\" width=\"2560\" height=\"1453\" src=\"https:\/\/www.lycee-valin.fr\/RJVALIN\/wp-content\/uploads\/2024\/12\/Quattrocento-1-scaled.jpg\" alt=\"\" class=\"wp-image-6932\" srcset=\"https:\/\/www.lycee-valin.fr\/RJVALIN\/wp-content\/uploads\/2024\/12\/Quattrocento-1-scaled.jpg 2560w, https:\/\/www.lycee-valin.fr\/RJVALIN\/wp-content\/uploads\/2024\/12\/Quattrocento-1-300x170.jpg 300w, https:\/\/www.lycee-valin.fr\/RJVALIN\/wp-content\/uploads\/2024\/12\/Quattrocento-1-1024x581.jpg 1024w, https:\/\/www.lycee-valin.fr\/RJVALIN\/wp-content\/uploads\/2024\/12\/Quattrocento-1-768x436.jpg 768w, https:\/\/www.lycee-valin.fr\/RJVALIN\/wp-content\/uploads\/2024\/12\/Quattrocento-1-1536x872.jpg 1536w, https:\/\/www.lycee-valin.fr\/RJVALIN\/wp-content\/uploads\/2024\/12\/Quattrocento-1-2048x1162.jpg 2048w\" sizes=\"(max-width: 2560px) 100vw, 2560px\" \/><\/figure>\n\n\n\n<p><a href=\"https:\/\/www.lycee-valin.fr\/RJVALIN\/?p=7059\">vers rendus graphiques article 2<\/a><\/p>\n\n\n\n<p><\/p>\n<div class='watch-action'><div class='watch-position align-left'><div class='action-like'><a class='lbg-style3 like-6862 jlk' href='javascript:void(0)' data-task='like' data-post_id='6862' data-nonce='ad77b67104' rel='nofollow'><img class='wti-pixel' src='https:\/\/www.lycee-valin.fr\/RJVALIN\/wp-content\/plugins\/wti-like-post\/images\/pixel.gif' title='j&#039;aime' \/><span class='lc-6862 lc'>1<\/span><\/a><\/div><\/div> <div class='status-6862 status align-left'><\/div><\/div><div class='wti-clear'><\/div>","protected":false},"excerpt":{"rendered":"<p>Les \u00e9tudiants de CPES CAAP ont quatre heures d&#8217;histoire de l&#8217;art par semaine. Le programme: du XV\u00e8me au XVII\u00e8me si\u00e8cle. L&#8217;art de la Renaissance, du baroque et du classicisme. Les avant-gardes historiques du d\u00e9but XX <a class=\"more-link\" href=\"https:\/\/www.lycee-valin.fr\/RJVALIN\/rendus-graphiques-des-cours-dhistoire-de-lart-en-cpes-caap\/\">Lire plus &#8230;<\/a><\/p>\n","protected":false},"author":21,"featured_media":6924,"comment_status":"closed","ping_status":"closed","sticky":false,"template":"","format":"standard","meta":{"footnotes":""},"categories":[88,121],"tags":[25,71,30,189,55,13],"class_list":["post-6862","post","type-post","status-publish","format-standard","has-post-thumbnail","hentry","category-arts-plastiques","category-cpes-caap","tag-arts-plastiques","tag-classe-prepa","tag-cpes-caap","tag-histoire-de-lart","tag-prepa-arts","tag-valin"],"_links":{"self":[{"href":"https:\/\/www.lycee-valin.fr\/RJVALIN\/wp-json\/wp\/v2\/posts\/6862","targetHints":{"allow":["GET"]}}],"collection":[{"href":"https:\/\/www.lycee-valin.fr\/RJVALIN\/wp-json\/wp\/v2\/posts"}],"about":[{"href":"https:\/\/www.lycee-valin.fr\/RJVALIN\/wp-json\/wp\/v2\/types\/post"}],"author":[{"embeddable":true,"href":"https:\/\/www.lycee-valin.fr\/RJVALIN\/wp-json\/wp\/v2\/users\/21"}],"replies":[{"embeddable":true,"href":"https:\/\/www.lycee-valin.fr\/RJVALIN\/wp-json\/wp\/v2\/comments?post=6862"}],"version-history":[{"count":15,"href":"https:\/\/www.lycee-valin.fr\/RJVALIN\/wp-json\/wp\/v2\/posts\/6862\/revisions"}],"predecessor-version":[{"id":7091,"href":"https:\/\/www.lycee-valin.fr\/RJVALIN\/wp-json\/wp\/v2\/posts\/6862\/revisions\/7091"}],"wp:featuredmedia":[{"embeddable":true,"href":"https:\/\/www.lycee-valin.fr\/RJVALIN\/wp-json\/wp\/v2\/media\/6924"}],"wp:attachment":[{"href":"https:\/\/www.lycee-valin.fr\/RJVALIN\/wp-json\/wp\/v2\/media?parent=6862"}],"wp:term":[{"taxonomy":"category","embeddable":true,"href":"https:\/\/www.lycee-valin.fr\/RJVALIN\/wp-json\/wp\/v2\/categories?post=6862"},{"taxonomy":"post_tag","embeddable":true,"href":"https:\/\/www.lycee-valin.fr\/RJVALIN\/wp-json\/wp\/v2\/tags?post=6862"}],"curies":[{"name":"wp","href":"https:\/\/api.w.org\/{rel}","templated":true}]}}