{"id":6447,"date":"2024-10-09T19:36:52","date_gmt":"2024-10-09T17:36:52","guid":{"rendered":"https:\/\/www.lycee-valin.fr\/RJVALIN\/?p=6447"},"modified":"2024-10-09T21:13:16","modified_gmt":"2024-10-09T19:13:16","slug":"semaine-des-metiers-de-lindustrie-pharmaceutique","status":"publish","type":"post","link":"https:\/\/www.lycee-valin.fr\/RJVALIN\/semaine-des-metiers-de-lindustrie-pharmaceutique\/","title":{"rendered":"Participation des BTS1 BioALC \u00e0 la Semaine des m\u00e9tiers de l\u2019industrie pharmaceutique"},"content":{"rendered":"\n<hr class=\"wp-block-separator has-alpha-channel-opacity\"\/>\n\n\n\n<p>Les 27&nbsp;<strong>\u00e9tudiantes et \u00e9tudiants de premi\u00e8re ann\u00e9e du BTS r\u00e9nov\u00e9 Bioanalyses en Laboratoire de Contr\u00f4le&nbsp;<\/strong>du&nbsp;<strong>Lyc\u00e9e Valin \u00e0 La Rochelle&nbsp;<\/strong>ont eu la chance et l\u2019opportunit\u00e9 de participer \u00e0 la troisi\u00e8me \u00e9dition de le&nbsp;<strong>Semaine des m\u00e9tiers de l\u2019industrie pharmaceutique \u00e0 l\u2019universit\u00e9 de La Rochelle<\/strong>&nbsp;le lundi 7 octobre 2024.<\/p>\n\n\n<div class=\"wp-block-image\">\n<figure class=\"aligncenter\"><img decoding=\"async\" src=\"https:\/\/ww2.ac-poitiers.fr\/biochimie\/sites\/biochimie\/local\/cache-vignettes\/L500xH462\/2024-10-09_091714-bc7d4.jpg?1728458658\" alt=\"2024-10-09_091714\" title=\"2024-10-09_091714\"\/><\/figure>\n<\/div>\n\n\n<p>Le programme<sup>1<\/sup>\u00e9tait riche et vari\u00e9 avec des conf\u00e9rences sur\u00a0<strong>les m\u00e9tiers du secteur pharmaceutique le matin<\/strong>\u00a0et des\u00a0<strong>ateliers pragmatiques l\u2019apr\u00e8s-midi\u00a0<\/strong>avec\u00a0<strong>am\u00e9lioration du CV et de la lettre de motivation<\/strong>\u00a0pour la recherche de stages, et une conf\u00e9rence sur l\u2019<strong>optimisation de son profil professionnel sur la plateforme LinkedIn.<\/strong><br>N\u2019h\u00e9sitez pas \u00e0 suivre la\u00a0<a href=\"https:\/\/www.linkedin.com\/company\/bts-bioanalyses-en-laboratoire-de-contr%C3%B4le-du-lyc%C3%A9e-valin-%C3%A0-la-rochelle\/?viewAsMember=true\" target=\"_blank\" rel=\"noreferrer noopener\">page Linkedin du BTS BioALC du lyc\u00e9e Valin<\/a>\u00a0pour \u00eatre au courant de toutes les actualit\u00e9s\u00a0!<\/p>\n\n\n<div class=\"wp-block-image\">\n<figure class=\"aligncenter\"><img decoding=\"async\" src=\"https:\/\/ww2.ac-poitiers.fr\/biochimie\/sites\/biochimie\/local\/cache-vignettes\/L500xH413\/2024-10-08_145155-7c379.jpg?1728458658\" alt=\"2024-10-08_145155\" title=\"2024-10-08_145155\"\/><\/figure>\n<\/div>\n\n\n<p>(1)<\/p>\n\n\n\n<p><img decoding=\"async\" src=\"https:\/\/ww2.ac-poitiers.fr\/styles\/vignettes\/pdf.png\" height=\"16\" width=\"16\" alt=\"un document\">&nbsp;<a href=\"https:\/\/ww2.ac-poitiers.fr\/biochimie\/sites\/biochimie\/IMG\/pdf\/2024-10-02-smip_2024-programme_la_rochelle.pdf\" target=\"_blank\" rel=\"noreferrer noopener\">2024-10-02-smip_2024-programme_la_rochelle<\/a>&nbsp;(PDF de 276.4&nbsp;ko)<\/p>\n\n\n\n<p><\/p>\n","protected":false},"excerpt":{"rendered":"<p>Les 27&nbsp;\u00e9tudiantes et \u00e9tudiants de premi\u00e8re ann\u00e9e du BTS r\u00e9nov\u00e9 Bioanalyses en Laboratoire de Contr\u00f4le&nbsp;du&nbsp;Lyc\u00e9e Valin \u00e0 La Rochelle&nbsp;ont eu la chance et l\u2019opportunit\u00e9 de participer \u00e0 la troisi\u00e8me \u00e9dition de le&nbsp;Semaine des m\u00e9tiers de <a class=\"more-link\" href=\"https:\/\/www.lycee-valin.fr\/RJVALIN\/semaine-des-metiers-de-lindustrie-pharmaceutique\/\">Lire plus &#8230;<\/a><\/p>\n","protected":false},"author":5,"featured_media":6453,"comment_status":"closed","ping_status":"closed","sticky":false,"template":"","format":"standard","meta":{"footnotes":""},"categories":[120,169,82,23],"tags":[],"class_list":["post-6447","post","type-post","status-publish","format-standard","has-post-thumbnail","hentry","category-actions-et-evenements","category-bts-bioalc","category-sortie-pedagogique","category-vie-au-lycee"],"_links":{"self":[{"href":"https:\/\/www.lycee-valin.fr\/RJVALIN\/wp-json\/wp\/v2\/posts\/6447","targetHints":{"allow":["GET"]}}],"collection":[{"href":"https:\/\/www.lycee-valin.fr\/RJVALIN\/wp-json\/wp\/v2\/posts"}],"about":[{"href":"https:\/\/www.lycee-valin.fr\/RJVALIN\/wp-json\/wp\/v2\/types\/post"}],"author":[{"embeddable":true,"href":"https:\/\/www.lycee-valin.fr\/RJVALIN\/wp-json\/wp\/v2\/users\/5"}],"replies":[{"embeddable":true,"href":"https:\/\/www.lycee-valin.fr\/RJVALIN\/wp-json\/wp\/v2\/comments?post=6447"}],"version-history":[{"count":6,"href":"https:\/\/www.lycee-valin.fr\/RJVALIN\/wp-json\/wp\/v2\/posts\/6447\/revisions"}],"predecessor-version":[{"id":6459,"href":"https:\/\/www.lycee-valin.fr\/RJVALIN\/wp-json\/wp\/v2\/posts\/6447\/revisions\/6459"}],"wp:featuredmedia":[{"embeddable":true,"href":"https:\/\/www.lycee-valin.fr\/RJVALIN\/wp-json\/wp\/v2\/media\/6453"}],"wp:attachment":[{"href":"https:\/\/www.lycee-valin.fr\/RJVALIN\/wp-json\/wp\/v2\/media?parent=6447"}],"wp:term":[{"taxonomy":"category","embeddable":true,"href":"https:\/\/www.lycee-valin.fr\/RJVALIN\/wp-json\/wp\/v2\/categories?post=6447"},{"taxonomy":"post_tag","embeddable":true,"href":"https:\/\/www.lycee-valin.fr\/RJVALIN\/wp-json\/wp\/v2\/tags?post=6447"}],"curies":[{"name":"wp","href":"https:\/\/api.w.org\/{rel}","templated":true}]}}