{"id":6424,"date":"2024-10-03T19:41:34","date_gmt":"2024-10-03T17:41:34","guid":{"rendered":"https:\/\/www.lycee-valin.fr\/RJVALIN\/?p=6424"},"modified":"2024-10-04T07:48:59","modified_gmt":"2024-10-04T05:48:59","slug":"nos-mecp-visitent-le-laboratoire-isatis","status":"publish","type":"post","link":"https:\/\/www.lycee-valin.fr\/RJVALIN\/nos-mecp-visitent-le-laboratoire-isatis\/","title":{"rendered":"Nos MECP visitent le laboratoire Isatis"},"content":{"rendered":"\n<p><\/p>\n\n\n\n<p>Nos \u00e9tudiantes en 2<sup>\u00e8me<\/sup> ann\u00e9e de BTS MECP (M\u00e9tiers de l&#8217;Esth\u00e9tique de la Cosm\u00e9tique de la Parfumerie) ont \u00e9t\u00e9 accueillies par <strong>Fabienne COZIC<\/strong>, directrice du <strong>Laboratoire Isatis<\/strong> \u00e0 Aytr\u00e9, sp\u00e9cialis\u00e9 dans les colorations et soins capillaires  aux colorants v\u00e9g\u00e9taux 100% naturels.<\/p>\n\n\n\n<figure class=\"wp-block-image size-large\"><img fetchpriority=\"high\" decoding=\"async\" width=\"1024\" height=\"462\" src=\"https:\/\/www.lycee-valin.fr\/RJVALIN\/wp-content\/uploads\/2024\/10\/20240930_121828-1-1024x462.jpg\" alt=\"\" class=\"wp-image-6428\" srcset=\"https:\/\/www.lycee-valin.fr\/RJVALIN\/wp-content\/uploads\/2024\/10\/20240930_121828-1-1024x462.jpg 1024w, https:\/\/www.lycee-valin.fr\/RJVALIN\/wp-content\/uploads\/2024\/10\/20240930_121828-1-300x135.jpg 300w, https:\/\/www.lycee-valin.fr\/RJVALIN\/wp-content\/uploads\/2024\/10\/20240930_121828-1-768x346.jpg 768w, https:\/\/www.lycee-valin.fr\/RJVALIN\/wp-content\/uploads\/2024\/10\/20240930_121828-1-1536x692.jpg 1536w, https:\/\/www.lycee-valin.fr\/RJVALIN\/wp-content\/uploads\/2024\/10\/20240930_121828-1-2048x923.jpg 2048w\" sizes=\"(max-width: 1024px) 100vw, 1024px\" \/><\/figure>\n\n\n\n<p>Elles ont pu \u00e9changer longuement avec cette entrepreneuse passionn\u00e9e, qui leur a expos\u00e9 toutes les \u00e9tapes de la confection de ses produits&nbsp;: le sourcing de plantes color\u00e9es dans le monde entier (une vraie baroudeuse&nbsp;!), l\u2019extraction de la mol\u00e9cule d\u2019int\u00e9r\u00eat, la formulation du produit fini, la r\u00e9glementation, la fabrication et le conditionnement.<\/p>\n\n\n\n<p>Elles ont ainsi pu d\u00e9couvrir quelques-uns de ses plus beaux pigments naturels, et percer le secret de leurs extractions.<\/p>\n\n\n\n<p>Un grand merci \u00e0 Mme Cozic d\u2019avoir pris de son temps si pr\u00e9cieux pour nos \u00e9tudiantes. Elles peuvent ainsi mieux assimiler et appr\u00e9hender les missions qui les attendent dans leur future vie professionnelle.<\/p>\n\n\n\n<figure class=\"wp-block-gallery has-nested-images columns-1 is-cropped wp-block-gallery-1 is-layout-flex wp-block-gallery-is-layout-flex\">\n<figure class=\"wp-block-image size-large\"><img decoding=\"async\" width=\"1024\" height=\"462\" data-id=\"6426\" src=\"https:\/\/www.lycee-valin.fr\/RJVALIN\/wp-content\/uploads\/2024\/10\/20240930_105254-1024x462.jpg\" alt=\"\" class=\"wp-image-6426\" srcset=\"https:\/\/www.lycee-valin.fr\/RJVALIN\/wp-content\/uploads\/2024\/10\/20240930_105254-1024x462.jpg 1024w, https:\/\/www.lycee-valin.fr\/RJVALIN\/wp-content\/uploads\/2024\/10\/20240930_105254-300x135.jpg 300w, https:\/\/www.lycee-valin.fr\/RJVALIN\/wp-content\/uploads\/2024\/10\/20240930_105254-768x346.jpg 768w, https:\/\/www.lycee-valin.fr\/RJVALIN\/wp-content\/uploads\/2024\/10\/20240930_105254-1536x692.jpg 1536w, https:\/\/www.lycee-valin.fr\/RJVALIN\/wp-content\/uploads\/2024\/10\/20240930_105254-2048x923.jpg 2048w\" sizes=\"(max-width: 1024px) 100vw, 1024px\" \/><\/figure>\n\n\n\n<figure class=\"wp-block-image size-large\"><img decoding=\"async\" width=\"1024\" height=\"462\" data-id=\"6427\" src=\"https:\/\/www.lycee-valin.fr\/RJVALIN\/wp-content\/uploads\/2024\/10\/20240930_110132-1024x462.jpg\" alt=\"\" class=\"wp-image-6427\" srcset=\"https:\/\/www.lycee-valin.fr\/RJVALIN\/wp-content\/uploads\/2024\/10\/20240930_110132-1024x462.jpg 1024w, https:\/\/www.lycee-valin.fr\/RJVALIN\/wp-content\/uploads\/2024\/10\/20240930_110132-300x135.jpg 300w, https:\/\/www.lycee-valin.fr\/RJVALIN\/wp-content\/uploads\/2024\/10\/20240930_110132-768x346.jpg 768w, https:\/\/www.lycee-valin.fr\/RJVALIN\/wp-content\/uploads\/2024\/10\/20240930_110132-1536x692.jpg 1536w, https:\/\/www.lycee-valin.fr\/RJVALIN\/wp-content\/uploads\/2024\/10\/20240930_110132-2048x923.jpg 2048w\" sizes=\"(max-width: 1024px) 100vw, 1024px\" \/><\/figure>\n\n\n\n<figure class=\"wp-block-image size-large\"><img loading=\"lazy\" decoding=\"async\" width=\"462\" height=\"1024\" data-id=\"6429\" src=\"https:\/\/www.lycee-valin.fr\/RJVALIN\/wp-content\/uploads\/2024\/10\/20240930_120124-462x1024.jpg\" alt=\"\" class=\"wp-image-6429\" srcset=\"https:\/\/www.lycee-valin.fr\/RJVALIN\/wp-content\/uploads\/2024\/10\/20240930_120124-462x1024.jpg 462w, https:\/\/www.lycee-valin.fr\/RJVALIN\/wp-content\/uploads\/2024\/10\/20240930_120124-135x300.jpg 135w, https:\/\/www.lycee-valin.fr\/RJVALIN\/wp-content\/uploads\/2024\/10\/20240930_120124-768x1704.jpg 768w, https:\/\/www.lycee-valin.fr\/RJVALIN\/wp-content\/uploads\/2024\/10\/20240930_120124-692x1536.jpg 692w, https:\/\/www.lycee-valin.fr\/RJVALIN\/wp-content\/uploads\/2024\/10\/20240930_120124-923x2048.jpg 923w, https:\/\/www.lycee-valin.fr\/RJVALIN\/wp-content\/uploads\/2024\/10\/20240930_120124-scaled.jpg 1154w\" sizes=\"(max-width: 462px) 100vw, 462px\" \/><\/figure>\n\n\n\n<figure class=\"wp-block-image size-large\"><img loading=\"lazy\" decoding=\"async\" width=\"1024\" height=\"462\" data-id=\"6425\" src=\"https:\/\/www.lycee-valin.fr\/RJVALIN\/wp-content\/uploads\/2024\/10\/20240930_103219-1024x462.jpg\" alt=\"Nos \u00e9tudiantes en 2\u00e8me ann\u00e9e de BTS MECP (M\u00e9tiers de l'Esth\u00e9tique de la Cosm\u00e9tique de la Parfumerie) ont \u00e9t\u00e9 accueillies par Fabienne COZIC, directrice du Laboratoire Isatis \u00e0 Aytr\u00e9, sp\u00e9cialis\u00e9 dans les colorations et soins capillaires v\u00e9g\u00e9tale aux colorants 100% naturels.\nElles ont pu \u00e9changer longuement avec cette entrepreneuse passionn\u00e9e, qui leur a expliqu\u00e9 toutes les \u00e9tapes de la confection de ses produits : le sourcing de plantes color\u00e9es dans le monde entier (une vraie baroudeuse !), l\u2019extraction de la mol\u00e9cule d\u2019int\u00e9r\u00eat, la formulation du produit fini, la r\u00e9glementation, la fabrication et le conditionnement. \nElles ont ainsi pu d\u00e9couvrir quelques-uns de ses plus beaux pigments naturels, et percer le secret de leurs extractions.\nUn grand merci \u00e0 Mme Cozic d\u2019avoir pris de son temps si pr\u00e9cieux pour nos \u00e9tudiantes. Elles peuvent ainsi mieux assimiler et appr\u00e9hender les missions qui les attendent dans leur future vie professionnelle.\n\" class=\"wp-image-6425\" srcset=\"https:\/\/www.lycee-valin.fr\/RJVALIN\/wp-content\/uploads\/2024\/10\/20240930_103219-1024x462.jpg 1024w, https:\/\/www.lycee-valin.fr\/RJVALIN\/wp-content\/uploads\/2024\/10\/20240930_103219-300x135.jpg 300w, https:\/\/www.lycee-valin.fr\/RJVALIN\/wp-content\/uploads\/2024\/10\/20240930_103219-768x346.jpg 768w, https:\/\/www.lycee-valin.fr\/RJVALIN\/wp-content\/uploads\/2024\/10\/20240930_103219-1536x692.jpg 1536w, https:\/\/www.lycee-valin.fr\/RJVALIN\/wp-content\/uploads\/2024\/10\/20240930_103219-2048x923.jpg 2048w\" sizes=\"(max-width: 1024px) 100vw, 1024px\" \/><\/figure>\n<\/figure>\n\n\n\n<p><\/p>\n","protected":false},"excerpt":{"rendered":"<p>Nos \u00e9tudiantes en 2\u00e8me ann\u00e9e de BTS MECP  ont \u00e9t\u00e9 accueillies par Fabienne COZIC, sp\u00e9cialis\u00e9 dans les colorations et soins capillaires v\u00e9g\u00e9tale aux colorants 100% naturels.<\/p>\n<p> <a class=\"more-link\" href=\"https:\/\/www.lycee-valin.fr\/RJVALIN\/nos-mecp-visitent-le-laboratoire-isatis\/\">Lire plus &#8230;<\/a><\/p>\n","protected":false},"author":53,"featured_media":6428,"comment_status":"closed","ping_status":"closed","sticky":true,"template":"","format":"standard","meta":{"footnotes":""},"categories":[81,82],"tags":[],"class_list":["post-6424","post","type-post","status-publish","format-standard","has-post-thumbnail","hentry","category-bts-mecp","category-sortie-pedagogique"],"_links":{"self":[{"href":"https:\/\/www.lycee-valin.fr\/RJVALIN\/wp-json\/wp\/v2\/posts\/6424","targetHints":{"allow":["GET"]}}],"collection":[{"href":"https:\/\/www.lycee-valin.fr\/RJVALIN\/wp-json\/wp\/v2\/posts"}],"about":[{"href":"https:\/\/www.lycee-valin.fr\/RJVALIN\/wp-json\/wp\/v2\/types\/post"}],"author":[{"embeddable":true,"href":"https:\/\/www.lycee-valin.fr\/RJVALIN\/wp-json\/wp\/v2\/users\/53"}],"replies":[{"embeddable":true,"href":"https:\/\/www.lycee-valin.fr\/RJVALIN\/wp-json\/wp\/v2\/comments?post=6424"}],"version-history":[{"count":7,"href":"https:\/\/www.lycee-valin.fr\/RJVALIN\/wp-json\/wp\/v2\/posts\/6424\/revisions"}],"predecessor-version":[{"id":6445,"href":"https:\/\/www.lycee-valin.fr\/RJVALIN\/wp-json\/wp\/v2\/posts\/6424\/revisions\/6445"}],"wp:featuredmedia":[{"embeddable":true,"href":"https:\/\/www.lycee-valin.fr\/RJVALIN\/wp-json\/wp\/v2\/media\/6428"}],"wp:attachment":[{"href":"https:\/\/www.lycee-valin.fr\/RJVALIN\/wp-json\/wp\/v2\/media?parent=6424"}],"wp:term":[{"taxonomy":"category","embeddable":true,"href":"https:\/\/www.lycee-valin.fr\/RJVALIN\/wp-json\/wp\/v2\/categories?post=6424"},{"taxonomy":"post_tag","embeddable":true,"href":"https:\/\/www.lycee-valin.fr\/RJVALIN\/wp-json\/wp\/v2\/tags?post=6424"}],"curies":[{"name":"wp","href":"https:\/\/api.w.org\/{rel}","templated":true}]}}