{"id":6412,"date":"2024-10-02T18:31:17","date_gmt":"2024-10-02T16:31:17","guid":{"rendered":"https:\/\/www.lycee-valin.fr\/RJVALIN\/?p=6412"},"modified":"2024-10-12T12:05:45","modified_gmt":"2024-10-12T10:05:45","slug":"barry-ace-olive-martin-et-patrick-bernier-et-le-mobile-decolonial-do-tank","status":"publish","type":"post","link":"https:\/\/www.lycee-valin.fr\/RJVALIN\/barry-ace-olive-martin-et-patrick-bernier-et-le-mobile-decolonial-do-tank\/","title":{"rendered":"Barry Ace, Olive Martin et Patrick Bernier et le Mobile Decolonial Do Tank"},"content":{"rendered":"\n<p><\/p>\n\n\n\n<figure class=\"wp-block-image size-large\"><img fetchpriority=\"high\" decoding=\"async\" width=\"1024\" height=\"768\" src=\"https:\/\/www.lycee-valin.fr\/RJVALIN\/wp-content\/uploads\/2024\/10\/01-1024x768.jpg\" alt=\"\" class=\"wp-image-6413\" srcset=\"https:\/\/www.lycee-valin.fr\/RJVALIN\/wp-content\/uploads\/2024\/10\/01-1024x768.jpg 1024w, https:\/\/www.lycee-valin.fr\/RJVALIN\/wp-content\/uploads\/2024\/10\/01-300x225.jpg 300w, https:\/\/www.lycee-valin.fr\/RJVALIN\/wp-content\/uploads\/2024\/10\/01-768x576.jpg 768w, https:\/\/www.lycee-valin.fr\/RJVALIN\/wp-content\/uploads\/2024\/10\/01.jpg 1500w\" sizes=\"(max-width: 1024px) 100vw, 1024px\" \/><figcaption class=\"wp-element-caption\">Le m\u00e9tier \u00e0 tisser employ\u00e9 par les 3 artistes pour r\u00e9aliser cette ceinture rituelle<\/figcaption><\/figure>\n\n\n\n<p><\/p>\n\n\n\n<p>Entre le 30 ao\u00fbt et le 4 octobre, Intermondes Humanit\u00e9s Oc\u00e9anes a accueilli le <a href=\"https:\/\/elegoa.com\/fr\/content\/MDDT-groupe-d'action-mobile-decolonial\" data-type=\"link\" data-id=\"https:\/\/elegoa.com\/fr\/content\/MDDT-groupe-d'action-mobile-decolonial\">Mobile Decolonial Do Tank<\/a> (MDDT&nbsp;: groupe d\u2019action qui met en lien cr\u00e9ateurs et communaut\u00e9s autochtones avec les mus\u00e9es europ\u00e9ens et les r\u00e9gions qui pr\u00e9servent ou exposent la culture mat\u00e9rielle, les arts et le patrimoine autochtones), projet initi\u00e9 par la commissaire d\u2019exposition canadienne <a href=\"https:\/\/www.intermondes.fr\/residences\/residence-de-recherche---sicot\" data-type=\"link\" data-id=\"https:\/\/www.intermondes.fr\/residences\/residence-de-recherche---sicot\">Catherine Sicot<\/a>.<\/p>\n\n\n\n<p>Celle-ci a r\u00e9uni \u00e0 La Rochelle, <a href=\"https:\/\/www.barryacearts.com\/\" data-type=\"link\" data-id=\"https:\/\/www.barryacearts.com\/\">Barry Ace<\/a>, un artiste originaire<br>d\u2019Ottawa, capitale du Canada que les populations natives nomment l<em>\u2019\u00eele de la<br>grande tortue<\/em>, et deux artistes fran\u00e7ais, <a href=\"https:\/\/poleartsvisuels-pdl.fr\/actions\/trajet3-focus-laureat-la-deparleuse\/\" data-type=\"link\" data-id=\"https:\/\/poleartsvisuels-pdl.fr\/actions\/trajet3-focus-laureat-la-deparleuse\/\">Olive Martin et Patrick Bernier<\/a>, qu\u2019il a<br>rencontr\u00e9 l\u2019ann\u00e9e derni\u00e8re \u00e0 Nantes.Ceux-ci sont tomb\u00e9s dans l\u2019art du tissage et se sont form\u00e9s au S\u00e9n\u00e9gal, un pays o\u00f9 l\u2019art du tissage est tr\u00e8s r\u00e9pandu et convoqu\u00e9 pour des occasions diverses telles que des mariages ou des naissances. Ils y ont d\u00e9couvert diff\u00e9rentes utilisations du m\u00e9tier \u00e0 tisser qu\u2019ils ont continu\u00e9 \u00e0 d\u00e9velopper dans leur bateau atelier de Nantes.<\/p>\n\n\n\n<figure class=\"wp-block-image size-large\"><img decoding=\"async\" width=\"1024\" height=\"768\" src=\"https:\/\/www.lycee-valin.fr\/RJVALIN\/wp-content\/uploads\/2024\/10\/02-1024x768.jpg\" alt=\"\" class=\"wp-image-6415\" srcset=\"https:\/\/www.lycee-valin.fr\/RJVALIN\/wp-content\/uploads\/2024\/10\/02-1024x768.jpg 1024w, https:\/\/www.lycee-valin.fr\/RJVALIN\/wp-content\/uploads\/2024\/10\/02-300x225.jpg 300w, https:\/\/www.lycee-valin.fr\/RJVALIN\/wp-content\/uploads\/2024\/10\/02-768x576.jpg 768w, https:\/\/www.lycee-valin.fr\/RJVALIN\/wp-content\/uploads\/2024\/10\/02.jpg 1500w\" sizes=\"(max-width: 1024px) 100vw, 1024px\" \/><figcaption class=\"wp-element-caption\">la ceinture et les motifs r\u00e9alis\u00e9s sur le m\u00e9tier \u00e0 tisser<\/figcaption><\/figure>\n\n\n\n<figure class=\"wp-block-image size-large\"><img decoding=\"async\" width=\"1024\" height=\"768\" src=\"https:\/\/www.lycee-valin.fr\/RJVALIN\/wp-content\/uploads\/2024\/10\/03-1024x768.jpg\" alt=\"\" class=\"wp-image-6414\" srcset=\"https:\/\/www.lycee-valin.fr\/RJVALIN\/wp-content\/uploads\/2024\/10\/03-1024x768.jpg 1024w, https:\/\/www.lycee-valin.fr\/RJVALIN\/wp-content\/uploads\/2024\/10\/03-300x225.jpg 300w, https:\/\/www.lycee-valin.fr\/RJVALIN\/wp-content\/uploads\/2024\/10\/03-768x576.jpg 768w, https:\/\/www.lycee-valin.fr\/RJVALIN\/wp-content\/uploads\/2024\/10\/03.jpg 1500w\" sizes=\"(max-width: 1024px) 100vw, 1024px\" \/><figcaption class=\"wp-element-caption\">Barry Ace \u00e0 droite, Patrick Bernier \u00e0 gauche et Olive Martin de dos, affair\u00e9s au tissage de la ceinture.<\/figcaption><\/figure>\n\n\n\n<p>Cette collaboration consiste en la fabrication d\u2019une ceinture qui repr\u00e9sente les cultes autochtones. Ils r\u00e9alisent cette \u0153uvre dans un objectif d\u00e9colonial, car beaucoup d\u2019objets rituels ou sacr\u00e9s sont actuellement dans des mus\u00e9es, enlev\u00e9s \u00e0 leurs peuples lors de la colonisation. Or, leur place est aupr\u00e8s des populations auxquelles ils appartiennent. Cette ceinture a donc comme objectif de figurer et d\u2019expliquer les rituels dans cette perspective d\u00e9coloniale.<\/p>\n\n\n\n<p>La CPES-CAAP Valin est all\u00e9e \u00e0 la rencontre de ces artistes alors qu\u2019ils r\u00e9alisaient ce travail. Quand nous sommes arriv\u00e9s, nous nous sommes \u00e9tonn\u00e9s et avons demand\u00e9 ce qu\u2019\u00e9tait l\u2019installation devant nous (le m\u00e9tier a tisser, r\u00e9alis\u00e9 \u00e0 partir d&#8217;un \u00e9chafaudage galvanis\u00e9), Barry Ace nous a alors r\u00e9pondu \u00ab&nbsp;un ordinateur&nbsp;\u00bb. En effet le m\u00e9tier \u00e0 tisser repose sur un principe binaire, bi-optionnel, passer le fil de cha\u00eene au-dessus ou en dessous du fil de trame (0\/1\/0\/0\/0\/1\/1\/0&#8230;). De plus les motifs r\u00e9alis\u00e9s \u00e9voquent par les couleurs et traits choisis&nbsp;la carte m\u00e8re d\u2019un ordinateur.<\/p>\n\n\n\n<figure class=\"wp-block-image size-large\"><img loading=\"lazy\" decoding=\"async\" width=\"843\" height=\"1024\" src=\"https:\/\/www.lycee-valin.fr\/RJVALIN\/wp-content\/uploads\/2024\/10\/Circuit3-copy-1-843x1024.jpg\" alt=\"\" class=\"wp-image-6417\" srcset=\"https:\/\/www.lycee-valin.fr\/RJVALIN\/wp-content\/uploads\/2024\/10\/Circuit3-copy-1-843x1024.jpg 843w, https:\/\/www.lycee-valin.fr\/RJVALIN\/wp-content\/uploads\/2024\/10\/Circuit3-copy-1-247x300.jpg 247w, https:\/\/www.lycee-valin.fr\/RJVALIN\/wp-content\/uploads\/2024\/10\/Circuit3-copy-1-768x933.jpg 768w, https:\/\/www.lycee-valin.fr\/RJVALIN\/wp-content\/uploads\/2024\/10\/Circuit3-copy-1.jpg 926w\" sizes=\"(max-width: 843px) 100vw, 843px\" \/><figcaption class=\"wp-element-caption\">la carte m\u00e8re<\/figcaption><\/figure>\n\n\n\n<figure class=\"wp-block-image size-large is-resized\"><img loading=\"lazy\" decoding=\"async\" width=\"1024\" height=\"199\" src=\"https:\/\/www.lycee-valin.fr\/RJVALIN\/wp-content\/uploads\/2024\/10\/beltcomplete-copy-scaled-1-1024x199.jpg\" alt=\"\" class=\"wp-image-6416\" style=\"width:540px;height:auto\" srcset=\"https:\/\/www.lycee-valin.fr\/RJVALIN\/wp-content\/uploads\/2024\/10\/beltcomplete-copy-scaled-1-1024x199.jpg 1024w, https:\/\/www.lycee-valin.fr\/RJVALIN\/wp-content\/uploads\/2024\/10\/beltcomplete-copy-scaled-1-300x58.jpg 300w, https:\/\/www.lycee-valin.fr\/RJVALIN\/wp-content\/uploads\/2024\/10\/beltcomplete-copy-scaled-1-768x149.jpg 768w, https:\/\/www.lycee-valin.fr\/RJVALIN\/wp-content\/uploads\/2024\/10\/beltcomplete-copy-scaled-1-1536x298.jpg 1536w, https:\/\/www.lycee-valin.fr\/RJVALIN\/wp-content\/uploads\/2024\/10\/beltcomplete-copy-scaled-1-2048x398.jpg 2048w\" sizes=\"(max-width: 1024px) 100vw, 1024px\" \/><figcaption class=\"wp-element-caption\"><em><strong>Bsaakwabwidmaagan<\/strong><\/em>, la ceinture dans son int\u00e9gralit\u00e9 r\u00e9alis\u00e9e au Centre Intermondes<\/figcaption><\/figure>\n\n\n\n<p>Cette ceinture ( dont le titre est <em><strong>Bsaakwabwidmaagan<\/strong> <\/em>ramener quelquechose \u00e0 son propri\u00e9taire en ouataouais) est \u00e9galement porteuse de message, et ce \u00e0 plusieurs \u00e9chelles. En effet, cette derni\u00e8re transmet \u00e0 la fois un message de paix et d\u2019entente, mais elle est \u00e9galement un symbole d\u2019\u00e9change pour les peuples autochtones ayant subi la colonisation de pays europ\u00e9ens. Cette \u0153uvre est \u00e9galement pens\u00e9e comme un langage visuel visant \u00e0 inciter \u00e0 rendre ce qui appartient \u00e0 la culture autochtone. Elle occupe ainsi un r\u00f4le \u00e0 la fois diplomatique, sacr\u00e9 et contractuel. La pratique artistique de Barry Ace donne alors une nouvelle forme de vie \u00e0 ces objets de tissage, en inculquant de nouveaux messages au sein m\u00eame d\u2019une pratique pourtant ancestrale.<\/p>\n\n\n\n<p>L\u2019artiste nous a \u00e9galement expliqu\u00e9 plus en d\u00e9tail la signification des motifs visibles sur l\u2019ouvrage. Certains d\u2019entre eux \u00e0 l\u2019apparence pourtant abstraite repr\u00e9sentent en fait la croyance autochtone du <em>skyworld<\/em> et de l\u2019<em>underworld<\/em>, soit le monde du dessus et le monde du dessous.<\/p>\n\n\n\n<p>Dans les croyances autochtones, ces deux royaumes seraient destin\u00e9s \u00e0 mener une bataille perp\u00e9tuelle et \u00e0 forces \u00e9gales, cr\u00e9ant ainsi une forme d\u2019\u00e9quilibre dans le monde des hommes. Cependant, toujours selon ces croyances, ce combat serait aujourd\u2019hui d\u00e9s\u00e9quilibr\u00e9, causant ainsi de nombreuses perturbations au sein de notre monde bloqu\u00e9 entre ces deux derniers.<\/p>\n\n\n\n<figure class=\"wp-block-image size-large\"><img loading=\"lazy\" decoding=\"async\" width=\"1024\" height=\"768\" src=\"https:\/\/www.lycee-valin.fr\/RJVALIN\/wp-content\/uploads\/2024\/10\/Baaskwabwidmaagen7-1024x768.jpg\" alt=\"\" class=\"wp-image-6418\" srcset=\"https:\/\/www.lycee-valin.fr\/RJVALIN\/wp-content\/uploads\/2024\/10\/Baaskwabwidmaagen7-1024x768.jpg 1024w, https:\/\/www.lycee-valin.fr\/RJVALIN\/wp-content\/uploads\/2024\/10\/Baaskwabwidmaagen7-300x225.jpg 300w, https:\/\/www.lycee-valin.fr\/RJVALIN\/wp-content\/uploads\/2024\/10\/Baaskwabwidmaagen7-768x576.jpg 768w, https:\/\/www.lycee-valin.fr\/RJVALIN\/wp-content\/uploads\/2024\/10\/Baaskwabwidmaagen7.jpg 1125w\" sizes=\"(max-width: 1024px) 100vw, 1024px\" \/><figcaption class=\"wp-element-caption\">La ceinture telle qu&#8217;elle a \u00e9t\u00e9 pr\u00e9sent\u00e9e sur le m\u00e9tier \u00e0 tisser, le weekend des 13 et 14 septembre 2024 au Centre Intermondes Humanit\u00e9s Oc\u00e9anes<\/figcaption><\/figure>\n\n\n\n<p>La culture autochtone n\u2019est pas la seule chose repr\u00e9sent\u00e9e sur ce tissage, une carte m\u00e8re repr\u00e9sent\u00e9e plut\u00f4t clairement au d\u00e9but de la ceinture ainsi qu&#8217;un bateau \u00e9voquant l&#8217;atelier des deux artistes nantais cohabitent avec les motifs traditionnels. Cette notion d\u2019hybridation des objets est en fait tr\u00e8s famili\u00e8re \u00e0 l\u2019artiste outaouais, puisqu\u2019il a \u00e9galement d\u00e9j\u00e0 produit des ceintures de perles incrust\u00e9es de petits composants \u00e9lectroniques. Modernit\u00e9 et technique ancestrale se retrouvent donc m\u00eal\u00e9s.<\/p>\n\n\n\n<p>Concernant l\u2019avenir de cette \u0153uvre, lorsque nous avons questionn\u00e9 l\u2019artiste au sujet de sa finalit\u00e9, ce dernier nous a r\u00e9pondu que ce tissage n\u2019\u00e9tait pas destin\u00e9 \u00e0 \u00eatre un jour v\u00e9ritablement achev\u00e9, mais qu\u2019il resterait sur le m\u00e9tier \u00e0 tisser, en \u00e9tat de production.<\/p>\n\n\n\n<p><\/p>\n\n\n\n<figure class=\"wp-block-image size-large\"><img loading=\"lazy\" decoding=\"async\" width=\"768\" height=\"1024\" src=\"https:\/\/www.lycee-valin.fr\/RJVALIN\/wp-content\/uploads\/2024\/10\/Medallions2-768x1024.jpg\" alt=\"\" class=\"wp-image-6419\" srcset=\"https:\/\/www.lycee-valin.fr\/RJVALIN\/wp-content\/uploads\/2024\/10\/Medallions2-768x1024.jpg 768w, https:\/\/www.lycee-valin.fr\/RJVALIN\/wp-content\/uploads\/2024\/10\/Medallions2-225x300.jpg 225w, https:\/\/www.lycee-valin.fr\/RJVALIN\/wp-content\/uploads\/2024\/10\/Medallions2.jpg 881w\" sizes=\"(max-width: 768px) 100vw, 768px\" \/><figcaption class=\"wp-element-caption\">La ceinture telle qu&#8217;elle a \u00e9t\u00e9 pr\u00e9sent\u00e9e sur le m\u00e9tier \u00e0 tisser, le weekend des 13 et 14 septembre 2024 au Centre Intermondes Humanit\u00e9s Oc\u00e9anes<\/figcaption><\/figure>\n\n\n\n<p><\/p>\n\n\n\n<p>Compte-rendu r\u00e9alis\u00e9 par Oc\u00e9ane Challal &amp; Madeleine Vinatier, \u00e9tudiantes en CPES-CAAP au lyc\u00e9e Ren\u00e9 Josu\u00e9 Valin<\/p>\n\n\n\n<p><\/p>\n","protected":false},"excerpt":{"rendered":"<p>Entre le 30 ao\u00fbt et le 4 octobre, Intermondes Humanit\u00e9s Oc\u00e9anes a accueilli le Mobile Decolonial Do Tank (MDDT&nbsp;: groupe d\u2019action qui met en lien cr\u00e9ateurs et communaut\u00e9s autochtones avec les mus\u00e9es europ\u00e9ens et les <a class=\"more-link\" href=\"https:\/\/www.lycee-valin.fr\/RJVALIN\/barry-ace-olive-martin-et-patrick-bernier-et-le-mobile-decolonial-do-tank\/\">Lire plus &#8230;<\/a><\/p>\n","protected":false},"author":16,"featured_media":6415,"comment_status":"closed","ping_status":"closed","sticky":false,"template":"","format":"standard","meta":{"footnotes":""},"categories":[120,88,121,82],"tags":[51,25,71,31,32,55,61,13],"class_list":["post-6412","post","type-post","status-publish","format-standard","has-post-thumbnail","hentry","category-actions-et-evenements","category-arts-plastiques","category-cpes-caap","category-sortie-pedagogique","tag-arts","tag-arts-plastiques","tag-classe-prepa","tag-cpes","tag-cpescaap","tag-prepa-arts","tag-rencontre-avec-loeuvre","tag-valin"],"_links":{"self":[{"href":"https:\/\/www.lycee-valin.fr\/RJVALIN\/wp-json\/wp\/v2\/posts\/6412","targetHints":{"allow":["GET"]}}],"collection":[{"href":"https:\/\/www.lycee-valin.fr\/RJVALIN\/wp-json\/wp\/v2\/posts"}],"about":[{"href":"https:\/\/www.lycee-valin.fr\/RJVALIN\/wp-json\/wp\/v2\/types\/post"}],"author":[{"embeddable":true,"href":"https:\/\/www.lycee-valin.fr\/RJVALIN\/wp-json\/wp\/v2\/users\/16"}],"replies":[{"embeddable":true,"href":"https:\/\/www.lycee-valin.fr\/RJVALIN\/wp-json\/wp\/v2\/comments?post=6412"}],"version-history":[{"count":2,"href":"https:\/\/www.lycee-valin.fr\/RJVALIN\/wp-json\/wp\/v2\/posts\/6412\/revisions"}],"predecessor-version":[{"id":6462,"href":"https:\/\/www.lycee-valin.fr\/RJVALIN\/wp-json\/wp\/v2\/posts\/6412\/revisions\/6462"}],"wp:featuredmedia":[{"embeddable":true,"href":"https:\/\/www.lycee-valin.fr\/RJVALIN\/wp-json\/wp\/v2\/media\/6415"}],"wp:attachment":[{"href":"https:\/\/www.lycee-valin.fr\/RJVALIN\/wp-json\/wp\/v2\/media?parent=6412"}],"wp:term":[{"taxonomy":"category","embeddable":true,"href":"https:\/\/www.lycee-valin.fr\/RJVALIN\/wp-json\/wp\/v2\/categories?post=6412"},{"taxonomy":"post_tag","embeddable":true,"href":"https:\/\/www.lycee-valin.fr\/RJVALIN\/wp-json\/wp\/v2\/tags?post=6412"}],"curies":[{"name":"wp","href":"https:\/\/api.w.org\/{rel}","templated":true}]}}