{"id":6135,"date":"2024-06-16T14:56:11","date_gmt":"2024-06-16T12:56:11","guid":{"rendered":"https:\/\/www.lycee-valin.fr\/RJVALIN\/?p=6135"},"modified":"2024-06-16T15:01:17","modified_gmt":"2024-06-16T13:01:17","slug":"laureate-du-lycee-valin-au-concours-deloquence-ciceronnades","status":"publish","type":"post","link":"https:\/\/www.lycee-valin.fr\/RJVALIN\/laureate-du-lycee-valin-au-concours-deloquence-ciceronnades\/","title":{"rendered":"Laur\u00e9ats du Lyc\u00e9e Valin au Concours d&#8217;\u00e9loquence Cic\u00e9ronnades"},"content":{"rendered":"\n<hr class=\"wp-block-separator has-alpha-channel-opacity\"\/>\n\n\n\n<p><strong>Les \u00e9l\u00e8ves lusistes<\/strong> ont particip\u00e9 au <strong>concours d&#8217;\u00e9loquence Cic\u00e9ronnades organis\u00e9 par l&#8217;Acad\u00e9mie d&#8217;Orleans-Tours<\/strong>. Ce concours consiste \u00e0 d\u00e9clamer un texte en langue \u00e9trang\u00e8re ou en langues anciennes enseign\u00e9es en France ou dans les \u00e9tablissements fran\u00e7ais \u00e0 l&#8217;\u00e9tranger.<\/p>\n\n\n\n<p>Le jury a s\u00e9lectionn\u00e9 seulement 3 vid\u00e9os parmi tous les candidats. Le d\u00e9fis nous a \u00e9t\u00e9 lanc\u00e9 par M. PAIVA au mois de janvier et a \u00e9t\u00e9 r\u00e9alis\u00e9 avec grand enthousiasme!<\/p>\n\n\n\n<p><strong>Les 3 \u00e9l\u00e8ves participant \u00e0 ce concours, Rita NOGUEIRA, Anna LABOURIE-De OLIVEIRA et Enzo LAMBERTIN ont d\u00e9clam\u00e9 le po\u00e8me &#8220;<em>Auto-estrada<\/em>&#8220;de l&#8217;\u00e9crivain portugais Ant\u00f3nio Gede\u00e3o.&nbsp;&nbsp;<\/strong><\/p>\n\n\n\n<p>Parmi les 1509 participants, <strong>Rita NOGUEIRA est fi\u00e8re de remporter le 3\u00e8me prix pour le Lyc\u00e9e Valin lors<\/strong> de la remise des prix, le 12 juin,&nbsp;au Ch\u00e2teau de Chambord.<\/p>\n\n\n\n<p>F\u00e9licitations \u00e0 tout le monde!<br><strong>PAIVA SANTOS NUNO<\/strong><\/p>\n\n\n\n<figure class=\"wp-block-gallery has-nested-images columns-default is-cropped\"><\/figure>\n\n\n\n<div class=\"wp-block-group\"><div class=\"wp-block-group__inner-container is-layout-constrained wp-block-group-is-layout-constrained\">\n<figure class=\"wp-block-image\"><img fetchpriority=\"high\" decoding=\"async\" width=\"796\" height=\"592\" src=\"https:\/\/www.lycee-valin.fr\/RJVALIN\/wp-content\/uploads\/2024\/06\/2024-06-16_145320.jpg\" alt=\"\" class=\"wp-image-6152\" srcset=\"https:\/\/www.lycee-valin.fr\/RJVALIN\/wp-content\/uploads\/2024\/06\/2024-06-16_145320.jpg 796w, https:\/\/www.lycee-valin.fr\/RJVALIN\/wp-content\/uploads\/2024\/06\/2024-06-16_145320-300x223.jpg 300w, https:\/\/www.lycee-valin.fr\/RJVALIN\/wp-content\/uploads\/2024\/06\/2024-06-16_145320-768x571.jpg 768w\" sizes=\"(max-width: 796px) 100vw, 796px\" \/><\/figure>\n\n\n<div class=\"wp-block-image\">\n<figure class=\"aligncenter\"><img decoding=\"async\" width=\"749\" height=\"588\" src=\"https:\/\/www.lycee-valin.fr\/RJVALIN\/wp-content\/uploads\/2024\/06\/2024-06-16_145339.jpg\" alt=\"\" class=\"wp-image-6151\" srcset=\"https:\/\/www.lycee-valin.fr\/RJVALIN\/wp-content\/uploads\/2024\/06\/2024-06-16_145339.jpg 749w, https:\/\/www.lycee-valin.fr\/RJVALIN\/wp-content\/uploads\/2024\/06\/2024-06-16_145339-300x236.jpg 300w\" sizes=\"(max-width: 749px) 100vw, 749px\" \/><\/figure>\n<\/div><\/div><\/div>\n\n\n\n<figure class=\"wp-block-image size-full\"><img decoding=\"async\" width=\"790\" height=\"555\" src=\"https:\/\/www.lycee-valin.fr\/RJVALIN\/wp-content\/uploads\/2024\/06\/2024-06-16_145303.jpg\" alt=\"\" class=\"wp-image-6153\" srcset=\"https:\/\/www.lycee-valin.fr\/RJVALIN\/wp-content\/uploads\/2024\/06\/2024-06-16_145303.jpg 790w, https:\/\/www.lycee-valin.fr\/RJVALIN\/wp-content\/uploads\/2024\/06\/2024-06-16_145303-300x211.jpg 300w, https:\/\/www.lycee-valin.fr\/RJVALIN\/wp-content\/uploads\/2024\/06\/2024-06-16_145303-768x540.jpg 768w\" sizes=\"(max-width: 790px) 100vw, 790px\" \/><\/figure>\n","protected":false},"excerpt":{"rendered":"<p>Les \u00e9l\u00e8ves lusistes ont particip\u00e9 au concours d&#8217;\u00e9loquence Cic\u00e9ronnades organis\u00e9 par l&#8217;Acad\u00e9mie d&#8217;Orleans-Tours. Ce concours consiste \u00e0 d\u00e9clamer un texte en langue \u00e9trang\u00e8re ou en langues anciennes enseign\u00e9es en France ou dans les \u00e9tablissements fran\u00e7ais <a class=\"more-link\" href=\"https:\/\/www.lycee-valin.fr\/RJVALIN\/laureate-du-lycee-valin-au-concours-deloquence-ciceronnades\/\">Lire plus &#8230;<\/a><\/p>\n","protected":false},"author":1,"featured_media":6153,"comment_status":"closed","ping_status":"closed","sticky":false,"template":"","format":"standard","meta":{"footnotes":""},"categories":[174,82,23],"tags":[],"class_list":["post-6135","post","type-post","status-publish","format-standard","has-post-thumbnail","hentry","category-portugais","category-sortie-pedagogique","category-vie-au-lycee"],"_links":{"self":[{"href":"https:\/\/www.lycee-valin.fr\/RJVALIN\/wp-json\/wp\/v2\/posts\/6135","targetHints":{"allow":["GET"]}}],"collection":[{"href":"https:\/\/www.lycee-valin.fr\/RJVALIN\/wp-json\/wp\/v2\/posts"}],"about":[{"href":"https:\/\/www.lycee-valin.fr\/RJVALIN\/wp-json\/wp\/v2\/types\/post"}],"author":[{"embeddable":true,"href":"https:\/\/www.lycee-valin.fr\/RJVALIN\/wp-json\/wp\/v2\/users\/1"}],"replies":[{"embeddable":true,"href":"https:\/\/www.lycee-valin.fr\/RJVALIN\/wp-json\/wp\/v2\/comments?post=6135"}],"version-history":[{"count":5,"href":"https:\/\/www.lycee-valin.fr\/RJVALIN\/wp-json\/wp\/v2\/posts\/6135\/revisions"}],"predecessor-version":[{"id":6160,"href":"https:\/\/www.lycee-valin.fr\/RJVALIN\/wp-json\/wp\/v2\/posts\/6135\/revisions\/6160"}],"wp:featuredmedia":[{"embeddable":true,"href":"https:\/\/www.lycee-valin.fr\/RJVALIN\/wp-json\/wp\/v2\/media\/6153"}],"wp:attachment":[{"href":"https:\/\/www.lycee-valin.fr\/RJVALIN\/wp-json\/wp\/v2\/media?parent=6135"}],"wp:term":[{"taxonomy":"category","embeddable":true,"href":"https:\/\/www.lycee-valin.fr\/RJVALIN\/wp-json\/wp\/v2\/categories?post=6135"},{"taxonomy":"post_tag","embeddable":true,"href":"https:\/\/www.lycee-valin.fr\/RJVALIN\/wp-json\/wp\/v2\/tags?post=6135"}],"curies":[{"name":"wp","href":"https:\/\/api.w.org\/{rel}","templated":true}]}}