{"id":6049,"date":"2024-05-06T13:01:12","date_gmt":"2024-05-06T11:01:12","guid":{"rendered":"https:\/\/www.lycee-valin.fr\/RJVALIN\/?p=6049"},"modified":"2026-04-25T12:05:06","modified_gmt":"2026-04-25T10:05:06","slug":"fete-des-biotechnologies-2024","status":"publish","type":"post","link":"https:\/\/www.lycee-valin.fr\/RJVALIN\/fete-des-biotechnologies-2024\/","title":{"rendered":"\u00a0* F\u00eate des Biotechnologies 2024 *"},"content":{"rendered":"\n<hr class=\"wp-block-separator has-alpha-channel-opacity\"\/>\n\n\n\n<p class=\"has-text-align-center\"><strong>Un grand merci \u00e0 vous tous, plus de 500 visiteurs actifs&#8230;<\/strong><\/p>\n\n\n\n<p class=\"has-text-align-center\"><strong>\u200bmais aussi aux \u00e9l\u00e8ves STL Biotechnologies pour avoir contribu\u00e9 \u00e0 ce moment tr\u00e8s convivial et avoir montr\u00e9 leurs activit\u00e9s en laboratoire<\/strong>&nbsp;(en mod\u00e8le tr\u00e8s r\u00e9duit)&nbsp;<strong>dans la cour du Lyc\u00e9e Valin<\/strong>.<\/p>\n\n\n\n<p class=\"has-text-align-center\"><strong>Les Biotechnologies sont des sciences du vivant tr\u00e8s rigoureuses et d&#8217;avenir dans de nombreux domaines.<\/strong><\/p>\n\n\n\n<p class=\"has-text-align-center\">\u200bF\u00e9licitations plus particuli\u00e8rement \u00e0 l&#8217;\u00e9quipe rouge (Biotech. de la sant\u00e9) !<\/p>\n\n\n\n<p class=\"has-text-align-center\">\u200bNous remercions chaleureusement tous les coll\u00e8gues qui se sont investis dans ce projet et plus particuli\u00e8rement tous nos techniciens !<\/p>\n\n\n\n<p class=\"has-text-align-center\"><strong>\u200bCette premi\u00e8re \u00e9dition a \u00e9t\u00e9 visiblement appr\u00e9ci\u00e9e&#8230;alors \u00e0 l&#8217;an prochain.<\/strong><\/p>\n\n\n\n<hr class=\"wp-block-separator has-alpha-channel-opacity\"\/>\n\n\n\n<figure class=\"wp-block-embed is-type-video is-provider-youtube wp-block-embed-youtube wp-embed-aspect-16-9 wp-has-aspect-ratio\"><div class=\"wp-block-embed__wrapper\">\n<iframe title=\"@F\u00eate des biotechnologies Valin 2024\" width=\"540\" height=\"304\" src=\"https:\/\/www.youtube.com\/embed\/Aj_yUwJB9QA?feature=oembed\" frameborder=\"0\" allow=\"accelerometer; autoplay; clipboard-write; encrypted-media; gyroscope; picture-in-picture; web-share\" referrerpolicy=\"strict-origin-when-cross-origin\" allowfullscreen><\/iframe>\n<\/div><\/figure>\n\n\n\n<hr class=\"wp-block-separator has-alpha-channel-opacity\"\/>\n\n\n\n<figure class=\"wp-block-image size-large\"><img fetchpriority=\"high\" decoding=\"async\" width=\"1024\" height=\"1024\" src=\"https:\/\/www.lycee-valin.fr\/RJVALIN\/wp-content\/uploads\/2024\/05\/582f798a-b39a-4f56-963f-d302394b3573-1024x1024.jpeg\" alt=\"\" class=\"wp-image-6057\" srcset=\"https:\/\/www.lycee-valin.fr\/RJVALIN\/wp-content\/uploads\/2024\/05\/582f798a-b39a-4f56-963f-d302394b3573-1024x1024.jpeg 1024w, https:\/\/www.lycee-valin.fr\/RJVALIN\/wp-content\/uploads\/2024\/05\/582f798a-b39a-4f56-963f-d302394b3573-300x300.jpeg 300w, https:\/\/www.lycee-valin.fr\/RJVALIN\/wp-content\/uploads\/2024\/05\/582f798a-b39a-4f56-963f-d302394b3573-150x150.jpeg 150w, https:\/\/www.lycee-valin.fr\/RJVALIN\/wp-content\/uploads\/2024\/05\/582f798a-b39a-4f56-963f-d302394b3573-768x768.jpeg 768w, https:\/\/www.lycee-valin.fr\/RJVALIN\/wp-content\/uploads\/2024\/05\/582f798a-b39a-4f56-963f-d302394b3573-1536x1536.jpeg 1536w, https:\/\/www.lycee-valin.fr\/RJVALIN\/wp-content\/uploads\/2024\/05\/582f798a-b39a-4f56-963f-d302394b3573-2048x2048.jpeg 2048w, https:\/\/www.lycee-valin.fr\/RJVALIN\/wp-content\/uploads\/2024\/05\/582f798a-b39a-4f56-963f-d302394b3573-70x70.jpeg 70w\" sizes=\"(max-width: 1024px) 100vw, 1024px\" \/><\/figure>\n\n\n\n<figure class=\"wp-block-image size-large\"><img decoding=\"async\" width=\"1024\" height=\"1024\" src=\"https:\/\/www.lycee-valin.fr\/RJVALIN\/wp-content\/uploads\/2024\/05\/9b37811a-95cd-433c-adb3-2eb012c9e325-1024x1024.jpeg\" alt=\"\" class=\"wp-image-6058\" srcset=\"https:\/\/www.lycee-valin.fr\/RJVALIN\/wp-content\/uploads\/2024\/05\/9b37811a-95cd-433c-adb3-2eb012c9e325-1024x1024.jpeg 1024w, https:\/\/www.lycee-valin.fr\/RJVALIN\/wp-content\/uploads\/2024\/05\/9b37811a-95cd-433c-adb3-2eb012c9e325-300x300.jpeg 300w, https:\/\/www.lycee-valin.fr\/RJVALIN\/wp-content\/uploads\/2024\/05\/9b37811a-95cd-433c-adb3-2eb012c9e325-150x150.jpeg 150w, https:\/\/www.lycee-valin.fr\/RJVALIN\/wp-content\/uploads\/2024\/05\/9b37811a-95cd-433c-adb3-2eb012c9e325-768x768.jpeg 768w, https:\/\/www.lycee-valin.fr\/RJVALIN\/wp-content\/uploads\/2024\/05\/9b37811a-95cd-433c-adb3-2eb012c9e325-1536x1536.jpeg 1536w, https:\/\/www.lycee-valin.fr\/RJVALIN\/wp-content\/uploads\/2024\/05\/9b37811a-95cd-433c-adb3-2eb012c9e325-2048x2048.jpeg 2048w, https:\/\/www.lycee-valin.fr\/RJVALIN\/wp-content\/uploads\/2024\/05\/9b37811a-95cd-433c-adb3-2eb012c9e325-70x70.jpeg 70w\" sizes=\"(max-width: 1024px) 100vw, 1024px\" \/><\/figure>\n\n\n\n<p class=\"has-text-align-center\"><strong>Deuxi\u00e8me partie de la journ\u00e9e avec les Olympiades de la Biotechnologie<\/strong>&#8230;<\/p>\n\n\n\n<p class=\"has-text-align-center\">de tr\u00e8s bons moments o\u00f9 les \u00e9l\u00e8ves de 2nd (option Biotech.), premi\u00e8re et terminale STL Biotechnologies (125 \u00e9l\u00e8ves) ont pu partager ensemble une apr\u00e8s midi, &#8220;r\u00e9viser ou apprendre&#8221; ensemble de mani\u00e8re ludique des notions scientifiques&#8230;<\/p>\n\n\n\n<p class=\"has-text-align-center\">Bref une tr\u00e8s bonne ambiance et une belle convivialit\u00e9, avec la pr\u00e9cieuse complicit\u00e9 des enseignants et des personnels pr\u00e9sents, sans oublier nos anciens \u00e9l\u00e8ves. <\/p>\n\n\n\n<p class=\"has-text-align-center\"><strong>Merci \u00e0 vous tous&nbsp;!<\/strong><\/p>\n\n\n\n<figure class=\"wp-block-image size-large\"><img decoding=\"async\" width=\"1024\" height=\"1024\" src=\"https:\/\/www.lycee-valin.fr\/RJVALIN\/wp-content\/uploads\/2024\/05\/5ed19b7c-8d55-44e0-9082-dff1878bc089-1024x1024.jpeg\" alt=\"\" class=\"wp-image-6059\" srcset=\"https:\/\/www.lycee-valin.fr\/RJVALIN\/wp-content\/uploads\/2024\/05\/5ed19b7c-8d55-44e0-9082-dff1878bc089-1024x1024.jpeg 1024w, https:\/\/www.lycee-valin.fr\/RJVALIN\/wp-content\/uploads\/2024\/05\/5ed19b7c-8d55-44e0-9082-dff1878bc089-300x300.jpeg 300w, https:\/\/www.lycee-valin.fr\/RJVALIN\/wp-content\/uploads\/2024\/05\/5ed19b7c-8d55-44e0-9082-dff1878bc089-150x150.jpeg 150w, https:\/\/www.lycee-valin.fr\/RJVALIN\/wp-content\/uploads\/2024\/05\/5ed19b7c-8d55-44e0-9082-dff1878bc089-768x768.jpeg 768w, https:\/\/www.lycee-valin.fr\/RJVALIN\/wp-content\/uploads\/2024\/05\/5ed19b7c-8d55-44e0-9082-dff1878bc089-1536x1536.jpeg 1536w, https:\/\/www.lycee-valin.fr\/RJVALIN\/wp-content\/uploads\/2024\/05\/5ed19b7c-8d55-44e0-9082-dff1878bc089-2048x2048.jpeg 2048w, https:\/\/www.lycee-valin.fr\/RJVALIN\/wp-content\/uploads\/2024\/05\/5ed19b7c-8d55-44e0-9082-dff1878bc089-70x70.jpeg 70w\" sizes=\"(max-width: 1024px) 100vw, 1024px\" \/><\/figure>\n\n\n\n<figure class=\"wp-block-image size-large\"><img loading=\"lazy\" decoding=\"async\" width=\"1024\" height=\"1024\" src=\"https:\/\/www.lycee-valin.fr\/RJVALIN\/wp-content\/uploads\/2024\/05\/95dfdd36-d538-4257-9c98-0f383df18f89-1024x1024.jpeg\" alt=\"\" class=\"wp-image-6060\" srcset=\"https:\/\/www.lycee-valin.fr\/RJVALIN\/wp-content\/uploads\/2024\/05\/95dfdd36-d538-4257-9c98-0f383df18f89-1024x1024.jpeg 1024w, https:\/\/www.lycee-valin.fr\/RJVALIN\/wp-content\/uploads\/2024\/05\/95dfdd36-d538-4257-9c98-0f383df18f89-300x300.jpeg 300w, https:\/\/www.lycee-valin.fr\/RJVALIN\/wp-content\/uploads\/2024\/05\/95dfdd36-d538-4257-9c98-0f383df18f89-150x150.jpeg 150w, https:\/\/www.lycee-valin.fr\/RJVALIN\/wp-content\/uploads\/2024\/05\/95dfdd36-d538-4257-9c98-0f383df18f89-768x768.jpeg 768w, https:\/\/www.lycee-valin.fr\/RJVALIN\/wp-content\/uploads\/2024\/05\/95dfdd36-d538-4257-9c98-0f383df18f89-1536x1536.jpeg 1536w, https:\/\/www.lycee-valin.fr\/RJVALIN\/wp-content\/uploads\/2024\/05\/95dfdd36-d538-4257-9c98-0f383df18f89-2048x2048.jpeg 2048w, https:\/\/www.lycee-valin.fr\/RJVALIN\/wp-content\/uploads\/2024\/05\/95dfdd36-d538-4257-9c98-0f383df18f89-70x70.jpeg 70w\" sizes=\"(max-width: 1024px) 100vw, 1024px\" \/><\/figure>\n\n\n\n<p>\u200b<\/p>\n\n\n\n<p>\u200bL&#8217;\u00e9quipe des Biotechnologies<\/p>\n\n\n\n<p><em>Par&nbsp;<a href=\"https:\/\/mon.lyceeconnecte.fr\/userbook\/annuaire#\/b40a43af-8d77-445a-8640-a5df4188d060\">BRUNA SANDRINE<\/a>, samedi 27 avril 2024<\/em><\/p>\n\n\n\n<figure class=\"wp-block-image size-full\"><img loading=\"lazy\" decoding=\"async\" width=\"587\" height=\"821\" src=\"https:\/\/www.lycee-valin.fr\/RJVALIN\/wp-content\/uploads\/2024\/05\/c2ea2ed7-aa4c-4b0a-a4ba-58445c752d62-1.png\" alt=\"\" class=\"wp-image-6062\" srcset=\"https:\/\/www.lycee-valin.fr\/RJVALIN\/wp-content\/uploads\/2024\/05\/c2ea2ed7-aa4c-4b0a-a4ba-58445c752d62-1.png 587w, https:\/\/www.lycee-valin.fr\/RJVALIN\/wp-content\/uploads\/2024\/05\/c2ea2ed7-aa4c-4b0a-a4ba-58445c752d62-1-214x300.png 214w\" sizes=\"(max-width: 587px) 100vw, 587px\" \/><\/figure>\n\n\n\n<p><\/p>\n","protected":false},"excerpt":{"rendered":"<p>Un grand merci \u00e0 vous tous, plus de 500 visiteurs actifs&#8230; \u200bmais aussi aux \u00e9l\u00e8ves STL Biotechnologies pour avoir contribu\u00e9 \u00e0 ce moment tr\u00e8s convivial et avoir montr\u00e9 leurs activit\u00e9s en laboratoire&nbsp;(en mod\u00e8le tr\u00e8s r\u00e9duit)&nbsp;dans <a class=\"more-link\" href=\"https:\/\/www.lycee-valin.fr\/RJVALIN\/fete-des-biotechnologies-2024\/\">Lire plus &#8230;<\/a><\/p>\n","protected":false},"author":5,"featured_media":6053,"comment_status":"closed","ping_status":"closed","sticky":false,"template":"","format":"standard","meta":{"footnotes":""},"categories":[120,68,240,96,26,23],"tags":[],"class_list":["post-6049","post","type-post","status-publish","format-standard","has-post-thumbnail","hentry","category-actions-et-evenements","category-biotechnologie","category-fete-de-la-biotech","category-informations","category-le-lycee","category-vie-au-lycee"],"_links":{"self":[{"href":"https:\/\/www.lycee-valin.fr\/RJVALIN\/wp-json\/wp\/v2\/posts\/6049","targetHints":{"allow":["GET"]}}],"collection":[{"href":"https:\/\/www.lycee-valin.fr\/RJVALIN\/wp-json\/wp\/v2\/posts"}],"about":[{"href":"https:\/\/www.lycee-valin.fr\/RJVALIN\/wp-json\/wp\/v2\/types\/post"}],"author":[{"embeddable":true,"href":"https:\/\/www.lycee-valin.fr\/RJVALIN\/wp-json\/wp\/v2\/users\/5"}],"replies":[{"embeddable":true,"href":"https:\/\/www.lycee-valin.fr\/RJVALIN\/wp-json\/wp\/v2\/comments?post=6049"}],"version-history":[{"count":6,"href":"https:\/\/www.lycee-valin.fr\/RJVALIN\/wp-json\/wp\/v2\/posts\/6049\/revisions"}],"predecessor-version":[{"id":6068,"href":"https:\/\/www.lycee-valin.fr\/RJVALIN\/wp-json\/wp\/v2\/posts\/6049\/revisions\/6068"}],"wp:featuredmedia":[{"embeddable":true,"href":"https:\/\/www.lycee-valin.fr\/RJVALIN\/wp-json\/wp\/v2\/media\/6053"}],"wp:attachment":[{"href":"https:\/\/www.lycee-valin.fr\/RJVALIN\/wp-json\/wp\/v2\/media?parent=6049"}],"wp:term":[{"taxonomy":"category","embeddable":true,"href":"https:\/\/www.lycee-valin.fr\/RJVALIN\/wp-json\/wp\/v2\/categories?post=6049"},{"taxonomy":"post_tag","embeddable":true,"href":"https:\/\/www.lycee-valin.fr\/RJVALIN\/wp-json\/wp\/v2\/tags?post=6049"}],"curies":[{"name":"wp","href":"https:\/\/api.w.org\/{rel}","templated":true}]}}