{"id":5831,"date":"2024-03-16T16:32:56","date_gmt":"2024-03-16T15:32:56","guid":{"rendered":"https:\/\/www.lycee-valin.fr\/RJVALIN\/?p=5831"},"modified":"2024-03-16T16:32:57","modified_gmt":"2024-03-16T15:32:57","slug":"rencontre-avec-lautrice-et-artiste-verena-gotthardr","status":"publish","type":"post","link":"https:\/\/www.lycee-valin.fr\/RJVALIN\/rencontre-avec-lautrice-et-artiste-verena-gotthardr\/","title":{"rendered":"Rencontre avec l&#8217;autrice et artiste Verena Gotthardr"},"content":{"rendered":"\n<p> avec le soutien de l&#8217;association LEAR<\/p>\n\n\n\n<p>Les classes de germanistes rencontr\u00e8rent l&#8217;autrice le 8 novembre 2023. Gr\u00e2ce au soutien de l&#8217;association LEAR, les \u00e9l\u00e8ves ont pu rencontrer Verena Gotthardt, qui \u00e9tait alors en r\u00e9sidence d&#8217;\u00e9criture \u00e0 La Rochelle.<\/p>\n\n\n\n<p>Agathe Roulet, une \u00e9l\u00e8ve de la terminale euro anima la rencontre. Mme Gotthardt vient de la r\u00e9gion bilangue K\u00e4rnten en Autriche. Elle parle donc couramment allemand et slov\u00e8ne. Elle repr\u00e9sente ainsi parfaitement l&#8217;Europe. Elle n&#8217;est pas seulement autrice et photographe, mais cherche \u00e0 lier souvent les deux arts.<\/p>\n\n\n\n<p>Les \u00e9l\u00e8ves avaient \u00e9tudi\u00e9 en amont une partie de son oeuvre: po\u00e8me et prose et s&#8217;en \u00e9taient inspir\u00e9s en lui donnant des interpr\u00e9tations sous forme de dessins, de mises en sc\u00e8ne des tableaux vivants et de nouveaux textes. Le jour de la rencontre, Mme Gotthardt sut capter l&#8217;attention des \u00e9l\u00e8ves par sa prestation passionn\u00e9e. Ensuite, les \u00e9l\u00e8ves avaient l&#8217;occassion de poser des questions. Un concours de traduction d&#8217;un extrait d&#8217;un texte conclut la rencontre et Mme Gotthardt choisit deux groupes de participants pour leur traduction r\u00e9ussie.<\/p>\n\n\n\n<p>Nous remercions Verena Gotthardt, Agathe, l&#8217;association Lear et nous esp\u00e9rons de pouvoir bient\u00f4t accueillir un autre auteur germanophone!<\/p>\n","protected":false},"excerpt":{"rendered":"<p>avec le soutien de l&#8217;association LEAR Les classes de germanistes rencontr\u00e8rent l&#8217;autrice le 8 novembre 2023. Gr\u00e2ce au soutien de l&#8217;association LEAR, les \u00e9l\u00e8ves ont pu rencontrer Verena Gotthardt, qui \u00e9tait alors en r\u00e9sidence d&#8217;\u00e9criture <a class=\"more-link\" href=\"https:\/\/www.lycee-valin.fr\/RJVALIN\/rencontre-avec-lautrice-et-artiste-verena-gotthardr\/\">Lire plus &#8230;<\/a><\/p>\n","protected":false},"author":24,"featured_media":5832,"comment_status":"closed","ping_status":"closed","sticky":false,"template":"","format":"standard","meta":{"footnotes":""},"categories":[120,100,132,23],"tags":[],"class_list":["post-5831","post","type-post","status-publish","format-standard","has-post-thumbnail","hentry","category-actions-et-evenements","category-allemand","category-euro-allemand","category-vie-au-lycee"],"_links":{"self":[{"href":"https:\/\/www.lycee-valin.fr\/RJVALIN\/wp-json\/wp\/v2\/posts\/5831","targetHints":{"allow":["GET"]}}],"collection":[{"href":"https:\/\/www.lycee-valin.fr\/RJVALIN\/wp-json\/wp\/v2\/posts"}],"about":[{"href":"https:\/\/www.lycee-valin.fr\/RJVALIN\/wp-json\/wp\/v2\/types\/post"}],"author":[{"embeddable":true,"href":"https:\/\/www.lycee-valin.fr\/RJVALIN\/wp-json\/wp\/v2\/users\/24"}],"replies":[{"embeddable":true,"href":"https:\/\/www.lycee-valin.fr\/RJVALIN\/wp-json\/wp\/v2\/comments?post=5831"}],"version-history":[{"count":1,"href":"https:\/\/www.lycee-valin.fr\/RJVALIN\/wp-json\/wp\/v2\/posts\/5831\/revisions"}],"predecessor-version":[{"id":5833,"href":"https:\/\/www.lycee-valin.fr\/RJVALIN\/wp-json\/wp\/v2\/posts\/5831\/revisions\/5833"}],"wp:featuredmedia":[{"embeddable":true,"href":"https:\/\/www.lycee-valin.fr\/RJVALIN\/wp-json\/wp\/v2\/media\/5832"}],"wp:attachment":[{"href":"https:\/\/www.lycee-valin.fr\/RJVALIN\/wp-json\/wp\/v2\/media?parent=5831"}],"wp:term":[{"taxonomy":"category","embeddable":true,"href":"https:\/\/www.lycee-valin.fr\/RJVALIN\/wp-json\/wp\/v2\/categories?post=5831"},{"taxonomy":"post_tag","embeddable":true,"href":"https:\/\/www.lycee-valin.fr\/RJVALIN\/wp-json\/wp\/v2\/tags?post=5831"}],"curies":[{"name":"wp","href":"https:\/\/api.w.org\/{rel}","templated":true}]}}