{"id":5637,"date":"2024-01-31T19:25:20","date_gmt":"2024-01-31T18:25:20","guid":{"rendered":"https:\/\/www.lycee-valin.fr\/RJVALIN\/?p=5637"},"modified":"2024-01-31T19:25:21","modified_gmt":"2024-01-31T18:25:21","slug":"jpo-cpes-caap-version-visio-7-fevrier-17h30-19h00","status":"publish","type":"post","link":"https:\/\/www.lycee-valin.fr\/RJVALIN\/jpo-cpes-caap-version-visio-7-fevrier-17h30-19h00\/","title":{"rendered":"JPO CPES-CAAP version VISIO                     7 f\u00e9vrier 17h30-19h00"},"content":{"rendered":"\n<p class=\"has-text-align-right\"><strong>Loin des yeux mais pas du c\u0153ur !<\/strong><\/p>\n\n\n\n<figure class=\"wp-block-image size-large\"><img fetchpriority=\"high\" decoding=\"async\" width=\"721\" height=\"1024\" src=\"https:\/\/www.lycee-valin.fr\/RJVALIN\/wp-content\/uploads\/2024\/01\/Collage-photofiltre-721x1024.png\" alt=\"\" class=\"wp-image-5639\" srcset=\"https:\/\/www.lycee-valin.fr\/RJVALIN\/wp-content\/uploads\/2024\/01\/Collage-photofiltre-721x1024.png 721w, https:\/\/www.lycee-valin.fr\/RJVALIN\/wp-content\/uploads\/2024\/01\/Collage-photofiltre-211x300.png 211w, https:\/\/www.lycee-valin.fr\/RJVALIN\/wp-content\/uploads\/2024\/01\/Collage-photofiltre-768x1091.png 768w, https:\/\/www.lycee-valin.fr\/RJVALIN\/wp-content\/uploads\/2024\/01\/Collage-photofiltre-1082x1536.png 1082w, https:\/\/www.lycee-valin.fr\/RJVALIN\/wp-content\/uploads\/2024\/01\/Collage-photofiltre.png 1228w\" sizes=\"(max-width: 721px) 100vw, 721px\" \/><figcaption class=\"wp-element-caption\">visuel : Chlo\u00e9 Le Guennec<\/figcaption><\/figure>\n\n\n\n<p>Certain.es d&#8217;entre vous ne pourront se joindre \u00e0 nous samedi 3 f\u00e9vrier pour nous rencontrer au lyc\u00e9e Valin. Dommage ! on avait m\u00eame pr\u00e9vu une exposition pour vous !! <\/p>\n\n\n\n<p>Dans ce but, nous ouvrirons <strong>une visioconf\u00e9rence mercredi 7 f\u00e9vrier de 17h30 \u00e0 19h00.<\/strong> Vous pourrez poser vos questions et une rapide pr\u00e9sentation de la classe vous sera faite en d\u00e9but de visio.<\/p>\n\n\n\n<p>LIEN : <\/p>\n\n\n\n<p> <strong><a href=\"https:\/\/visio-agents.education.fr\/meeting\/signin\/136908\/creator\/80949\/hash\/78f5dff8473bdbcdd920234f0e941a78f32ce3f1\">https:\/\/visio-agents.education.fr\/meeting\/signin\/136908\/creator\/80949\/hash\/78f5dff8473bdbcdd920234f0e941a78f32ce3f1<\/a><\/strong><br><\/p>\n\n\n\n<p>Pr\u00e9parez quelques questions, allez sur<strong> <a href=\"https:\/\/www.instagram.com\/cpescaapvalin\/\" data-type=\"link\" data-id=\"https:\/\/www.instagram.com\/cpescaapvalin\/\">l&#8217;instagram de la classe @cpescaap.valin<\/a>,<\/strong> vous pouvez \u00e9galement aller voir cette vid\u00e9o de &#8220;pr\u00e9sentation&#8221; qui date maintenant de 2021 (et qu&#8217;on retournera l&#8217;ann\u00e9e prochaine car nous aurons de nouveaux locaux !) :\u00a0<\/p>\n\n\n\n<figure class=\"wp-block-embed is-type-video is-provider-youtube wp-block-embed-youtube wp-embed-aspect-16-9 wp-has-aspect-ratio\"><div class=\"wp-block-embed__wrapper\">\n<iframe title=\"CPES CAAP VALIN\" width=\"540\" height=\"304\" src=\"https:\/\/www.youtube.com\/embed\/M28outWwfWg?feature=oembed\" frameborder=\"0\" allow=\"accelerometer; autoplay; clipboard-write; encrypted-media; gyroscope; picture-in-picture; web-share\" referrerpolicy=\"strict-origin-when-cross-origin\" allowfullscreen><\/iframe>\n<\/div><\/figure>\n\n\n\n<p>Vous pouvez bien s\u00fbr inviter vos parents \u00e0 se joindre \u00e0 nous pour discuter de votre projet d&#8217;\u00e9tude !<br><\/p>\n\n\n\n<p><\/p>\n","protected":false},"excerpt":{"rendered":"<p>Loin des yeux mais pas du c\u0153ur ! Certain.es d&#8217;entre vous ne pourront se joindre \u00e0 nous samedi 3 f\u00e9vrier pour nous rencontrer au lyc\u00e9e Valin. Dommage ! on avait m\u00eame pr\u00e9vu une exposition pour <a class=\"more-link\" href=\"https:\/\/www.lycee-valin.fr\/RJVALIN\/jpo-cpes-caap-version-visio-7-fevrier-17h30-19h00\/\">Lire plus &#8230;<\/a><\/p>\n","protected":false},"author":16,"featured_media":5638,"comment_status":"closed","ping_status":"closed","sticky":false,"template":"","format":"standard","meta":{"footnotes":""},"categories":[1],"tags":[],"class_list":["post-5637","post","type-post","status-publish","format-standard","has-post-thumbnail","hentry","category-non-classe"],"_links":{"self":[{"href":"https:\/\/www.lycee-valin.fr\/RJVALIN\/wp-json\/wp\/v2\/posts\/5637","targetHints":{"allow":["GET"]}}],"collection":[{"href":"https:\/\/www.lycee-valin.fr\/RJVALIN\/wp-json\/wp\/v2\/posts"}],"about":[{"href":"https:\/\/www.lycee-valin.fr\/RJVALIN\/wp-json\/wp\/v2\/types\/post"}],"author":[{"embeddable":true,"href":"https:\/\/www.lycee-valin.fr\/RJVALIN\/wp-json\/wp\/v2\/users\/16"}],"replies":[{"embeddable":true,"href":"https:\/\/www.lycee-valin.fr\/RJVALIN\/wp-json\/wp\/v2\/comments?post=5637"}],"version-history":[{"count":1,"href":"https:\/\/www.lycee-valin.fr\/RJVALIN\/wp-json\/wp\/v2\/posts\/5637\/revisions"}],"predecessor-version":[{"id":5640,"href":"https:\/\/www.lycee-valin.fr\/RJVALIN\/wp-json\/wp\/v2\/posts\/5637\/revisions\/5640"}],"wp:featuredmedia":[{"embeddable":true,"href":"https:\/\/www.lycee-valin.fr\/RJVALIN\/wp-json\/wp\/v2\/media\/5638"}],"wp:attachment":[{"href":"https:\/\/www.lycee-valin.fr\/RJVALIN\/wp-json\/wp\/v2\/media?parent=5637"}],"wp:term":[{"taxonomy":"category","embeddable":true,"href":"https:\/\/www.lycee-valin.fr\/RJVALIN\/wp-json\/wp\/v2\/categories?post=5637"},{"taxonomy":"post_tag","embeddable":true,"href":"https:\/\/www.lycee-valin.fr\/RJVALIN\/wp-json\/wp\/v2\/tags?post=5637"}],"curies":[{"name":"wp","href":"https:\/\/api.w.org\/{rel}","templated":true}]}}