{"id":5565,"date":"2024-01-12T11:27:40","date_gmt":"2024-01-12T10:27:40","guid":{"rendered":"https:\/\/www.lycee-valin.fr\/RJVALIN\/?p=5565"},"modified":"2024-01-13T04:43:21","modified_gmt":"2024-01-13T03:43:21","slug":"1er-challenge-crossfit-au-lycee-releve-le-defi","status":"publish","type":"post","link":"https:\/\/www.lycee-valin.fr\/RJVALIN\/1er-challenge-crossfit-au-lycee-releve-le-defi\/","title":{"rendered":"1er CHALLENGE CROSSFIT AU LYCEE : RELEVE LE DEFI !"},"content":{"rendered":"\n<p>La section Cross-training de l&#8217;Association sportive organise son premier challenge au lyc\u00e9e sur le midi deux <strong>mardi 30 janvier 2024<\/strong>. Il est ouvert \u00e0 tous, m\u00eame non licenci\u00e9s \u00e0 l&#8217;AS.<\/p>\n\n\n\n<p>Trois d\u00e9fis de diff\u00e9rents niveaux de difficult\u00e9 sont propos\u00e9s ; pour relever le d\u00e9fi, il faut \u00eatre une \u00e9quipe de 4 (filles, gar\u00e7ons ou mixte), des fiches d&#8217;inscription sont disponibles \u00e0 l&#8217;entr\u00e9e du gymnase.<\/p>\n\n\n\n<figure class=\"wp-block-image size-large\"><img fetchpriority=\"high\" decoding=\"async\" width=\"1024\" height=\"683\" src=\"https:\/\/www.lycee-valin.fr\/RJVALIN\/wp-content\/uploads\/2024\/01\/cordes-ondulatoires-1024x683.jpg\" alt=\"\" class=\"wp-image-5566\" srcset=\"https:\/\/www.lycee-valin.fr\/RJVALIN\/wp-content\/uploads\/2024\/01\/cordes-ondulatoires-1024x683.jpg 1024w, https:\/\/www.lycee-valin.fr\/RJVALIN\/wp-content\/uploads\/2024\/01\/cordes-ondulatoires-300x200.jpg 300w, https:\/\/www.lycee-valin.fr\/RJVALIN\/wp-content\/uploads\/2024\/01\/cordes-ondulatoires-768x512.jpg 768w, https:\/\/www.lycee-valin.fr\/RJVALIN\/wp-content\/uploads\/2024\/01\/cordes-ondulatoires-1536x1024.jpg 1536w, https:\/\/www.lycee-valin.fr\/RJVALIN\/wp-content\/uploads\/2024\/01\/cordes-ondulatoires.jpg 1824w\" sizes=\"(max-width: 1024px) 100vw, 1024px\" \/><\/figure>\n","protected":false},"excerpt":{"rendered":"<p>La section Cross-training de l&#8217;Association sportive organise son premier challenge au lyc\u00e9e sur le midi deux mardi 30 janvier 2024. Il est ouvert \u00e0 tous, m\u00eame non licenci\u00e9s \u00e0 l&#8217;AS. Trois d\u00e9fis de diff\u00e9rents niveaux <a class=\"more-link\" href=\"https:\/\/www.lycee-valin.fr\/RJVALIN\/1er-challenge-crossfit-au-lycee-releve-le-defi\/\">Lire plus &#8230;<\/a><\/p>\n","protected":false},"author":51,"featured_media":5566,"comment_status":"closed","ping_status":"closed","sticky":false,"template":"","format":"standard","meta":{"footnotes":""},"categories":[120,113,102,23],"tags":[],"class_list":["post-5565","post","type-post","status-publish","format-standard","has-post-thumbnail","hentry","category-actions-et-evenements","category-association","category-eps","category-vie-au-lycee"],"_links":{"self":[{"href":"https:\/\/www.lycee-valin.fr\/RJVALIN\/wp-json\/wp\/v2\/posts\/5565","targetHints":{"allow":["GET"]}}],"collection":[{"href":"https:\/\/www.lycee-valin.fr\/RJVALIN\/wp-json\/wp\/v2\/posts"}],"about":[{"href":"https:\/\/www.lycee-valin.fr\/RJVALIN\/wp-json\/wp\/v2\/types\/post"}],"author":[{"embeddable":true,"href":"https:\/\/www.lycee-valin.fr\/RJVALIN\/wp-json\/wp\/v2\/users\/51"}],"replies":[{"embeddable":true,"href":"https:\/\/www.lycee-valin.fr\/RJVALIN\/wp-json\/wp\/v2\/comments?post=5565"}],"version-history":[{"count":3,"href":"https:\/\/www.lycee-valin.fr\/RJVALIN\/wp-json\/wp\/v2\/posts\/5565\/revisions"}],"predecessor-version":[{"id":5572,"href":"https:\/\/www.lycee-valin.fr\/RJVALIN\/wp-json\/wp\/v2\/posts\/5565\/revisions\/5572"}],"wp:featuredmedia":[{"embeddable":true,"href":"https:\/\/www.lycee-valin.fr\/RJVALIN\/wp-json\/wp\/v2\/media\/5566"}],"wp:attachment":[{"href":"https:\/\/www.lycee-valin.fr\/RJVALIN\/wp-json\/wp\/v2\/media?parent=5565"}],"wp:term":[{"taxonomy":"category","embeddable":true,"href":"https:\/\/www.lycee-valin.fr\/RJVALIN\/wp-json\/wp\/v2\/categories?post=5565"},{"taxonomy":"post_tag","embeddable":true,"href":"https:\/\/www.lycee-valin.fr\/RJVALIN\/wp-json\/wp\/v2\/tags?post=5565"}],"curies":[{"name":"wp","href":"https:\/\/api.w.org\/{rel}","templated":true}]}}