{"id":5333,"date":"2023-11-17T09:48:30","date_gmt":"2023-11-17T08:48:30","guid":{"rendered":"https:\/\/www.lycee-valin.fr\/RJVALIN\/?p=5333"},"modified":"2023-11-24T02:36:48","modified_gmt":"2023-11-24T01:36:48","slug":"5333-2","status":"publish","type":"post","link":"https:\/\/www.lycee-valin.fr\/RJVALIN\/5333-2\/","title":{"rendered":"DIPL\u00d4MES"},"content":{"rendered":"<div class=\"wp-block-image\">\n<figure class=\"aligncenter size-full is-resized\"><img fetchpriority=\"high\" decoding=\"async\" width=\"333\" height=\"187\" src=\"https:\/\/www.lycee-valin.fr\/RJVALIN\/wp-content\/uploads\/2023\/11\/th-2.jpg\" alt=\"\" class=\"wp-image-5337\" style=\"width:408px;height:auto\" srcset=\"https:\/\/www.lycee-valin.fr\/RJVALIN\/wp-content\/uploads\/2023\/11\/th-2.jpg 333w, https:\/\/www.lycee-valin.fr\/RJVALIN\/wp-content\/uploads\/2023\/11\/th-2-300x168.jpg 300w\" sizes=\"(max-width: 333px) 100vw, 333px\" \/><\/figure>\n<\/div>\n\n\n<p class=\"has-text-align-center\"><strong>Les Dipl\u00f4mes du Baccalaur\u00e9at session 2023 sont disponibles au Secr\u00e9tariat Scolarit\u00e9 du lyc\u00e9e. Se munir d&#8217;une pi\u00e8ce d&#8217;identit\u00e9.<\/strong><\/p>\n\n\n\n<p class=\"has-text-align-center\"><strong>&nbsp;Si le-la bacheli(er)(\u00e8re) ne peut venir r\u00e9cup\u00e9rer le dipl\u00f4me lui ou elle m\u00eame, une tierce personne peut le faire \u00e0 sa place avec une procuration et la copie de la pi\u00e8ce d&#8217;identit\u00e9 de l&#8217;\u00e9l\u00e8ve.<\/strong><\/p>\n\n\n\n<p class=\"has-blue-color has-text-color has-link-color has-normal-font-size wp-elements-8286e33c0d3a9dc382dca19b6f8e3f7f\"><\/p>\n\n\n\n<p class=\"has-text-color has-link-color wp-elements-f91151793e98b9ac834c3a1879887fa7\" style=\"color:#14729e\"><\/p>\n<div class='watch-action'><div class='watch-position align-left'><div class='action-like'><a class='lbg-style3 like-5333 jlk' href='javascript:void(0)' data-task='like' data-post_id='5333' data-nonce='ad77b67104' rel='nofollow'><img class='wti-pixel' src='https:\/\/www.lycee-valin.fr\/RJVALIN\/wp-content\/plugins\/wti-like-post\/images\/pixel.gif' title='j&#039;aime' \/><span class='lc-5333 lc'>2<\/span><\/a><\/div><\/div> <div class='status-5333 status align-left'><\/div><\/div><div class='wti-clear'><\/div>","protected":false},"excerpt":{"rendered":"<p>Les Dipl\u00f4mes du Baccalaur\u00e9at session 2023 sont disponibles au Secr\u00e9tariat Scolarit\u00e9 du lyc\u00e9e. Se munir d&#8217;une pi\u00e8ce d&#8217;identit\u00e9. &nbsp;Si le-la bacheli(er)(\u00e8re) ne peut venir r\u00e9cup\u00e9rer le dipl\u00f4me lui ou elle m\u00eame, une tierce personne peut <a class=\"more-link\" href=\"https:\/\/www.lycee-valin.fr\/RJVALIN\/5333-2\/\">Lire plus &#8230;<\/a><\/p>\n","protected":false},"author":14,"featured_media":5342,"comment_status":"closed","ping_status":"closed","sticky":false,"template":"","format":"standard","meta":{"footnotes":""},"categories":[120,116,96],"tags":[],"class_list":["post-5333","post","type-post","status-publish","format-standard","has-post-thumbnail","hentry","category-actions-et-evenements","category-administration","category-informations"],"_links":{"self":[{"href":"https:\/\/www.lycee-valin.fr\/RJVALIN\/wp-json\/wp\/v2\/posts\/5333","targetHints":{"allow":["GET"]}}],"collection":[{"href":"https:\/\/www.lycee-valin.fr\/RJVALIN\/wp-json\/wp\/v2\/posts"}],"about":[{"href":"https:\/\/www.lycee-valin.fr\/RJVALIN\/wp-json\/wp\/v2\/types\/post"}],"author":[{"embeddable":true,"href":"https:\/\/www.lycee-valin.fr\/RJVALIN\/wp-json\/wp\/v2\/users\/14"}],"replies":[{"embeddable":true,"href":"https:\/\/www.lycee-valin.fr\/RJVALIN\/wp-json\/wp\/v2\/comments?post=5333"}],"version-history":[{"count":3,"href":"https:\/\/www.lycee-valin.fr\/RJVALIN\/wp-json\/wp\/v2\/posts\/5333\/revisions"}],"predecessor-version":[{"id":5343,"href":"https:\/\/www.lycee-valin.fr\/RJVALIN\/wp-json\/wp\/v2\/posts\/5333\/revisions\/5343"}],"wp:featuredmedia":[{"embeddable":true,"href":"https:\/\/www.lycee-valin.fr\/RJVALIN\/wp-json\/wp\/v2\/media\/5342"}],"wp:attachment":[{"href":"https:\/\/www.lycee-valin.fr\/RJVALIN\/wp-json\/wp\/v2\/media?parent=5333"}],"wp:term":[{"taxonomy":"category","embeddable":true,"href":"https:\/\/www.lycee-valin.fr\/RJVALIN\/wp-json\/wp\/v2\/categories?post=5333"},{"taxonomy":"post_tag","embeddable":true,"href":"https:\/\/www.lycee-valin.fr\/RJVALIN\/wp-json\/wp\/v2\/tags?post=5333"}],"curies":[{"name":"wp","href":"https:\/\/api.w.org\/{rel}","templated":true}]}}