{"id":5324,"date":"2023-11-13T17:48:48","date_gmt":"2023-11-13T16:48:48","guid":{"rendered":"https:\/\/www.lycee-valin.fr\/RJVALIN\/?p=5324"},"modified":"2023-11-13T17:48:48","modified_gmt":"2023-11-13T16:48:48","slug":"les-eleves-de-terminale-st2s2-en-visite-aux-musees-de-la-marine-a-rochefort","status":"publish","type":"post","link":"https:\/\/www.lycee-valin.fr\/RJVALIN\/les-eleves-de-terminale-st2s2-en-visite-aux-musees-de-la-marine-a-rochefort\/","title":{"rendered":"Les \u00e9l\u00e8ves de terminale ST2S2 en visite aux Mus\u00e9es de la Marine \u00e0 Rochefort"},"content":{"rendered":"\n<hr class=\"wp-block-separator has-alpha-channel-opacity\"\/>\n\n\n\n<p>Les \u00e9l\u00e8ves de terminale ST2S2, accompagn\u00e9es de leurs professeurs principaux et des psychologues du lyc\u00e9e<strong> <\/strong>ont particip\u00e9 \u00e0 une journ\u00e9e de coh\u00e9sion le 16 octobre 2023 \u00e0 Rochefort.&nbsp;<\/p>\n\n\n\n<p>Le matin, les \u00e9l\u00e8ves ont eu plaisir \u00e0 visiter le Mus\u00e9e de la Marine et \u00e0 participer \u00e0 deux escape game de 45 min au sein du mus\u00e9e&nbsp;: \u00ab Dans la cale de la&nbsp;&nbsp;<em>M\u00e9duse<\/em> \u00bb et&nbsp; \u00ab Loti en qu\u00eate de Viaud \u00bb. Cela a \u00e9t\u00e9 un temps fort pour renforcer l\u2019esprit d\u2019\u00e9quipe, de solidarit\u00e9 et mieux se conna\u00eetre.<\/p>\n\n\n\n<p>Apr\u00e8s une pause m\u00e9ridienne au coll\u00e8ge Loti, les \u00e9l\u00e8ves ont visit\u00e9 pendant 1h30 l\u2019Ancienne Ecole de la M\u00e9decine Navale et ont \u00e9t\u00e9 plong\u00e9s par un guide passionn\u00e9 dans l\u2019histoire de l\u2019Ancienne Ecole de la M\u00e9decine Navale fond\u00e9e en 1722. Ils ont pu appr\u00e9cier les progr\u00e8s consid\u00e9rables de la M\u00e9decine et red\u00e9couvrir l\u2019histoire de la Sant\u00e9 Publique en lien avec leurs programmes. Cet endroit tout \u00e0 fait unique de la m\u00e9decine appliqu\u00e9e \u00e0 la Marine Royale n\u2019a pas laiss\u00e9 indiff\u00e9rent nos \u00e9l\u00e8ves, r\u00e9ceptifs au domaine du soin&nbsp;: ce mus\u00e9e &nbsp;&nbsp;offre en effet une collection surprenante d&#8217;objets m\u00e9dicaux, d\u2019anatomie, d\u2019ethnographie sans oublier une biblioth\u00e8que exceptionnelle de 25000 ouvrages.<\/p>\n\n\n\n<p>Cela a \u00e9t\u00e9 une tr\u00e8s belle journ\u00e9e marqu\u00e9e par la curiosit\u00e9, l\u2019entraide et la bonne humeur.<\/p>\n\n\n\n<p>Un grand merci aux mus\u00e9es et au coll\u00e8ge Loti pour leur accueil de qualit\u00e9 ainsi qu\u2019aux personnes ayant particip\u00e9 \u00e0 l\u2019organisation de cette sortie.<\/p>\n\n\n\n<p>Les professeures principales de la TST2S2<\/p>\n\n\n\n<figure class=\"wp-block-image size-large\"><img fetchpriority=\"high\" decoding=\"async\" width=\"809\" height=\"486\" src=\"https:\/\/www.lycee-valin.fr\/RJVALIN\/wp-content\/uploads\/2023\/11\/2023-11-13_174632.jpg\" alt=\"\" class=\"wp-image-5326\" srcset=\"https:\/\/www.lycee-valin.fr\/RJVALIN\/wp-content\/uploads\/2023\/11\/2023-11-13_174632.jpg 809w, https:\/\/www.lycee-valin.fr\/RJVALIN\/wp-content\/uploads\/2023\/11\/2023-11-13_174632-300x180.jpg 300w, https:\/\/www.lycee-valin.fr\/RJVALIN\/wp-content\/uploads\/2023\/11\/2023-11-13_174632-768x461.jpg 768w\" sizes=\"(max-width: 809px) 100vw, 809px\" \/><\/figure>\n\n\n\n<figure class=\"wp-block-image size-large\"><img decoding=\"async\" width=\"897\" height=\"1024\" src=\"https:\/\/www.lycee-valin.fr\/RJVALIN\/wp-content\/uploads\/2023\/11\/Photo-Ancienne-Ecole-Navale-897x1024.jpg\" alt=\"\" class=\"wp-image-5325\" srcset=\"https:\/\/www.lycee-valin.fr\/RJVALIN\/wp-content\/uploads\/2023\/11\/Photo-Ancienne-Ecole-Navale-897x1024.jpg 897w, https:\/\/www.lycee-valin.fr\/RJVALIN\/wp-content\/uploads\/2023\/11\/Photo-Ancienne-Ecole-Navale-263x300.jpg 263w, https:\/\/www.lycee-valin.fr\/RJVALIN\/wp-content\/uploads\/2023\/11\/Photo-Ancienne-Ecole-Navale-768x877.jpg 768w, https:\/\/www.lycee-valin.fr\/RJVALIN\/wp-content\/uploads\/2023\/11\/Photo-Ancienne-Ecole-Navale-1345x1536.jpg 1345w, https:\/\/www.lycee-valin.fr\/RJVALIN\/wp-content\/uploads\/2023\/11\/Photo-Ancienne-Ecole-Navale-1793x2048.jpg 1793w\" sizes=\"(max-width: 897px) 100vw, 897px\" \/><\/figure>\n\n\n\n<p><\/p>\n","protected":false},"excerpt":{"rendered":"<p>Les \u00e9l\u00e8ves de terminale ST2S2, accompagn\u00e9es de leurs professeurs principaux et des psychologues du lyc\u00e9e ont particip\u00e9 \u00e0 une journ\u00e9e de coh\u00e9sion le 16 octobre 2023 \u00e0 Rochefort.&nbsp; Le matin, les \u00e9l\u00e8ves ont eu plaisir <a class=\"more-link\" href=\"https:\/\/www.lycee-valin.fr\/RJVALIN\/les-eleves-de-terminale-st2s2-en-visite-aux-musees-de-la-marine-a-rochefort\/\">Lire plus &#8230;<\/a><\/p>\n","protected":false},"author":1,"featured_media":5326,"comment_status":"closed","ping_status":"closed","sticky":false,"template":"","format":"standard","meta":{"footnotes":""},"categories":[82,23],"tags":[],"class_list":["post-5324","post","type-post","status-publish","format-standard","has-post-thumbnail","hentry","category-sortie-pedagogique","category-vie-au-lycee"],"_links":{"self":[{"href":"https:\/\/www.lycee-valin.fr\/RJVALIN\/wp-json\/wp\/v2\/posts\/5324","targetHints":{"allow":["GET"]}}],"collection":[{"href":"https:\/\/www.lycee-valin.fr\/RJVALIN\/wp-json\/wp\/v2\/posts"}],"about":[{"href":"https:\/\/www.lycee-valin.fr\/RJVALIN\/wp-json\/wp\/v2\/types\/post"}],"author":[{"embeddable":true,"href":"https:\/\/www.lycee-valin.fr\/RJVALIN\/wp-json\/wp\/v2\/users\/1"}],"replies":[{"embeddable":true,"href":"https:\/\/www.lycee-valin.fr\/RJVALIN\/wp-json\/wp\/v2\/comments?post=5324"}],"version-history":[{"count":1,"href":"https:\/\/www.lycee-valin.fr\/RJVALIN\/wp-json\/wp\/v2\/posts\/5324\/revisions"}],"predecessor-version":[{"id":5327,"href":"https:\/\/www.lycee-valin.fr\/RJVALIN\/wp-json\/wp\/v2\/posts\/5324\/revisions\/5327"}],"wp:featuredmedia":[{"embeddable":true,"href":"https:\/\/www.lycee-valin.fr\/RJVALIN\/wp-json\/wp\/v2\/media\/5326"}],"wp:attachment":[{"href":"https:\/\/www.lycee-valin.fr\/RJVALIN\/wp-json\/wp\/v2\/media?parent=5324"}],"wp:term":[{"taxonomy":"category","embeddable":true,"href":"https:\/\/www.lycee-valin.fr\/RJVALIN\/wp-json\/wp\/v2\/categories?post=5324"},{"taxonomy":"post_tag","embeddable":true,"href":"https:\/\/www.lycee-valin.fr\/RJVALIN\/wp-json\/wp\/v2\/tags?post=5324"}],"curies":[{"name":"wp","href":"https:\/\/api.w.org\/{rel}","templated":true}]}}