{"id":5254,"date":"2023-10-19T10:23:11","date_gmt":"2023-10-19T08:23:11","guid":{"rendered":"https:\/\/www.lycee-valin.fr\/RJVALIN\/?p=5254"},"modified":"2023-10-20T04:55:04","modified_gmt":"2023-10-20T02:55:04","slug":"sejour-erasmus-a-vitoria","status":"publish","type":"post","link":"https:\/\/www.lycee-valin.fr\/RJVALIN\/sejour-erasmus-a-vitoria\/","title":{"rendered":"Sejour Erasmus + \u00e0 VITORIA"},"content":{"rendered":"\n<p><\/p>\n\n\n\n<p><\/p>\n\n\n\n<p><\/p>\n\n\n\n<p><\/p>\n\n\n\n<figure class=\"wp-block-image size-full\"><img decoding=\"async\" width=\"198\" height=\"117\" src=\"https:\/\/www.lycee-valin.fr\/RJVALIN\/wp-content\/uploads\/2023\/10\/image-1.png\" alt=\"\" class=\"wp-image-5273\"\/><\/figure>\n\n\n\n<figure class=\"wp-block-image size-full\"><img fetchpriority=\"high\" decoding=\"async\" width=\"351\" height=\"162\" src=\"https:\/\/www.lycee-valin.fr\/RJVALIN\/wp-content\/uploads\/2023\/10\/image.png\" alt=\"\" class=\"wp-image-5272\" srcset=\"https:\/\/www.lycee-valin.fr\/RJVALIN\/wp-content\/uploads\/2023\/10\/image.png 351w, https:\/\/www.lycee-valin.fr\/RJVALIN\/wp-content\/uploads\/2023\/10\/image-300x138.png 300w\" sizes=\"(max-width: 351px) 100vw, 351px\" \/><\/figure>\n\n\n\n<p><\/p>\n\n\n\n<figure class=\"wp-block-image size-full\"><img decoding=\"async\" width=\"587\" height=\"213\" src=\"https:\/\/www.lycee-valin.fr\/RJVALIN\/wp-content\/uploads\/2023\/10\/image-2.png\" alt=\"\" class=\"wp-image-5274\" srcset=\"https:\/\/www.lycee-valin.fr\/RJVALIN\/wp-content\/uploads\/2023\/10\/image-2.png 587w, https:\/\/www.lycee-valin.fr\/RJVALIN\/wp-content\/uploads\/2023\/10\/image-2-300x109.png 300w\" sizes=\"(max-width: 587px) 100vw, 587px\" \/><\/figure>\n\n\n\n<p>Durant la semaine du 3 au 10 octobre 2023, les \u00e9l\u00e8ves de seconde euro espagnol et trois enseignants sont partis \u00e0 Vitoria ( Espagne, pays basque ) pour y r\u00e9aliser un<strong> projet erasmus +<\/strong>  articul\u00e9 autour de la th\u00e9matique des dialogues interculturels pour d\u00e9couvrir le quotidien d\u2019un(e)<br>lyc\u00e9en(ne) de Vitoria-Gasteiz et l\u2019identit\u00e9 basque espagnole.<\/p>\n\n\n\n<p>Dans cette perspective les \u00e9l\u00e8ves  participants ont \u00e9t\u00e9 mobilis\u00e9s au sein de l&#8217;\u00e9tablissement d&#8217;accueil ( colegio Marianistas) pour y r\u00e9aliser un travail d&#8217;enqu\u00eate et d&#8217;interview de toutes les parties prenantes ( \u00e9l\u00e8ves, professeurs, coordinateur de niveau, directeur d&#8217;\u00e9tablissement &#8230;).<\/p>\n\n\n\n<p>Ce travail quotidien r\u00e9alis\u00e9 par les \u00e9l\u00e8ves sous forme de capsules vid\u00e9os a permis d&#8217;aborder de multiples  th\u00e8mes  : la notion de bilinguisme ( les enseignements se font en basque et en espagnol), les horaires de travail des \u00e9l\u00e8ves espagnols, les conditions d&#8217;enseignement ( en particulier  la notion d'&#8221;espace ouvert&#8221; pour l&#8217;accueil des plus petits), l&#8217;engagement en faveur du d\u00e9veloppement durable au sein de l&#8217;\u00e9tablissement, l&#8217;enseignement du fran\u00e7ais comme langue \u00e9trang\u00e8re, le travail autour du sentiment d&#8217;appartenance  (itin\u00e9raire d&#8217;apprentissage baptis\u00e9 &#8220;ME-WE&#8221;, ouverture sur le monde).<\/p>\n\n\n\n<p>Ces travaux r\u00e9alis\u00e9s au sein de l&#8217;\u00e9tablissement on \u00e9t\u00e9 compl\u00e9t\u00e9s par des visites culturelles pour mieux saisir la richesse et la diversit\u00e9 des exp\u00e9riences que peut connaitre un lyc\u00e9en du pays basque espagnol : <span class=\"markedContent\" id=\"page7R_mcid17\"><span role=\"presentation\" dir=\"ltr\" style=\"left: 136.14px;top: 843.861px;font-size: 20px;font-family: sans-serif\"> <\/span>le Guggenheim ( mus\u00e9e d&#8217;art contemporain), la cath\u00e9drale de Vitoria, l&#8217;Ayuntamiento ( mairie de Vitoria), San Juan de Gastelugaxe ( monast\u00e8re), Le mus\u00e9e de la paix de Gernika.<\/span><\/p>\n\n\n\n<p>Vous trouverez ci-apr\u00e8s un diaporama retra\u00e7ant les principales \u00e9tapes de cette belle aventure<\/p>\n\n\n\n<p>Les organisateurs<\/p>\n\n\n\n<p>Mme Niquet Cynthia ( professeur d&#8217;espagnol)<\/p>\n\n\n\n<p>Mme Sennane Aur\u00e9lia ( professeur d&#8217;espagnol)<\/p>\n\n\n\n<p>M. Lucas St\u00e9phane ( professeur de SES)<\/p>\n\n\n\n<p>  <\/p>\n\n\n\n<figure class=\"wp-block-image size-large\"><img loading=\"lazy\" decoding=\"async\" width=\"1024\" height=\"215\" src=\"https:\/\/www.lycee-valin.fr\/RJVALIN\/wp-content\/uploads\/2023\/10\/image-3-1024x215.png\" alt=\"\" class=\"wp-image-5286\" srcset=\"https:\/\/www.lycee-valin.fr\/RJVALIN\/wp-content\/uploads\/2023\/10\/image-3-1024x215.png 1024w, https:\/\/www.lycee-valin.fr\/RJVALIN\/wp-content\/uploads\/2023\/10\/image-3-300x63.png 300w, https:\/\/www.lycee-valin.fr\/RJVALIN\/wp-content\/uploads\/2023\/10\/image-3-768x161.png 768w, https:\/\/www.lycee-valin.fr\/RJVALIN\/wp-content\/uploads\/2023\/10\/image-3-1536x322.png 1536w, https:\/\/www.lycee-valin.fr\/RJVALIN\/wp-content\/uploads\/2023\/10\/image-3-2048x429.png 2048w\" sizes=\"(max-width: 1024px) 100vw, 1024px\" \/><\/figure>\n\n\n\n<div class=\"alignnormal\"><div id=\"metaslider-id-5261\" style=\"width: 100%; margin: 0 auto;\" class=\"ml-slider-3-108-0 metaslider metaslider-flex metaslider-5261 ml-slider has-dots-nav ms-theme-default\" role=\"region\" aria-label=\"Nouveau diaporama\" data-height=\"402\" data-width=\"637\">\n    <div id=\"metaslider_container_5261\">\n        <div id=\"metaslider_5261\" class=\"flexslider\">\n            <ul class='slides'>\n                <li style=\"display: block; width: 100%;\" class=\"slide-5262 ms-image \" aria-roledescription=\"slide\" data-date=\"2023-10-17 11:13:47\" data-filename=\"photosayuntamiento.jpg\" data-slide-type=\"image\"><img loading=\"lazy\" decoding=\"async\" src=\"https:\/\/www.lycee-valin.fr\/RJVALIN\/wp-content\/uploads\/2023\/10\/photosayuntamiento.jpg\" height=\"402\" width=\"637\" alt=\"\" class=\"slider-5261 slide-5262 msDefaultImage\" title=\"photosayuntamiento\" \/><div class=\"caption-wrap\"><div class=\"caption\">Accueil des \u00e9l\u00e8ves et enseignants \u00e0 la mairie de la ville de Vitoria<\/div><\/div><\/li>\n                <li style=\"display: none; width: 100%;\" class=\"slide-5264 ms-image \" aria-roledescription=\"slide\" data-date=\"2023-10-17 11:18:12\" data-filename=\"photosbilbao-637x402.jpg\" data-slide-type=\"image\"><img loading=\"lazy\" decoding=\"async\" src=\"https:\/\/www.lycee-valin.fr\/RJVALIN\/wp-content\/uploads\/2023\/10\/photosbilbao-637x402.jpg\" height=\"402\" width=\"637\" alt=\"\" class=\"slider-5261 slide-5264 msDefaultImage\" title=\"photosbilbao\" \/><div class=\"caption-wrap\"><div class=\"caption\">le museo Guggenheim \u00e0 Bilbao<\/div><\/div><\/li>\n                <li style=\"display: none; width: 100%;\" class=\"slide-5267 ms-image \" aria-roledescription=\"slide\" data-date=\"2023-10-17 11:24:51\" data-filename=\"photosclasse-637x402.jpg\" data-slide-type=\"image\"><img loading=\"lazy\" decoding=\"async\" src=\"https:\/\/www.lycee-valin.fr\/RJVALIN\/wp-content\/uploads\/2023\/10\/photosclasse-637x402.jpg\" height=\"402\" width=\"637\" alt=\"\" class=\"slider-5261 slide-5267 msDefaultImage\" title=\"photosclasse\" \/><div class=\"caption-wrap\"><div class=\"caption\">Activit\u00e9s communes d'apprentissage en classe <\/div><\/div><\/li>\n                <li style=\"display: none; width: 100%;\" class=\"slide-5269 ms-image \" aria-roledescription=\"slide\" data-date=\"2023-10-17 11:26:42\" data-filename=\"photosgastelugatxe-637x402.jpg\" data-slide-type=\"image\"><img loading=\"lazy\" decoding=\"async\" src=\"https:\/\/www.lycee-valin.fr\/RJVALIN\/wp-content\/uploads\/2023\/10\/photosgastelugatxe-637x402.jpg\" height=\"402\" width=\"637\" alt=\"Visite \u00e0 San Juan de Gastelugatxe\" class=\"slider-5261 slide-5269 msDefaultImage\" title=\"photosgastelugatxe\" \/><div class=\"caption-wrap\"><div class=\"caption\">Visite de San Juan de Gastelugatxe<\/div><\/div><\/li>\n                <li style=\"display: none; width: 100%;\" class=\"slide-5271 ms-image \" aria-roledescription=\"slide\" data-date=\"2023-10-17 11:27:12\" data-filename=\"photosInstituto-637x402.jpg\" data-slide-type=\"image\"><img loading=\"lazy\" decoding=\"async\" src=\"https:\/\/www.lycee-valin.fr\/RJVALIN\/wp-content\/uploads\/2023\/10\/photosInstituto-637x402.jpg\" height=\"402\" width=\"637\" alt=\"\" class=\"slider-5261 slide-5271 msDefaultImage\" title=\"photosInstituto\" \/><div class=\"caption-wrap\"><div class=\"caption\">Accueil des correspondants fran\u00e7ais dans le hall et la salle de r\u00e9ception du colegio Marianista<\/div><\/div><\/li>\n            <\/ul>\n        <\/div>\n        \n    <\/div>\n<\/div><\/div>\n","protected":false},"excerpt":{"rendered":"<p>Durant la semaine du 3 au 10 octobre 2023, les \u00e9l\u00e8ves de seconde euro espagnol et trois enseignants sont partis \u00e0 Vitoria ( Espagne, pays basque ) pour y r\u00e9aliser un projet erasmus + articul\u00e9 <a class=\"more-link\" href=\"https:\/\/www.lycee-valin.fr\/RJVALIN\/sejour-erasmus-a-vitoria\/\">Lire plus &#8230;<\/a><\/p>\n","protected":false},"author":43,"featured_media":5272,"comment_status":"closed","ping_status":"closed","sticky":false,"template":"","format":"standard","meta":{"footnotes":""},"categories":[105,95,85,83,82],"tags":[135,134,133],"class_list":["post-5254","post","type-post","status-publish","format-standard","has-post-thumbnail","hentry","category-dnl","category-echange","category-erasmus","category-espagnol","category-sortie-pedagogique","tag-echange-vitoria","tag-erasmus-plus","tag-section-euro-espagnol"],"_links":{"self":[{"href":"https:\/\/www.lycee-valin.fr\/RJVALIN\/wp-json\/wp\/v2\/posts\/5254","targetHints":{"allow":["GET"]}}],"collection":[{"href":"https:\/\/www.lycee-valin.fr\/RJVALIN\/wp-json\/wp\/v2\/posts"}],"about":[{"href":"https:\/\/www.lycee-valin.fr\/RJVALIN\/wp-json\/wp\/v2\/types\/post"}],"author":[{"embeddable":true,"href":"https:\/\/www.lycee-valin.fr\/RJVALIN\/wp-json\/wp\/v2\/users\/43"}],"replies":[{"embeddable":true,"href":"https:\/\/www.lycee-valin.fr\/RJVALIN\/wp-json\/wp\/v2\/comments?post=5254"}],"version-history":[{"count":9,"href":"https:\/\/www.lycee-valin.fr\/RJVALIN\/wp-json\/wp\/v2\/posts\/5254\/revisions"}],"predecessor-version":[{"id":5293,"href":"https:\/\/www.lycee-valin.fr\/RJVALIN\/wp-json\/wp\/v2\/posts\/5254\/revisions\/5293"}],"wp:featuredmedia":[{"embeddable":true,"href":"https:\/\/www.lycee-valin.fr\/RJVALIN\/wp-json\/wp\/v2\/media\/5272"}],"wp:attachment":[{"href":"https:\/\/www.lycee-valin.fr\/RJVALIN\/wp-json\/wp\/v2\/media?parent=5254"}],"wp:term":[{"taxonomy":"category","embeddable":true,"href":"https:\/\/www.lycee-valin.fr\/RJVALIN\/wp-json\/wp\/v2\/categories?post=5254"},{"taxonomy":"post_tag","embeddable":true,"href":"https:\/\/www.lycee-valin.fr\/RJVALIN\/wp-json\/wp\/v2\/tags?post=5254"}],"curies":[{"name":"wp","href":"https:\/\/api.w.org\/{rel}","templated":true}]}}