{"id":5205,"date":"2023-10-06T17:49:06","date_gmt":"2023-10-06T15:49:06","guid":{"rendered":"https:\/\/www.lycee-valin.fr\/RJVALIN\/?p=5205"},"modified":"2023-10-09T07:55:54","modified_gmt":"2023-10-09T05:55:54","slug":"les-erasmusdays-2023","status":"publish","type":"post","link":"https:\/\/www.lycee-valin.fr\/RJVALIN\/les-erasmusdays-2023\/","title":{"rendered":"Les ErasmusDays 2023"},"content":{"rendered":"\n<p>lundi 9 et jeudi 12 octobre<\/p>\n\n\n\n<p>Les Erasmus-Days sont plac\u00e9s sous le signe de l&#8217;Europe. Le comit\u00e9 des jeunes Europ\u00e9ens, fra\u00eechement cr\u00e9\u00e9, informe sur les premiers projets vers l&#8217;Italie et l&#8217;Espagne. Il a \u00e9galement cr\u00e9\u00e9 un quiz autour des langues et des cultures europ\u00e9enes repr\u00e9sent\u00e9es \u00e0 l&#8217;\u00e9cole. La sonnerie de l&#8217;\u00e9cole jouera l&#8217;hymne europ\u00e9en et la cantine scolaire proposera des plats espagnols lundi et des plats italiens jeudi<\/p>\n\n\n\n<figure class=\"wp-block-image size-large\"><img fetchpriority=\"high\" decoding=\"async\" width=\"1024\" height=\"512\" src=\"https:\/\/www.lycee-valin.fr\/RJVALIN\/wp-content\/uploads\/2023\/10\/WE-BANNER-3-2-1024x512.jpg\" alt=\"\" class=\"wp-image-5206\" srcset=\"https:\/\/www.lycee-valin.fr\/RJVALIN\/wp-content\/uploads\/2023\/10\/WE-BANNER-3-2-1024x512.jpg 1024w, https:\/\/www.lycee-valin.fr\/RJVALIN\/wp-content\/uploads\/2023\/10\/WE-BANNER-3-2-300x150.jpg 300w, https:\/\/www.lycee-valin.fr\/RJVALIN\/wp-content\/uploads\/2023\/10\/WE-BANNER-3-2-768x384.jpg 768w, https:\/\/www.lycee-valin.fr\/RJVALIN\/wp-content\/uploads\/2023\/10\/WE-BANNER-3-2-1536x768.jpg 1536w, https:\/\/www.lycee-valin.fr\/RJVALIN\/wp-content\/uploads\/2023\/10\/WE-BANNER-3-2.jpg 1800w\" sizes=\"(max-width: 1024px) 100vw, 1024px\" \/><\/figure>\n<div class='watch-action'><div class='watch-position align-left'><div class='action-like'><a class='lbg-style3 like-5205 jlk' href='javascript:void(0)' data-task='like' data-post_id='5205' data-nonce='ad77b67104' rel='nofollow'><img class='wti-pixel' src='https:\/\/www.lycee-valin.fr\/RJVALIN\/wp-content\/plugins\/wti-like-post\/images\/pixel.gif' title='j&#039;aime' \/><span class='lc-5205 lc'>0<\/span><\/a><\/div><\/div> <div class='status-5205 status align-left'><\/div><\/div><div class='wti-clear'><\/div>","protected":false},"excerpt":{"rendered":"<p>lundi 9 et jeudi 12 octobre Les Erasmus-Days sont plac\u00e9s sous le signe de l&#8217;Europe. Le comit\u00e9 des jeunes Europ\u00e9ens, fra\u00eechement cr\u00e9\u00e9, informe sur les premiers projets vers l&#8217;Italie et l&#8217;Espagne. Il a \u00e9galement cr\u00e9\u00e9 <a class=\"more-link\" href=\"https:\/\/www.lycee-valin.fr\/RJVALIN\/les-erasmusdays-2023\/\">Lire plus &#8230;<\/a><\/p>\n","protected":false},"author":24,"featured_media":5206,"comment_status":"closed","ping_status":"closed","sticky":false,"template":"","format":"standard","meta":{"footnotes":""},"categories":[100,85],"tags":[],"class_list":["post-5205","post","type-post","status-publish","format-standard","has-post-thumbnail","hentry","category-allemand","category-erasmus"],"_links":{"self":[{"href":"https:\/\/www.lycee-valin.fr\/RJVALIN\/wp-json\/wp\/v2\/posts\/5205","targetHints":{"allow":["GET"]}}],"collection":[{"href":"https:\/\/www.lycee-valin.fr\/RJVALIN\/wp-json\/wp\/v2\/posts"}],"about":[{"href":"https:\/\/www.lycee-valin.fr\/RJVALIN\/wp-json\/wp\/v2\/types\/post"}],"author":[{"embeddable":true,"href":"https:\/\/www.lycee-valin.fr\/RJVALIN\/wp-json\/wp\/v2\/users\/24"}],"replies":[{"embeddable":true,"href":"https:\/\/www.lycee-valin.fr\/RJVALIN\/wp-json\/wp\/v2\/comments?post=5205"}],"version-history":[{"count":2,"href":"https:\/\/www.lycee-valin.fr\/RJVALIN\/wp-json\/wp\/v2\/posts\/5205\/revisions"}],"predecessor-version":[{"id":5209,"href":"https:\/\/www.lycee-valin.fr\/RJVALIN\/wp-json\/wp\/v2\/posts\/5205\/revisions\/5209"}],"wp:featuredmedia":[{"embeddable":true,"href":"https:\/\/www.lycee-valin.fr\/RJVALIN\/wp-json\/wp\/v2\/media\/5206"}],"wp:attachment":[{"href":"https:\/\/www.lycee-valin.fr\/RJVALIN\/wp-json\/wp\/v2\/media?parent=5205"}],"wp:term":[{"taxonomy":"category","embeddable":true,"href":"https:\/\/www.lycee-valin.fr\/RJVALIN\/wp-json\/wp\/v2\/categories?post=5205"},{"taxonomy":"post_tag","embeddable":true,"href":"https:\/\/www.lycee-valin.fr\/RJVALIN\/wp-json\/wp\/v2\/tags?post=5205"}],"curies":[{"name":"wp","href":"https:\/\/api.w.org\/{rel}","templated":true}]}}