{"id":5190,"date":"2023-10-05T19:51:13","date_gmt":"2023-10-05T17:51:13","guid":{"rendered":"https:\/\/www.lycee-valin.fr\/RJVALIN\/?p=5190"},"modified":"2023-11-30T11:44:38","modified_gmt":"2023-11-30T10:44:38","slug":"lentreprise-cosmetique-aytresienne-folies-royales-au-lycee-valin","status":"publish","type":"post","link":"https:\/\/www.lycee-valin.fr\/RJVALIN\/lentreprise-cosmetique-aytresienne-folies-royales-au-lycee-valin\/","title":{"rendered":"L\u2019entreprise cosm\u00e9tique aytr\u00e9sienne Folies Royales au lyc\u00e9e Valin !"},"content":{"rendered":"\n<hr class=\"wp-block-separator has-alpha-channel-opacity\" \/>\n\n\n\n<p><strong>\u200b<\/strong><strong>Folies Royales<\/strong>, entreprise cosm\u00e9tique bio \u00e0 base d\u2019ingr\u00e9dients de la ruche, 100% made in France, et engag\u00e9e pour la protection des abeilles, a r\u00e9pondu favorablement \u00e0 l\u2019invitation des \u00e9tudiantes du&nbsp;<strong>BTS M\u00e9tiers de l&#8217;Esth\u00e9tique, de la Cosm\u00e9tique et de la Parfumerie et de leur professeure d\u2019esth\u00e9tique Adeline AFONSO.<\/strong><\/p>\n\n\n\n<p><strong>\u200b<\/strong><\/p>\n\n\n\n<p>Mme Marina Lopez Guia, ing\u00e9nieur chimiste de formation et responsable de la marque est venue pr\u00e9senter \u00e0 notre nouvelle promotion les divers produits et les vertus sur la peau des principaux actifs issus de la ruche&nbsp;: miel, propolis, cire d\u2019abeille et gel\u00e9e royale.<\/p>\n\n\n\n<p>\u200b<br>Nos 12 \u00e9tudiantes ont pour mission de concevoir un nouveau protocole de soin \u00e0 base d\u2019un des produits de la gamme.<\/p>\n\n\n\n<p>\u200b<br><strong>Prochainement, elles vous inviteront, lors de l\u2019une de leurs actions professionnelles, \u00e0 venir d\u00e9couvrir cette marque locale et \u00e0 vous faire cocooner par la m\u00eame occasion en salle de soins esth\u00e9tiques. Soyez vigilants, il n\u2019y aura pas de place pour tout le monde&nbsp;!<\/strong><\/p>\n\n\n\n<figure class=\"wp-block-gallery has-nested-images columns-default is-cropped wp-block-gallery-1 is-layout-flex wp-block-gallery-is-layout-flex\">\n<figure class=\"wp-block-image size-large\"><img fetchpriority=\"high\" decoding=\"async\" width=\"1024\" height=\"768\" data-id=\"5192\" src=\"https:\/\/www.lycee-valin.fr\/RJVALIN\/wp-content\/uploads\/2023\/10\/2d04bab6-4c6f-442a-8c98-07e79b6471de-1024x768.jpg\" alt=\"\" class=\"wp-image-5192\" srcset=\"https:\/\/www.lycee-valin.fr\/RJVALIN\/wp-content\/uploads\/2023\/10\/2d04bab6-4c6f-442a-8c98-07e79b6471de-1024x768.jpg 1024w, https:\/\/www.lycee-valin.fr\/RJVALIN\/wp-content\/uploads\/2023\/10\/2d04bab6-4c6f-442a-8c98-07e79b6471de-300x225.jpg 300w, https:\/\/www.lycee-valin.fr\/RJVALIN\/wp-content\/uploads\/2023\/10\/2d04bab6-4c6f-442a-8c98-07e79b6471de-768x576.jpg 768w, https:\/\/www.lycee-valin.fr\/RJVALIN\/wp-content\/uploads\/2023\/10\/2d04bab6-4c6f-442a-8c98-07e79b6471de-1536x1152.jpg 1536w, https:\/\/www.lycee-valin.fr\/RJVALIN\/wp-content\/uploads\/2023\/10\/2d04bab6-4c6f-442a-8c98-07e79b6471de-2048x1536.jpg 2048w\" sizes=\"(max-width: 1024px) 100vw, 1024px\" \/><\/figure>\n\n\n\n<figure class=\"wp-block-image size-large\"><img decoding=\"async\" width=\"1024\" height=\"768\" data-id=\"5191\" src=\"https:\/\/www.lycee-valin.fr\/RJVALIN\/wp-content\/uploads\/2023\/10\/21a5d4d1-1621-4a0c-8ac8-55b7d07febae-1024x768.jpg\" alt=\"\" class=\"wp-image-5191\" srcset=\"https:\/\/www.lycee-valin.fr\/RJVALIN\/wp-content\/uploads\/2023\/10\/21a5d4d1-1621-4a0c-8ac8-55b7d07febae-1024x768.jpg 1024w, https:\/\/www.lycee-valin.fr\/RJVALIN\/wp-content\/uploads\/2023\/10\/21a5d4d1-1621-4a0c-8ac8-55b7d07febae-300x225.jpg 300w, https:\/\/www.lycee-valin.fr\/RJVALIN\/wp-content\/uploads\/2023\/10\/21a5d4d1-1621-4a0c-8ac8-55b7d07febae-768x576.jpg 768w, https:\/\/www.lycee-valin.fr\/RJVALIN\/wp-content\/uploads\/2023\/10\/21a5d4d1-1621-4a0c-8ac8-55b7d07febae-1536x1152.jpg 1536w, https:\/\/www.lycee-valin.fr\/RJVALIN\/wp-content\/uploads\/2023\/10\/21a5d4d1-1621-4a0c-8ac8-55b7d07febae-2048x1536.jpg 2048w\" sizes=\"(max-width: 1024px) 100vw, 1024px\" \/><\/figure>\n\n\n\n<figure class=\"wp-block-image size-large\"><img decoding=\"async\" width=\"1024\" height=\"768\" data-id=\"5193\" src=\"https:\/\/www.lycee-valin.fr\/RJVALIN\/wp-content\/uploads\/2023\/10\/23f87fe9-fb0b-493d-8349-d111f22e5e8e-1024x768.jpg\" alt=\"\" class=\"wp-image-5193\" srcset=\"https:\/\/www.lycee-valin.fr\/RJVALIN\/wp-content\/uploads\/2023\/10\/23f87fe9-fb0b-493d-8349-d111f22e5e8e-1024x768.jpg 1024w, https:\/\/www.lycee-valin.fr\/RJVALIN\/wp-content\/uploads\/2023\/10\/23f87fe9-fb0b-493d-8349-d111f22e5e8e-300x225.jpg 300w, https:\/\/www.lycee-valin.fr\/RJVALIN\/wp-content\/uploads\/2023\/10\/23f87fe9-fb0b-493d-8349-d111f22e5e8e-768x576.jpg 768w, https:\/\/www.lycee-valin.fr\/RJVALIN\/wp-content\/uploads\/2023\/10\/23f87fe9-fb0b-493d-8349-d111f22e5e8e-1536x1152.jpg 1536w, https:\/\/www.lycee-valin.fr\/RJVALIN\/wp-content\/uploads\/2023\/10\/23f87fe9-fb0b-493d-8349-d111f22e5e8e-2048x1536.jpg 2048w\" sizes=\"(max-width: 1024px) 100vw, 1024px\" \/><\/figure>\n\n\n\n<figure class=\"wp-block-image size-large\"><img loading=\"lazy\" decoding=\"async\" width=\"1024\" height=\"768\" data-id=\"5194\" src=\"https:\/\/www.lycee-valin.fr\/RJVALIN\/wp-content\/uploads\/2023\/10\/2b4329fc-c733-406b-905d-fa6c2df09d73-1024x768.jpg\" alt=\"\" class=\"wp-image-5194\" srcset=\"https:\/\/www.lycee-valin.fr\/RJVALIN\/wp-content\/uploads\/2023\/10\/2b4329fc-c733-406b-905d-fa6c2df09d73-1024x768.jpg 1024w, https:\/\/www.lycee-valin.fr\/RJVALIN\/wp-content\/uploads\/2023\/10\/2b4329fc-c733-406b-905d-fa6c2df09d73-300x225.jpg 300w, https:\/\/www.lycee-valin.fr\/RJVALIN\/wp-content\/uploads\/2023\/10\/2b4329fc-c733-406b-905d-fa6c2df09d73-768x576.jpg 768w, https:\/\/www.lycee-valin.fr\/RJVALIN\/wp-content\/uploads\/2023\/10\/2b4329fc-c733-406b-905d-fa6c2df09d73-1536x1152.jpg 1536w, https:\/\/www.lycee-valin.fr\/RJVALIN\/wp-content\/uploads\/2023\/10\/2b4329fc-c733-406b-905d-fa6c2df09d73-2048x1536.jpg 2048w\" sizes=\"(max-width: 1024px) 100vw, 1024px\" \/><\/figure>\n<\/figure>\n","protected":false},"excerpt":{"rendered":"<p>\u200bFolies Royales, entreprise cosm\u00e9tique bio \u00e0 base d\u2019ingr\u00e9dients de la ruche, 100% made in France, et engag\u00e9e pour la protection des abeilles, a r\u00e9pondu favorablement \u00e0 l\u2019invitation des \u00e9tudiantes du&nbsp;BTS M\u00e9tiers de l&#8217;Esth\u00e9tique, de la <a class=\"more-link\" href=\"https:\/\/www.lycee-valin.fr\/RJVALIN\/lentreprise-cosmetique-aytresienne-folies-royales-au-lycee-valin\/\">Lire plus &#8230;<\/a><\/p>\n","protected":false},"author":53,"featured_media":5197,"comment_status":"closed","ping_status":"closed","sticky":false,"template":"","format":"standard","meta":{"footnotes":""},"categories":[81],"tags":[],"class_list":["post-5190","post","type-post","status-publish","format-standard","has-post-thumbnail","hentry","category-bts-mecp"],"_links":{"self":[{"href":"https:\/\/www.lycee-valin.fr\/RJVALIN\/wp-json\/wp\/v2\/posts\/5190","targetHints":{"allow":["GET"]}}],"collection":[{"href":"https:\/\/www.lycee-valin.fr\/RJVALIN\/wp-json\/wp\/v2\/posts"}],"about":[{"href":"https:\/\/www.lycee-valin.fr\/RJVALIN\/wp-json\/wp\/v2\/types\/post"}],"author":[{"embeddable":true,"href":"https:\/\/www.lycee-valin.fr\/RJVALIN\/wp-json\/wp\/v2\/users\/53"}],"replies":[{"embeddable":true,"href":"https:\/\/www.lycee-valin.fr\/RJVALIN\/wp-json\/wp\/v2\/comments?post=5190"}],"version-history":[{"count":3,"href":"https:\/\/www.lycee-valin.fr\/RJVALIN\/wp-json\/wp\/v2\/posts\/5190\/revisions"}],"predecessor-version":[{"id":5365,"href":"https:\/\/www.lycee-valin.fr\/RJVALIN\/wp-json\/wp\/v2\/posts\/5190\/revisions\/5365"}],"wp:featuredmedia":[{"embeddable":true,"href":"https:\/\/www.lycee-valin.fr\/RJVALIN\/wp-json\/wp\/v2\/media\/5197"}],"wp:attachment":[{"href":"https:\/\/www.lycee-valin.fr\/RJVALIN\/wp-json\/wp\/v2\/media?parent=5190"}],"wp:term":[{"taxonomy":"category","embeddable":true,"href":"https:\/\/www.lycee-valin.fr\/RJVALIN\/wp-json\/wp\/v2\/categories?post=5190"},{"taxonomy":"post_tag","embeddable":true,"href":"https:\/\/www.lycee-valin.fr\/RJVALIN\/wp-json\/wp\/v2\/tags?post=5190"}],"curies":[{"name":"wp","href":"https:\/\/api.w.org\/{rel}","templated":true}]}}