{"id":5109,"date":"2023-09-14T16:05:55","date_gmt":"2023-09-14T14:05:55","guid":{"rendered":"https:\/\/www.lycee-valin.fr\/RJVALIN\/?p=5109"},"modified":"2023-09-14T16:05:55","modified_gmt":"2023-09-14T14:05:55","slug":"cest-aussi-la-reprise-pour-las","status":"publish","type":"post","link":"https:\/\/www.lycee-valin.fr\/RJVALIN\/cest-aussi-la-reprise-pour-las\/","title":{"rendered":"C&#8217;EST AUSSI LA REPRISE POUR L&#8217;AS"},"content":{"rendered":"\n<p>C&#8217;est la reprise pour l&#8217;Association sportive d\u00e8s la 2\u00e8me semaine. A partir de lundi 11 septembre, vous pouvez venir ou revenir participer aux activit\u00e9s sportives propos\u00e9es durant la semaine. Au programme cette saison :<\/p>\n\n\n\n<p>Lundi 12 h 05 &#8211; 13 h 45 VOLLEY-BALL \/ 18 h &#8211; 19 h 30 BADMINTON<\/p>\n\n\n\n<p>Mardi 12 h 05 &#8211; 13 h 45 ATHLETISME ou CROSS TRAINING<\/p>\n\n\n\n<p>Mercredi 13 h &#8211; 14 h 30 NATATION ou CROSS TRAINING<\/p>\n\n\n\n<p>Jeudi 12 h 05 &#8211; 13 h 45 BASKET-BALL ou ATHLETISME<\/p>\n\n\n\n<p>Vendredi 12 h 05 &#8211; 13 h 45 BADMINTON<\/p>\n\n\n\n<p>N&#8217;h\u00e9sitez-pas \u00e0 venir d\u00e9couvrir pour les nouveaux. Quelques s\u00e9ances d&#8217;essai sont possibles avant inscription aupr\u00e8s des enseignants.<\/p>\n","protected":false},"excerpt":{"rendered":"<p>C&#8217;est la reprise pour l&#8217;Association sportive d\u00e8s la 2\u00e8me semaine. A partir de lundi 11 septembre, vous pouvez venir ou revenir participer aux activit\u00e9s sportives propos\u00e9es durant la semaine. Au programme cette saison : Lundi <a class=\"more-link\" href=\"https:\/\/www.lycee-valin.fr\/RJVALIN\/cest-aussi-la-reprise-pour-las\/\">Lire plus &#8230;<\/a><\/p>\n","protected":false},"author":51,"featured_media":3586,"comment_status":"closed","ping_status":"closed","sticky":false,"template":"","format":"standard","meta":{"footnotes":""},"categories":[113,102,23],"tags":[],"class_list":["post-5109","post","type-post","status-publish","format-standard","has-post-thumbnail","hentry","category-association","category-eps","category-vie-au-lycee"],"_links":{"self":[{"href":"https:\/\/www.lycee-valin.fr\/RJVALIN\/wp-json\/wp\/v2\/posts\/5109","targetHints":{"allow":["GET"]}}],"collection":[{"href":"https:\/\/www.lycee-valin.fr\/RJVALIN\/wp-json\/wp\/v2\/posts"}],"about":[{"href":"https:\/\/www.lycee-valin.fr\/RJVALIN\/wp-json\/wp\/v2\/types\/post"}],"author":[{"embeddable":true,"href":"https:\/\/www.lycee-valin.fr\/RJVALIN\/wp-json\/wp\/v2\/users\/51"}],"replies":[{"embeddable":true,"href":"https:\/\/www.lycee-valin.fr\/RJVALIN\/wp-json\/wp\/v2\/comments?post=5109"}],"version-history":[{"count":3,"href":"https:\/\/www.lycee-valin.fr\/RJVALIN\/wp-json\/wp\/v2\/posts\/5109\/revisions"}],"predecessor-version":[{"id":5112,"href":"https:\/\/www.lycee-valin.fr\/RJVALIN\/wp-json\/wp\/v2\/posts\/5109\/revisions\/5112"}],"wp:featuredmedia":[{"embeddable":true,"href":"https:\/\/www.lycee-valin.fr\/RJVALIN\/wp-json\/wp\/v2\/media\/3586"}],"wp:attachment":[{"href":"https:\/\/www.lycee-valin.fr\/RJVALIN\/wp-json\/wp\/v2\/media?parent=5109"}],"wp:term":[{"taxonomy":"category","embeddable":true,"href":"https:\/\/www.lycee-valin.fr\/RJVALIN\/wp-json\/wp\/v2\/categories?post=5109"},{"taxonomy":"post_tag","embeddable":true,"href":"https:\/\/www.lycee-valin.fr\/RJVALIN\/wp-json\/wp\/v2\/tags?post=5109"}],"curies":[{"name":"wp","href":"https:\/\/api.w.org\/{rel}","templated":true}]}}