{"id":4801,"date":"2023-07-04T17:32:33","date_gmt":"2023-07-04T15:32:33","guid":{"rendered":"https:\/\/www.lycee-valin.fr\/RJVALIN\/?p=4801"},"modified":"2023-07-07T07:10:31","modified_gmt":"2023-07-07T05:10:31","slug":"lexposition-les-femmes-oubliees-recompensee-par-le-1er-prix-devoir-de-memoire-a-la-remise-des-prix-de-leducation-citoyenne","status":"publish","type":"post","link":"https:\/\/www.lycee-valin.fr\/RJVALIN\/lexposition-les-femmes-oubliees-recompensee-par-le-1er-prix-devoir-de-memoire-a-la-remise-des-prix-de-leducation-citoyenne\/","title":{"rendered":"L&#8217;exposition &#8220;Les femmes oubli\u00e9es&#8221; r\u00e9compens\u00e9e par le 1er Prix devoir de m\u00e9moire \u00e0 la remise des prix de l&#8217;\u00e9ducation citoyenne."},"content":{"rendered":"\n<p><\/p>\n\n\n\n<p><strong>Jeudi 25 mai 2023, s&#8217;est tenue la remise des prix de l&#8217;\u00e9ducation citoyenne \u00e0 la pr\u00e9fecture de La Rochelle.<\/strong><\/p>\n\n\n\n<p>Le Prix de l&#8217;\u00e9ducation citoyenne, d\u00e9cern\u00e9 par l&#8217;Association nationale des membres de l&#8217;Ordre National du M\u00e9rite de la section Charente-Maritime est destin\u00e9 \u00e0 r\u00e9compenser des \u00e9l\u00e8ves des \u00e9coles \u00e9l\u00e9mentaires et des \u00e9tablissements du second degr\u00e9 publics et priv\u00e9s, qui se sont distingu\u00e9s par leur comportement quotidien et la r\u00e9alisation d&#8217;actions dans le champ de la citoyennet\u00e9 au sein de leur \u00e9tablissement.<\/p>\n\n\n\n<p>Nicolas Basselier, pr\u00e9fet de la Charente-Maritime, a pr\u00e9sid\u00e9 la c\u00e9r\u00e9monie de remise des prix de l&#8217;\u00e9dition 2023 du concours de l&#8217;\u00e9ducation citoyenne, en pr\u00e9sence de Pierre Niollet, pr\u00e9sident de la section d\u00e9partementale de l&#8217;association nationale des membres de l&#8217;Ordre National du M\u00e9rite, et de Mahdi Tamene, directeur acad\u00e9mique des services de l&#8217;\u00e9ducation nationale.<\/p>\n\n\n\n<figure class=\"wp-block-image size-large\"><img fetchpriority=\"high\" decoding=\"async\" width=\"1024\" height=\"549\" src=\"https:\/\/www.lycee-valin.fr\/RJVALIN\/wp-content\/uploads\/2023\/07\/photo-remise-prix-2-1024x549.png\" alt=\"\" class=\"wp-image-4803\" srcset=\"https:\/\/www.lycee-valin.fr\/RJVALIN\/wp-content\/uploads\/2023\/07\/photo-remise-prix-2-1024x549.png 1024w, https:\/\/www.lycee-valin.fr\/RJVALIN\/wp-content\/uploads\/2023\/07\/photo-remise-prix-2-300x161.png 300w, https:\/\/www.lycee-valin.fr\/RJVALIN\/wp-content\/uploads\/2023\/07\/photo-remise-prix-2-768x412.png 768w, https:\/\/www.lycee-valin.fr\/RJVALIN\/wp-content\/uploads\/2023\/07\/photo-remise-prix-2.png 1252w\" sizes=\"(max-width: 1024px) 100vw, 1024px\" \/><\/figure>\n\n\n\n<figure class=\"wp-block-image size-full\"><img decoding=\"async\" width=\"723\" height=\"483\" src=\"https:\/\/www.lycee-valin.fr\/RJVALIN\/wp-content\/uploads\/2023\/07\/photo-groupe-remise-prix1.png\" alt=\"\" class=\"wp-image-4804\" srcset=\"https:\/\/www.lycee-valin.fr\/RJVALIN\/wp-content\/uploads\/2023\/07\/photo-groupe-remise-prix1.png 723w, https:\/\/www.lycee-valin.fr\/RJVALIN\/wp-content\/uploads\/2023\/07\/photo-groupe-remise-prix1-300x200.png 300w\" sizes=\"(max-width: 723px) 100vw, 723px\" \/><\/figure>\n\n\n\n<p>Ainsi, le lyc\u00e9e Valin a pu \u00eatre r\u00e9compens\u00e9 par le 1<sup>er<\/sup> prix de devoir de m\u00e9moire \u00e0 la remise des prix de l\u2019\u00e9ducation citoyenne.<\/p>\n\n\n\n<p>L&#8217;ANMONM 17 a salu\u00e9 la qualit\u00e9 du travail r\u00e9alis\u00e9 par les \u00e9l\u00e8ves du lyc\u00e9e Valin et son caract\u00e8re pluridisciplinaire.<\/p>\n\n\n\n<p>&nbsp;Cette exposition de portraits \u00ab&nbsp;Les femmes oubli\u00e9es&nbsp;\u00bb a permis de mettre en valeur des femmes qui ont marqu\u00e9 l\u2019histoire de leur pays au cours des si\u00e8cles pr\u00e9c\u00e9dents.<\/p>\n\n\n\n<p>Des exemples :<\/p>\n\n\n\n<p>Hatchepsout pharaonne de l\u2019Egypte Antique, Sappho po\u00e9tesse grecque de l\u2019antiquit\u00e9, Marie de Gournay, femme de lettres fin 16<sup>\u00e8me<\/sup> si\u00e8cle,<\/p>\n\n\n\n<p>Sophie Germain Math\u00e9maticienne de la fin du 18 \u00e8me si\u00e8cle, Naziq al-Abid militante syrienne de la fin du 19-\u00e8me si\u00e8cle, Nettie Stevens g\u00e9n\u00e9ticienne de la fin du 19<sup>\u00e8me<\/sup> si\u00e8cle, Margaret Mead anthropologue du d\u00e9but 20<sup>\u00e8me<\/sup> si\u00e8cle.<\/p>\n\n\n\n<p>\u200b<\/p>\n\n\n\n<p>Le lyc\u00e9e Valin remercie l\u2019investissement des professeurs et des \u00e9l\u00e8ves dans ce travail collaboratif.<\/p>\n\n\n\n<figure class=\"wp-block-image size-large\"><img decoding=\"async\" width=\"1024\" height=\"760\" src=\"https:\/\/www.lycee-valin.fr\/RJVALIN\/wp-content\/uploads\/2023\/07\/prix-1024x760.jpg\" alt=\"\" class=\"wp-image-4805\" srcset=\"https:\/\/www.lycee-valin.fr\/RJVALIN\/wp-content\/uploads\/2023\/07\/prix-1024x760.jpg 1024w, https:\/\/www.lycee-valin.fr\/RJVALIN\/wp-content\/uploads\/2023\/07\/prix-300x223.jpg 300w, https:\/\/www.lycee-valin.fr\/RJVALIN\/wp-content\/uploads\/2023\/07\/prix-768x570.jpg 768w, https:\/\/www.lycee-valin.fr\/RJVALIN\/wp-content\/uploads\/2023\/07\/prix-1536x1140.jpg 1536w, https:\/\/www.lycee-valin.fr\/RJVALIN\/wp-content\/uploads\/2023\/07\/prix-2048x1520.jpg 2048w\" sizes=\"(max-width: 1024px) 100vw, 1024px\" \/><\/figure>\n\n\n\n<div class=\"alignnormal\"><div id=\"metaslider-id-4285\" style=\"width: 100%; margin: 0 auto;\" class=\"ml-slider-3-108-0 metaslider metaslider-flex metaslider-4285 ml-slider has-dots-nav ms-theme-default\" role=\"region\" aria-label=\"Diaporama &quot;Les femmes oubli\u00e9es&quot;\" data-height=\"402\" data-width=\"637\">\n    <div id=\"metaslider_container_4285\">\n        <div id=\"metaslider_4285\" class=\"flexslider\">\n            <ul class='slides'>\n                <li style=\"display: block; width: 100%;\" class=\"slide-4286 ms-image \" aria-roledescription=\"slide\" data-date=\"2023-03-17 05:04:15\" data-filename=\"Page-1-637x402.jpg\" data-slide-type=\"image\"><img loading=\"lazy\" decoding=\"async\" src=\"https:\/\/www.lycee-valin.fr\/RJVALIN\/wp-content\/uploads\/2023\/03\/Page-1-637x402.jpg\" height=\"402\" width=\"637\" alt=\"\" class=\"slider-4285 slide-4286 msDefaultImage\" title=\"Page 1\" \/><\/li>\n                <li style=\"display: none; width: 100%;\" class=\"slide-4287 ms-image \" aria-roledescription=\"slide\" data-date=\"2023-03-17 05:04:21\" data-filename=\"Page-2-637x402.jpg\" data-slide-type=\"image\"><img loading=\"lazy\" decoding=\"async\" src=\"https:\/\/www.lycee-valin.fr\/RJVALIN\/wp-content\/uploads\/2023\/03\/Page-2-637x402.jpg\" height=\"402\" width=\"637\" alt=\"\" class=\"slider-4285 slide-4287 msDefaultImage\" title=\"Page 2\" \/><\/li>\n                <li style=\"display: none; width: 100%;\" class=\"slide-4288 ms-image \" aria-roledescription=\"slide\" data-date=\"2023-03-17 05:04:30\" data-filename=\"Page-3-637x402.jpg\" data-slide-type=\"image\"><img loading=\"lazy\" decoding=\"async\" src=\"https:\/\/www.lycee-valin.fr\/RJVALIN\/wp-content\/uploads\/2023\/03\/Page-3-637x402.jpg\" height=\"402\" width=\"637\" alt=\"\" class=\"slider-4285 slide-4288 msDefaultImage\" title=\"Page 3\" \/><\/li>\n                <li style=\"display: none; width: 100%;\" class=\"slide-4289 ms-image \" aria-roledescription=\"slide\" data-date=\"2023-03-17 05:04:36\" data-filename=\"Page-4-637x402.jpg\" data-slide-type=\"image\"><img loading=\"lazy\" decoding=\"async\" src=\"https:\/\/www.lycee-valin.fr\/RJVALIN\/wp-content\/uploads\/2023\/03\/Page-4-637x402.jpg\" height=\"402\" width=\"637\" alt=\"\" class=\"slider-4285 slide-4289 msDefaultImage\" title=\"Page 4\" \/><\/li>\n                <li style=\"display: none; width: 100%;\" class=\"slide-4290 ms-image \" aria-roledescription=\"slide\" data-date=\"2023-03-17 05:04:49\" data-filename=\"Page-5-637x402.jpg\" data-slide-type=\"image\"><img loading=\"lazy\" decoding=\"async\" src=\"https:\/\/www.lycee-valin.fr\/RJVALIN\/wp-content\/uploads\/2023\/03\/Page-5-637x402.jpg\" height=\"402\" width=\"637\" alt=\"\" class=\"slider-4285 slide-4290 msDefaultImage\" title=\"Page 5\" \/><\/li>\n                <li style=\"display: none; width: 100%;\" class=\"slide-4291 ms-image \" aria-roledescription=\"slide\" data-date=\"2023-03-17 05:05:19\" data-filename=\"Page-6-637x402.jpg\" data-slide-type=\"image\"><img loading=\"lazy\" decoding=\"async\" src=\"https:\/\/www.lycee-valin.fr\/RJVALIN\/wp-content\/uploads\/2023\/03\/Page-6-637x402.jpg\" height=\"402\" width=\"637\" alt=\"\" class=\"slider-4285 slide-4291 msDefaultImage\" title=\"Page 6\" \/><\/li>\n            <\/ul>\n        <\/div>\n        \n    <\/div>\n<\/div><\/div>\n","protected":false},"excerpt":{"rendered":"<p>Jeudi 25 mai 2023, s&#8217;est tenue la remise des prix de l&#8217;\u00e9ducation citoyenne \u00e0 la pr\u00e9fecture de La Rochelle. Le Prix de l&#8217;\u00e9ducation citoyenne, d\u00e9cern\u00e9 par l&#8217;Association nationale des membres de l&#8217;Ordre National du M\u00e9rite <a class=\"more-link\" href=\"https:\/\/www.lycee-valin.fr\/RJVALIN\/lexposition-les-femmes-oubliees-recompensee-par-le-1er-prix-devoir-de-memoire-a-la-remise-des-prix-de-leducation-citoyenne\/\">Lire plus &#8230;<\/a><\/p>\n","protected":false},"author":1,"featured_media":4805,"comment_status":"closed","ping_status":"closed","sticky":false,"template":"","format":"standard","meta":{"footnotes":""},"categories":[84,23],"tags":[],"class_list":["post-4801","post","type-post","status-publish","format-standard","has-post-thumbnail","hentry","category-concours-lyceen","category-vie-au-lycee"],"_links":{"self":[{"href":"https:\/\/www.lycee-valin.fr\/RJVALIN\/wp-json\/wp\/v2\/posts\/4801","targetHints":{"allow":["GET"]}}],"collection":[{"href":"https:\/\/www.lycee-valin.fr\/RJVALIN\/wp-json\/wp\/v2\/posts"}],"about":[{"href":"https:\/\/www.lycee-valin.fr\/RJVALIN\/wp-json\/wp\/v2\/types\/post"}],"author":[{"embeddable":true,"href":"https:\/\/www.lycee-valin.fr\/RJVALIN\/wp-json\/wp\/v2\/users\/1"}],"replies":[{"embeddable":true,"href":"https:\/\/www.lycee-valin.fr\/RJVALIN\/wp-json\/wp\/v2\/comments?post=4801"}],"version-history":[{"count":2,"href":"https:\/\/www.lycee-valin.fr\/RJVALIN\/wp-json\/wp\/v2\/posts\/4801\/revisions"}],"predecessor-version":[{"id":4806,"href":"https:\/\/www.lycee-valin.fr\/RJVALIN\/wp-json\/wp\/v2\/posts\/4801\/revisions\/4806"}],"wp:featuredmedia":[{"embeddable":true,"href":"https:\/\/www.lycee-valin.fr\/RJVALIN\/wp-json\/wp\/v2\/media\/4805"}],"wp:attachment":[{"href":"https:\/\/www.lycee-valin.fr\/RJVALIN\/wp-json\/wp\/v2\/media?parent=4801"}],"wp:term":[{"taxonomy":"category","embeddable":true,"href":"https:\/\/www.lycee-valin.fr\/RJVALIN\/wp-json\/wp\/v2\/categories?post=4801"},{"taxonomy":"post_tag","embeddable":true,"href":"https:\/\/www.lycee-valin.fr\/RJVALIN\/wp-json\/wp\/v2\/tags?post=4801"}],"curies":[{"name":"wp","href":"https:\/\/api.w.org\/{rel}","templated":true}]}}