{"id":4774,"date":"2023-06-18T14:51:52","date_gmt":"2023-06-18T12:51:52","guid":{"rendered":"https:\/\/www.lycee-valin.fr\/RJVALIN\/?p=4774"},"modified":"2023-07-23T04:51:36","modified_gmt":"2023-07-23T02:51:36","slug":"cycle-de-conferences-episode-4-rencontre-avec-monsieur-emmanuel-legay-journaliste-et-chef-du-service-societe-et-sports-a-france-televisions","status":"publish","type":"post","link":"https:\/\/www.lycee-valin.fr\/RJVALIN\/cycle-de-conferences-episode-4-rencontre-avec-monsieur-emmanuel-legay-journaliste-et-chef-du-service-societe-et-sports-a-france-televisions\/","title":{"rendered":"Cycle de conf\u00e9rences, \u00e9pisode 4 : rencontre avec Monsieur Emmanuel Legay, journaliste et chef du service \u00ab\u00a0soci\u00e9t\u00e9 et sports\u00a0\u00bb \u00e0 France T\u00e9l\u00e9visions."},"content":{"rendered":"\n<hr class=\"wp-block-separator has-alpha-channel-opacity\"\/>\n\n\n\n<p>Dans le cadre du \u00ab&nbsp;cycle de conf\u00e9rences sciences humaines&nbsp;\u00bb de l\u2019ann\u00e9e 2022-2023, notre lyc\u00e9e a pu accueillir, vendredi 26 mai, <strong>Monsieur Emmanuel Legay<\/strong>, <strong>journaliste et chef du service \u00ab&nbsp;soci\u00e9t\u00e9 et sports&nbsp;\u00bb \u00e0 France T\u00e9l\u00e9visions<\/strong>.<\/p>\n\n\n\n<hr class=\"wp-block-separator has-alpha-channel-opacity\"\/>\n\n\n\n<figure class=\"wp-block-image size-large\"><img fetchpriority=\"high\" decoding=\"async\" width=\"1024\" height=\"462\" src=\"https:\/\/www.lycee-valin.fr\/RJVALIN\/wp-content\/uploads\/2023\/06\/Manu-conference-1-1024x462.jpg\" alt=\"\" class=\"wp-image-4780\" srcset=\"https:\/\/www.lycee-valin.fr\/RJVALIN\/wp-content\/uploads\/2023\/06\/Manu-conference-1-1024x462.jpg 1024w, https:\/\/www.lycee-valin.fr\/RJVALIN\/wp-content\/uploads\/2023\/06\/Manu-conference-1-300x135.jpg 300w, https:\/\/www.lycee-valin.fr\/RJVALIN\/wp-content\/uploads\/2023\/06\/Manu-conference-1-768x346.jpg 768w, https:\/\/www.lycee-valin.fr\/RJVALIN\/wp-content\/uploads\/2023\/06\/Manu-conference-1-1536x692.jpg 1536w, https:\/\/www.lycee-valin.fr\/RJVALIN\/wp-content\/uploads\/2023\/06\/Manu-conference-1-2048x923.jpg 2048w\" sizes=\"(max-width: 1024px) 100vw, 1024px\" \/><\/figure>\n\n\n\n<p><br>Cette intervention a pu permettre \u00e0 plus de 115 \u00e9l\u00e8ves de notre \u00e9tablissement suivant les enseignements d\u2019Histoire-G\u00e9ographie, G\u00e9opolitique et Sciences Politiques (HGGSP) en classe de Premi\u00e8re, et de Sciences \u00c9conomiques et Sociales (SES) de classe terminale, de b\u00e9n\u00e9ficier de l\u2019exp\u00e9rience d\u2019un journaliste chevronn\u00e9. <\/p>\n\n\n\n<p>Des \u00e9changes nourris ont pu avoir lieu entre lui et les \u00e9l\u00e8ves, donnant l\u2019occasion de prendre en partie la mesure du travail journalistique, d\u2019en d\u00e9voiler certaines facettes, d\u2019en d\u00e9construire certaines repr\u00e9sentations ou d\u2019en confirmer d\u2019autres.<\/p>\n\n\n\n<p> Cette rencontre aura \u00e9galement \u00e9t\u00e9 l\u2019occasion d\u2019aborder la question du rapport \u00e0 l\u2019information des jeunes g\u00e9n\u00e9rations, fondamentale au regard des nombreux d\u00e9fis pos\u00e9s \u00e0 notre d\u00e9mocratie et notre soci\u00e9t\u00e9 en g\u00e9n\u00e9ral. <\/p>\n\n\n\n<p>\u00c0 ce sujet, nos \u00e9l\u00e8ves se sont montr\u00e9s particuli\u00e8rement r\u00e9ceptifs et conscients de l\u2019importance d\u2019un \u00ab&nbsp;travail d\u2019information&nbsp;\u00bb de qualit\u00e9, qu\u2019il provienne des journalistes ou des lecteurs\/t\u00e9l\u00e9spectateurs\/auditeurs.<\/p>\n\n\n\n<p><br>Un grand merci encore \u00e0 Monsieur Legay d\u2019avoir fait le d\u00e9placement depuis Paris.<\/p>\n","protected":false},"excerpt":{"rendered":"<p>Dans le cadre du \u00ab&nbsp;cycle de conf\u00e9rences sciences humaines&nbsp;\u00bb de l\u2019ann\u00e9e 2022-2023, notre lyc\u00e9e a pu accueillir, vendredi 26 mai, Monsieur Emmanuel Legay, journaliste et chef du service \u00ab&nbsp;soci\u00e9t\u00e9 et sports&nbsp;\u00bb \u00e0 France T\u00e9l\u00e9visions. Cette <a class=\"more-link\" href=\"https:\/\/www.lycee-valin.fr\/RJVALIN\/cycle-de-conferences-episode-4-rencontre-avec-monsieur-emmanuel-legay-journaliste-et-chef-du-service-societe-et-sports-a-france-televisions\/\">Lire plus &#8230;<\/a><\/p>\n","protected":false},"author":1,"featured_media":4778,"comment_status":"closed","ping_status":"closed","sticky":false,"template":"","format":"standard","meta":{"footnotes":""},"categories":[93,124,94,23],"tags":[],"class_list":["post-4774","post","type-post","status-publish","format-standard","has-post-thumbnail","hentry","category-hggsp","category-sciences-po","category-ses","category-vie-au-lycee"],"_links":{"self":[{"href":"https:\/\/www.lycee-valin.fr\/RJVALIN\/wp-json\/wp\/v2\/posts\/4774","targetHints":{"allow":["GET"]}}],"collection":[{"href":"https:\/\/www.lycee-valin.fr\/RJVALIN\/wp-json\/wp\/v2\/posts"}],"about":[{"href":"https:\/\/www.lycee-valin.fr\/RJVALIN\/wp-json\/wp\/v2\/types\/post"}],"author":[{"embeddable":true,"href":"https:\/\/www.lycee-valin.fr\/RJVALIN\/wp-json\/wp\/v2\/users\/1"}],"replies":[{"embeddable":true,"href":"https:\/\/www.lycee-valin.fr\/RJVALIN\/wp-json\/wp\/v2\/comments?post=4774"}],"version-history":[{"count":3,"href":"https:\/\/www.lycee-valin.fr\/RJVALIN\/wp-json\/wp\/v2\/posts\/4774\/revisions"}],"predecessor-version":[{"id":4781,"href":"https:\/\/www.lycee-valin.fr\/RJVALIN\/wp-json\/wp\/v2\/posts\/4774\/revisions\/4781"}],"wp:featuredmedia":[{"embeddable":true,"href":"https:\/\/www.lycee-valin.fr\/RJVALIN\/wp-json\/wp\/v2\/media\/4778"}],"wp:attachment":[{"href":"https:\/\/www.lycee-valin.fr\/RJVALIN\/wp-json\/wp\/v2\/media?parent=4774"}],"wp:term":[{"taxonomy":"category","embeddable":true,"href":"https:\/\/www.lycee-valin.fr\/RJVALIN\/wp-json\/wp\/v2\/categories?post=4774"},{"taxonomy":"post_tag","embeddable":true,"href":"https:\/\/www.lycee-valin.fr\/RJVALIN\/wp-json\/wp\/v2\/tags?post=4774"}],"curies":[{"name":"wp","href":"https:\/\/api.w.org\/{rel}","templated":true}]}}