{"id":4755,"date":"2023-06-15T09:52:12","date_gmt":"2023-06-15T07:52:12","guid":{"rendered":"https:\/\/www.lycee-valin.fr\/RJVALIN\/?p=4755"},"modified":"2023-07-23T04:52:04","modified_gmt":"2023-07-23T02:52:04","slug":"cycle-de-conferences-episode-2-rencontre-avec-un-chercheur-en-geopolitique","status":"publish","type":"post","link":"https:\/\/www.lycee-valin.fr\/RJVALIN\/cycle-de-conferences-episode-2-rencontre-avec-un-chercheur-en-geopolitique\/","title":{"rendered":"Cycle de conf\u00e9rences, \u00e9pisode 2 : rencontre avec un chercheur en G\u00e9opolitique"},"content":{"rendered":"\n<p><\/p>\n\n\n\n<p>Le mardi 16 mai, les \u00e9l\u00e8ves de sp\u00e9cialit\u00e9 SES et HGGSP ont eu la chance de rencontrer Louis P\u00e9tiniaud, docteur en g\u00e9opolitique, sp\u00e9cialiste des infrastructures Internet et du routage des donn\u00e9es num\u00e9riques au sein de GEODE, chercheur associ\u00e9 \u00e0 l\u2019Observatoire de l\u2019Infosph\u00e8re Russophone (OIR), et enseignant en g\u00e9opolitique du cyberespace dans le Bachelor of Science&nbsp;de l\u2019Ecole Polytechnique.<\/p>\n\n\n\n<p>Sa conf\u00e9rence sur le cyberespace a permis aux \u00e9l\u00e8ves de prendre conscience des enjeux internationaux li\u00e9s \u00e0 Internet, notamment dans le cadre de la guerre en Ukraine. Ils ont \u00e9t\u00e9 \u00e9galement initi\u00e9 \u00e0 un cours magistral exigeant, tels que ceux qu&#8217;ils pourront conna\u00eetre \u00e0 l&#8217;universit\u00e9.<\/p>\n\n\n\n<p>Il s&#8217;agit bien l\u00e0 des objectifs de ce cycle de conf\u00e9rences :<\/p>\n\n\n\n<p>\u200b- susciter la curiosit\u00e9 des \u00e9l\u00e8ves sur des th\u00e9matiques de sciences sociales vari\u00e9es<\/p>\n\n\n\n<p>&#8211; enrichir leurs connaissances en sciences sociales<\/p>\n\n\n\n<p>\u200b- initier les \u00e9l\u00e8ves au format des cours universitaires<\/p>\n\n\n\n<p>\u200b<\/p>\n\n\n\n<p>Estelle P\u00e9tiniaud, professeure de SES<\/p>\n","protected":false},"excerpt":{"rendered":"<p>Le mardi 16 mai, les \u00e9l\u00e8ves de sp\u00e9cialit\u00e9 SES et HGGSP ont eu la chance de rencontrer Louis P\u00e9tiniaud, docteur en g\u00e9opolitique, sp\u00e9cialiste des infrastructures Internet et du routage des donn\u00e9es num\u00e9riques au sein de <a class=\"more-link\" href=\"https:\/\/www.lycee-valin.fr\/RJVALIN\/cycle-de-conferences-episode-2-rencontre-avec-un-chercheur-en-geopolitique\/\">Lire plus &#8230;<\/a><\/p>\n","protected":false},"author":3,"featured_media":4756,"comment_status":"closed","ping_status":"closed","sticky":false,"template":"","format":"standard","meta":{"footnotes":""},"categories":[93,124,94,23],"tags":[],"class_list":["post-4755","post","type-post","status-publish","format-standard","has-post-thumbnail","hentry","category-hggsp","category-sciences-po","category-ses","category-vie-au-lycee"],"_links":{"self":[{"href":"https:\/\/www.lycee-valin.fr\/RJVALIN\/wp-json\/wp\/v2\/posts\/4755","targetHints":{"allow":["GET"]}}],"collection":[{"href":"https:\/\/www.lycee-valin.fr\/RJVALIN\/wp-json\/wp\/v2\/posts"}],"about":[{"href":"https:\/\/www.lycee-valin.fr\/RJVALIN\/wp-json\/wp\/v2\/types\/post"}],"author":[{"embeddable":true,"href":"https:\/\/www.lycee-valin.fr\/RJVALIN\/wp-json\/wp\/v2\/users\/3"}],"replies":[{"embeddable":true,"href":"https:\/\/www.lycee-valin.fr\/RJVALIN\/wp-json\/wp\/v2\/comments?post=4755"}],"version-history":[{"count":1,"href":"https:\/\/www.lycee-valin.fr\/RJVALIN\/wp-json\/wp\/v2\/posts\/4755\/revisions"}],"predecessor-version":[{"id":4757,"href":"https:\/\/www.lycee-valin.fr\/RJVALIN\/wp-json\/wp\/v2\/posts\/4755\/revisions\/4757"}],"wp:featuredmedia":[{"embeddable":true,"href":"https:\/\/www.lycee-valin.fr\/RJVALIN\/wp-json\/wp\/v2\/media\/4756"}],"wp:attachment":[{"href":"https:\/\/www.lycee-valin.fr\/RJVALIN\/wp-json\/wp\/v2\/media?parent=4755"}],"wp:term":[{"taxonomy":"category","embeddable":true,"href":"https:\/\/www.lycee-valin.fr\/RJVALIN\/wp-json\/wp\/v2\/categories?post=4755"},{"taxonomy":"post_tag","embeddable":true,"href":"https:\/\/www.lycee-valin.fr\/RJVALIN\/wp-json\/wp\/v2\/tags?post=4755"}],"curies":[{"name":"wp","href":"https:\/\/api.w.org\/{rel}","templated":true}]}}