{"id":475,"date":"2022-05-29T06:07:00","date_gmt":"2022-05-29T04:07:00","guid":{"rendered":"https:\/\/www.lycee-valin.fr\/RJVALIN\/?p=475"},"modified":"2023-07-09T05:42:41","modified_gmt":"2023-07-09T03:42:41","slug":"vacances-apprenantes-2022","status":"publish","type":"post","link":"https:\/\/www.lycee-valin.fr\/RJVALIN\/vacances-apprenantes-2022\/","title":{"rendered":"Vacances apprenantes 2022"},"content":{"rendered":"\n<figure class=\"wp-block-image size-full is-resized\"><img decoding=\"async\" src=\"https:\/\/www.lycee-valin.fr\/RJVALIN\/wp-content\/uploads\/2022\/05\/Logo-Vacances-Apprenantes-mini.jpg\" alt=\"\" class=\"wp-image-480\" width=\"79\" height=\"56\" srcset=\"https:\/\/www.lycee-valin.fr\/RJVALIN\/wp-content\/uploads\/2022\/05\/Logo-Vacances-Apprenantes-mini.jpg 708w, https:\/\/www.lycee-valin.fr\/RJVALIN\/wp-content\/uploads\/2022\/05\/Logo-Vacances-Apprenantes-mini-300x217.jpg 300w\" sizes=\"(max-width: 79px) 100vw, 79px\" \/><\/figure>\n\n\n\n<p>Dans le cadre des \u00ab&nbsp;Vacances apprenantes 2022&nbsp;\u00bb le lyc\u00e9e Valin met en place des activit\u00e9s p\u00e9dagogiques, culturelles et\/ ou sportives du lundi 4 juillet au mercredi 13 juillet 2022.<br>Les \u00ab&nbsp;Vacances apprenantes&nbsp;\u00bb permettent aux \u00e9l\u00e8ves de b\u00e9n\u00e9ficier d\u2019activit\u00e9s enrichissantes pendant les vacances d\u2019\u00e9t\u00e9 pour renforcer leurs apprentissages scolaires, se cultiver, se d\u00e9penser et r\u00e9pondre au besoin d\u2019exp\u00e9riences collectives et de partage.<br>Ce dispositif, \u00e0 destination des \u00e9l\u00e8ves des classes de seconde et de premi\u00e8re est totalement gratuit (aucun frais d\u2019inscription ne sera demand\u00e9) en dehors des repas qui restent \u00e0 la charge des familles.<br>Des activit\u00e9s p\u00e9dagogiques seront propos\u00e9es ainsi que des activit\u00e9s culturelles et\/ou sportives (accrobranche, voile, \u00e9quitation, paddle, sortie sur l\u2019Ile de R\u00e9, kayak ,&#8230;).<\/p>\n\n\n\n<p>ATTENTION&nbsp;!! LE NOMBRE DE PLACES ETANT TRES LIMITE LES PREMIERS ARRIVES SERONT LES PREMIERS SERVIS &#8230;<\/p>\n\n\n\n<p>Si vous souhaitez participer, vous pouvez vous pr\u00e9inscrire en compl\u00e9tant la fiche ci-dessous et en la d\u00e9posant dans le casier de Mme&nbsp;Marty.<\/p>\n\n\n\n<p>Date limite des d\u00e9p\u00f4ts le 7 juin.<\/p>\n\n\n\n<p>Apr\u00e8s votre pr\u00e9inscription, vous serez recontact\u00e9s et le programme pr\u00e9cis des 8 jours vous sera communiqu\u00e9 ainsi que les modalit\u00e9s d\u2019organisation d\u00e9finitives.<\/p>\n\n\n\n<p>A vous de jouer&nbsp;!!<\/p>\n\n\n\n<p>REPARTITION et CHOIX DES ACTIVITES VACANCES APPRENANTES<\/p>\n\n\n\n<p>Nom&nbsp;:<\/p>\n\n\n\n<p>Pr\u00e9nom&nbsp;:<\/p>\n\n\n\n<p>Classe&nbsp;:<\/p>\n\n\n\n<p>En vous inscrivant aux Vacances apprenantes, vous vous engagez \u00e0 participer \u00e0 des activit\u00e9s de 9h00 \u00e0 16h30 au lyc\u00e9e (hors horaires de sorties particuliers) du lundi 4 juillet au mercredi 13 juillet.<br>Une sortie commune sera organis\u00e9e la journ\u00e9e du 13 juillet (Journ\u00e9e sur l\u2019Ile d\u2019Aix avec croisi\u00e8re en bateau autour de Fort Boyard et jeu de piste).<\/p>\n\n\n\n<p>Vous trouverez ci-dessous le planning des vacances apprenantes 2022&nbsp;:<\/p>\n\n\n<div class=\"wp-block-image\">\n<figure class=\"alignleft size-large is-resized\"><img fetchpriority=\"high\" decoding=\"async\" src=\"https:\/\/www.lycee-valin.fr\/RJVALIN\/wp-content\/uploads\/2022\/05\/image-5-1024x716.png\" alt=\"\" class=\"wp-image-478\" width=\"856\" height=\"598\" srcset=\"https:\/\/www.lycee-valin.fr\/RJVALIN\/wp-content\/uploads\/2022\/05\/image-5-1024x716.png 1024w, https:\/\/www.lycee-valin.fr\/RJVALIN\/wp-content\/uploads\/2022\/05\/image-5-300x210.png 300w, https:\/\/www.lycee-valin.fr\/RJVALIN\/wp-content\/uploads\/2022\/05\/image-5-768x537.png 768w, https:\/\/www.lycee-valin.fr\/RJVALIN\/wp-content\/uploads\/2022\/05\/image-5.png 1107w\" sizes=\"(max-width: 856px) 100vw, 856px\" \/><\/figure>\n<\/div>\n\n\n<p><a href=\"https:\/\/lycee-valin.fr\/spip\/IMG\/docx\/planning_vacances_apprenantes_2022.docx\"><\/a><\/p>\n\n\n\n<p>Vous pouvez choisir cinq activit\u00e9s parmi celles qui vous sont propos\u00e9es ci-dessous et vous les classerez par ordre de pr\u00e9f\u00e9rence de 1 \u00e0 5 (seulement si vous souhaitez faire 5 choix)&nbsp;:<\/p>\n\n\n\n<p><img decoding=\"async\" src=\"https:\/\/lycee-valin.fr\/spip\/squelettes-dist\/puce.gif\" width=\"8\" height=\"11\" alt=\"-\">&nbsp;Accrobranche<br><img decoding=\"async\" src=\"https:\/\/lycee-valin.fr\/spip\/squelettes-dist\/puce.gif\" width=\"8\" height=\"11\" alt=\"-\">&nbsp;Equitation (tous niveaux)<br><img decoding=\"async\" src=\"https:\/\/lycee-valin.fr\/spip\/squelettes-dist\/puce.gif\" width=\"8\" height=\"11\" alt=\"-\">&nbsp;Voile<br><img decoding=\"async\" src=\"https:\/\/lycee-valin.fr\/spip\/squelettes-dist\/puce.gif\" width=\"8\" height=\"11\" alt=\"-\">&nbsp;Sortie sur l\u2019Ile de R\u00e9 (balade en v\u00e9lo, d\u00e9couverte de l\u2019Abeille en R\u00e9, glace \u00e0 St Martin, plage)<br><img decoding=\"async\" src=\"https:\/\/lycee-valin.fr\/spip\/squelettes-dist\/puce.gif\" width=\"8\" height=\"11\" alt=\"-\">&nbsp;Initiation \u00e0 la Capoeira<br><img decoding=\"async\" src=\"https:\/\/lycee-valin.fr\/spip\/squelettes-dist\/puce.gif\" width=\"8\" height=\"11\" alt=\"-\">&nbsp;Paddle g\u00e9ant<br><img decoding=\"async\" src=\"https:\/\/lycee-valin.fr\/spip\/squelettes-dist\/puce.gif\" width=\"8\" height=\"11\" alt=\"-\">&nbsp;Initiation au sabre laser<br><img decoding=\"async\" src=\"https:\/\/lycee-valin.fr\/spip\/squelettes-dist\/puce.gif\" width=\"8\" height=\"11\" alt=\"-\">&nbsp;Escape game (avec Escape Yourself)<br><img decoding=\"async\" src=\"https:\/\/lycee-valin.fr\/spip\/squelettes-dist\/puce.gif\" width=\"8\" height=\"11\" alt=\"-\">&nbsp;Kayak sur le canal de Rompsay<\/p>\n\n\n\n<p>Parall\u00e8lement vous assisterez \u00e0 des activit\u00e9s p\u00e9dagogiques et culturelles associ\u00e9es \u00e0 des mati\u00e8res&nbsp;:<br><img decoding=\"async\" src=\"https:\/\/lycee-valin.fr\/spip\/squelettes-dist\/puce.gif\" width=\"8\" height=\"11\" alt=\"-\">&nbsp;Espagnol<br><img decoding=\"async\" src=\"https:\/\/lycee-valin.fr\/spip\/squelettes-dist\/puce.gif\" width=\"8\" height=\"11\" alt=\"-\">&nbsp;Anglais<br><img decoding=\"async\" src=\"https:\/\/lycee-valin.fr\/spip\/squelettes-dist\/puce.gif\" width=\"8\" height=\"11\" alt=\"-\">&nbsp;Portugais<br><img decoding=\"async\" src=\"https:\/\/lycee-valin.fr\/spip\/squelettes-dist\/puce.gif\" width=\"8\" height=\"11\" alt=\"-\">&nbsp;Arts plastiques<br><img decoding=\"async\" src=\"https:\/\/lycee-valin.fr\/spip\/squelettes-dist\/puce.gif\" width=\"8\" height=\"11\" alt=\"-\">&nbsp;Fran\u00e7ais<br><img decoding=\"async\" src=\"https:\/\/lycee-valin.fr\/spip\/squelettes-dist\/puce.gif\" width=\"8\" height=\"11\" alt=\"-\">&nbsp;\u00c9conomie<br><img decoding=\"async\" src=\"https:\/\/lycee-valin.fr\/spip\/squelettes-dist\/puce.gif\" width=\"8\" height=\"11\" alt=\"-\">&nbsp;Maths et sciences<\/p>\n\n\n\n<p>L\u2019inscription \u00e0 une activit\u00e9 choisie est soumise \u00e0 la participation \u00e0 une activit\u00e9 p\u00e9dagogique.<\/p>\n\n\n\n<p>A DEPOSER DANS LE CASIER DE Mme&nbsp;MARTY<\/p>\n","protected":false},"excerpt":{"rendered":"<p>Dans le cadre des \u00ab&nbsp;Vacances apprenantes 2022&nbsp;\u00bb le lyc\u00e9e Valin met en place des activit\u00e9s p\u00e9dagogiques, culturelles et\/ ou sportives du lundi 4 juillet au mercredi 13 juillet 2022.Les \u00ab&nbsp;Vacances apprenantes&nbsp;\u00bb permettent aux \u00e9l\u00e8ves de <a class=\"more-link\" href=\"https:\/\/www.lycee-valin.fr\/RJVALIN\/vacances-apprenantes-2022\/\">Lire plus &#8230;<\/a><\/p>\n","protected":false},"author":3,"featured_media":714,"comment_status":"closed","ping_status":"open","sticky":false,"template":"","format":"standard","meta":{"footnotes":""},"categories":[96,82,23],"tags":[20,14,19,13,16],"class_list":["post-475","post","type-post","status-publish","format-standard","has-post-thumbnail","hentry","category-informations","category-sortie-pedagogique","category-vie-au-lycee","tag-apprenantes","tag-lycee","tag-vacances","tag-valin","tag-vie-au-lycee"],"_links":{"self":[{"href":"https:\/\/www.lycee-valin.fr\/RJVALIN\/wp-json\/wp\/v2\/posts\/475","targetHints":{"allow":["GET"]}}],"collection":[{"href":"https:\/\/www.lycee-valin.fr\/RJVALIN\/wp-json\/wp\/v2\/posts"}],"about":[{"href":"https:\/\/www.lycee-valin.fr\/RJVALIN\/wp-json\/wp\/v2\/types\/post"}],"author":[{"embeddable":true,"href":"https:\/\/www.lycee-valin.fr\/RJVALIN\/wp-json\/wp\/v2\/users\/3"}],"replies":[{"embeddable":true,"href":"https:\/\/www.lycee-valin.fr\/RJVALIN\/wp-json\/wp\/v2\/comments?post=475"}],"version-history":[{"count":7,"href":"https:\/\/www.lycee-valin.fr\/RJVALIN\/wp-json\/wp\/v2\/posts\/475\/revisions"}],"predecessor-version":[{"id":487,"href":"https:\/\/www.lycee-valin.fr\/RJVALIN\/wp-json\/wp\/v2\/posts\/475\/revisions\/487"}],"wp:featuredmedia":[{"embeddable":true,"href":"https:\/\/www.lycee-valin.fr\/RJVALIN\/wp-json\/wp\/v2\/media\/714"}],"wp:attachment":[{"href":"https:\/\/www.lycee-valin.fr\/RJVALIN\/wp-json\/wp\/v2\/media?parent=475"}],"wp:term":[{"taxonomy":"category","embeddable":true,"href":"https:\/\/www.lycee-valin.fr\/RJVALIN\/wp-json\/wp\/v2\/categories?post=475"},{"taxonomy":"post_tag","embeddable":true,"href":"https:\/\/www.lycee-valin.fr\/RJVALIN\/wp-json\/wp\/v2\/tags?post=475"}],"curies":[{"name":"wp","href":"https:\/\/api.w.org\/{rel}","templated":true}]}}