{"id":4681,"date":"2023-05-24T11:55:42","date_gmt":"2023-05-24T09:55:42","guid":{"rendered":"https:\/\/www.lycee-valin.fr\/RJVALIN\/?p=4681"},"modified":"2023-05-24T11:56:29","modified_gmt":"2023-05-24T09:56:29","slug":"bac-3-a-bac3","status":"publish","type":"post","link":"https:\/\/www.lycee-valin.fr\/RJVALIN\/bac-3-a-bac3\/","title":{"rendered":"&#8220;Bac-3 \u00e0 Bac+3&#8221;"},"content":{"rendered":"\n<hr class=\"wp-block-separator has-alpha-channel-opacity\"\/>\n\n\n\n<p class=\"has-text-align-center\"><strong><br><mark>&#8220;Rencontre et curiosit\u00e9 scientifique&#8221;&#8230;<br>D\u00e9couvrir pour pouvoir \u00e9ventuellement se projeter dans son orientation&#8230;<\/mark><\/strong><\/p>\n\n\n\n<figure class=\"wp-block-image size-large\"><img fetchpriority=\"high\" decoding=\"async\" width=\"1024\" height=\"501\" src=\"https:\/\/www.lycee-valin.fr\/RJVALIN\/wp-content\/uploads\/2023\/05\/24085add-ba64-415c-afee-9215ced5b840-1024x501.jpg\" alt=\"\" class=\"wp-image-4682\" srcset=\"https:\/\/www.lycee-valin.fr\/RJVALIN\/wp-content\/uploads\/2023\/05\/24085add-ba64-415c-afee-9215ced5b840-1024x501.jpg 1024w, https:\/\/www.lycee-valin.fr\/RJVALIN\/wp-content\/uploads\/2023\/05\/24085add-ba64-415c-afee-9215ced5b840-300x147.jpg 300w, https:\/\/www.lycee-valin.fr\/RJVALIN\/wp-content\/uploads\/2023\/05\/24085add-ba64-415c-afee-9215ced5b840-768x376.jpg 768w, https:\/\/www.lycee-valin.fr\/RJVALIN\/wp-content\/uploads\/2023\/05\/24085add-ba64-415c-afee-9215ced5b840-1536x751.jpg 1536w, https:\/\/www.lycee-valin.fr\/RJVALIN\/wp-content\/uploads\/2023\/05\/24085add-ba64-415c-afee-9215ced5b840-2048x1002.jpg 2048w\" sizes=\"(max-width: 1024px) 100vw, 1024px\" \/><\/figure>\n\n\n\n<p class=\"has-text-align-left\"><strong>\u200b<\/strong>\u200b<strong>Des \u00e9l\u00e8ves de 2nd S04 et S1\/S11 du lyc\u00e9e Valin \u00e0 La Rochelle<\/strong>, en app\u00e9tence pour<strong>&nbsp;les Biotechnologies<\/strong>&nbsp;sont partis en visite \u00e0 l\u2019universit\u00e9 mardi dernier, pour rencontrer la responsable enseignante-chercheuse du Master de Biotechnologies,&nbsp;<strong>Mme&nbsp;Bordenave-Juchereau<\/strong>&nbsp;(<a rel=\"noreferrer noopener\" href=\"https:\/\/formations.univ-larochelle.fr\/master-genie-bio-agro-industries\" target=\"_blank\">https:\/\/formations.univ-larochelle.fr\/master-genie-bio-agro-industries<\/a>&nbsp;) et \u00e9galement enseignante en Licence sciences pour la sant\u00e9 (<a rel=\"noreferrer noopener\" href=\"https:\/\/formations.univ-larochelle.fr\/licence-sciences-sante\" target=\"_blank\">https:\/\/formations.univ-larochelle.fr\/licence-sciences-sante<\/a>).<\/p>\n\n\n<div class=\"wp-block-image\">\n<figure class=\"aligncenter size-full\"><img decoding=\"async\" width=\"332\" height=\"291\" src=\"https:\/\/www.lycee-valin.fr\/RJVALIN\/wp-content\/uploads\/2023\/05\/3d50d451-f66e-41fa-b55e-b65aa4a0822e.png\" alt=\"\" class=\"wp-image-4683\" srcset=\"https:\/\/www.lycee-valin.fr\/RJVALIN\/wp-content\/uploads\/2023\/05\/3d50d451-f66e-41fa-b55e-b65aa4a0822e.png 332w, https:\/\/www.lycee-valin.fr\/RJVALIN\/wp-content\/uploads\/2023\/05\/3d50d451-f66e-41fa-b55e-b65aa4a0822e-300x263.png 300w\" sizes=\"(max-width: 332px) 100vw, 332px\" \/><\/figure>\n<\/div>\n\n\n<p>Apr\u00e8s avoir d\u00e9couvert les perspectives et&nbsp;<strong>attendus d\u2019\u00e9tudes possibles post-bac ou post BTS\/BUT pour de futurs STL (Sciences et Techniques de Laboratoire)<\/strong>,\u200b <strong>30 \u00e9l\u00e8ves STL<\/strong>&nbsp;postulent pour la rentr\u00e9e en licence \u00e0 l\u2019universit\u00e9 de La Rochelle. <\/p>\n\n\n\n<p>Pour information, les \u00e9tablissements qui forment des STL comme le Lyc\u00e9e Valin, sont peu nombreux par exemple un seul sur toute la Charente Maritime (environ 40 \u00e9l\u00e8ves)\u2026et 4 sur toute l\u2019acad\u00e9mie de Poitiers. La poursuite d&#8217;\u00e9tude post-bac ne concerne pas que le BTS (2 ans) ou le BUT (3 ans).<\/p>\n\n\n\n<p>A noter qu&#8217;apr\u00e8s un BTS nos \u00e9tudiants poursuivent en Licence Professionnelle ou L3 puis Master pour les meilleurs dossiers.\u200b<\/p>\n\n\n<div class=\"wp-block-image\">\n<figure class=\"aligncenter size-full\"><img decoding=\"async\" width=\"315\" height=\"237\" src=\"https:\/\/www.lycee-valin.fr\/RJVALIN\/wp-content\/uploads\/2023\/05\/1d10fdee-eaab-4fe8-a29b-e125e91f681c.png\" alt=\"\" class=\"wp-image-4684\" srcset=\"https:\/\/www.lycee-valin.fr\/RJVALIN\/wp-content\/uploads\/2023\/05\/1d10fdee-eaab-4fe8-a29b-e125e91f681c.png 315w, https:\/\/www.lycee-valin.fr\/RJVALIN\/wp-content\/uploads\/2023\/05\/1d10fdee-eaab-4fe8-a29b-e125e91f681c-300x226.png 300w\" sizes=\"(max-width: 315px) 100vw, 315px\" \/><\/figure>\n<\/div>\n\n\n<p>\u200bPuis les \u00e9l\u00e8ves ont assist\u00e9 \u00e0 une pr\u00e9sentation tr\u00e8s int\u00e9ressante sur un th\u00e8me de recherche (mais chut, top secret\u2026) par une \u00e9tudiante en Master de Biotechnologies.<\/p>\n\n\n\n<p>\u200b<em>Merci \u00e0 Sara pour ce beau projet et pour le temps accord\u00e9 \u00e0 nos \u00e9l\u00e8ves qui ont vraiment appr\u00e9ci\u00e9&nbsp;!<\/em><\/p>\n\n\n\n<p>\u200b\u200bPuis une<strong>&nbsp;immersion dans le Laboratoire de recherche du LIENSs<\/strong><a href=\"https:\/\/ww2.ac-poitiers.fr\/biochimie\/spip.php?article449#nb1\"><strong><sup>1<\/sup><\/strong><\/a>&nbsp;les attendait&#8230;\u200bplus pr\u00e9cis\u00e9ment dans l<strong>e laboratoire de Biotechnologies BCBS (Biotechnologies et Chimie des Bioressources pour la Sant\u00e9)<\/strong>.<\/p>\n\n\n\n<p>\u200b<\/p>\n\n\n<div class=\"wp-block-image\">\n<figure class=\"aligncenter size-full is-resized\"><img loading=\"lazy\" decoding=\"async\" src=\"https:\/\/www.lycee-valin.fr\/RJVALIN\/wp-content\/uploads\/2023\/05\/89304304-5ac6-4097-b693-832eb323ad16.png\" alt=\"\" class=\"wp-image-4687\" width=\"404\" height=\"460\" srcset=\"https:\/\/www.lycee-valin.fr\/RJVALIN\/wp-content\/uploads\/2023\/05\/89304304-5ac6-4097-b693-832eb323ad16.png 404w, https:\/\/www.lycee-valin.fr\/RJVALIN\/wp-content\/uploads\/2023\/05\/89304304-5ac6-4097-b693-832eb323ad16-263x300.png 263w\" sizes=\"(max-width: 404px) 100vw, 404px\" \/><\/figure>\n<\/div>\n\n\n<p>\u200b\u200b\u200b\u200bNos \u00e9l\u00e8ves curieux sont repartis avec beaucoup d\u2019\u00e9merveillement et d\u2019enthousiasme&#8230;.et nous remercions chaleureusement&nbsp;<strong>Mme&nbsp;Bordenave-Juchereau et son \u00e9quipe<\/strong>, pour son accueil et le temps pris pour tout nous expliquer, en attendant de futures collaborations avec nos \u00e9l\u00e8ves option et s\u00e9rie STL Biotechnologies.<\/p>\n\n\n<div class=\"wp-block-image\">\n<figure class=\"aligncenter size-full is-resized\"><img loading=\"lazy\" decoding=\"async\" src=\"https:\/\/www.lycee-valin.fr\/RJVALIN\/wp-content\/uploads\/2023\/05\/8604b4d6-b6f5-4f33-98a4-094dbf1664ac.png\" alt=\"\" class=\"wp-image-4688\" width=\"540\" height=\"283\" srcset=\"https:\/\/www.lycee-valin.fr\/RJVALIN\/wp-content\/uploads\/2023\/05\/8604b4d6-b6f5-4f33-98a4-094dbf1664ac.png 697w, https:\/\/www.lycee-valin.fr\/RJVALIN\/wp-content\/uploads\/2023\/05\/8604b4d6-b6f5-4f33-98a4-094dbf1664ac-300x158.png 300w\" sizes=\"(max-width: 540px) 100vw, 540px\" \/><\/figure>\n<\/div>\n\n\n<p>\u200bAvenirs et perspectives scientifiques de notre \u00e9poque et du futur&nbsp;:<\/p>\n\n\n\n<p>D\u00e9couvrir pour tous, qu\u2019on peut&#8230;<br><br>&#8211;&nbsp;<strong>&nbsp;\u00e0 partir d\u2019une peau de poisson, extraire et produire des mol\u00e9cules anti-rides\u2026 (Biotechnologies marines dites &#8220;bleues&#8221;)&nbsp;<\/strong>&nbsp;;<br><br>&#8211;&nbsp;<strong>\u00e0 partir d\u2019algues, extraire des mol\u00e9cules anti-canc\u00e9reuses<\/strong>&nbsp;(travaux de recherche en partenariat avec Ligue contre le cancer),&nbsp;<strong>Biotechnologies dites &#8220;rouges&#8221; (sant\u00e9)&nbsp;<\/strong>ou mol\u00e9cules pour suppl\u00e9er notre alimentation (Nutrition-Diab\u00e8te)&nbsp;;<br><br>&#8211;&nbsp;<strong>gr\u00e2ce \u00e0 des bact\u00e9ries qui produisent des min\u00e9raux (&#8220;des cailloux biotechnologiques&#8221;), prot\u00e9ger\/renforcer des digues en milieu marin<\/strong>&nbsp;;<br>&#8230;et bien d\u2019autres choses.<\/p>\n\n\n\n<p>\u200b<\/p>\n\n\n<div class=\"wp-block-image\">\n<figure class=\"aligncenter size-full\"><img loading=\"lazy\" decoding=\"async\" width=\"500\" height=\"326\" src=\"https:\/\/www.lycee-valin.fr\/RJVALIN\/wp-content\/uploads\/2023\/05\/dda46b4b-89b8-4179-899b-9da16a5abf42.png\" alt=\"\" class=\"wp-image-4689\" srcset=\"https:\/\/www.lycee-valin.fr\/RJVALIN\/wp-content\/uploads\/2023\/05\/dda46b4b-89b8-4179-899b-9da16a5abf42.png 500w, https:\/\/www.lycee-valin.fr\/RJVALIN\/wp-content\/uploads\/2023\/05\/dda46b4b-89b8-4179-899b-9da16a5abf42-300x196.png 300w\" sizes=\"(max-width: 500px) 100vw, 500px\" \/><\/figure>\n<\/div>\n\n\n<p><strong>\u200b<\/strong>(<a href=\"https:\/\/ww2.ac-poitiers.fr\/biochimie\/spip.php?article449#nh1\">1<\/a>) Le laboratoire LIENSs est une unit\u00e9 mixte de recherche interdisciplinaire (UMRi 7266 La Rochelle Universit\u00e9 \u2013 CNRS). Ce laboratoire met l\u2019interdisciplinarit\u00e9 au service des enjeux du d\u00e9veloppement durable en lien avec le littoral.<br>Il int\u00e8gre les comp\u00e9tences de nombreuses disciplines qui vont des sciences de l\u2019environnement aux sciences humaines en passant par la chimie et les biotechnologies.<\/p>\n\n\n\n<p><strong><em>Sandrine Bruna, Enseignante de Biotechnologies au lyc\u00e9e Valin \u00e0 la Rochelle<\/em><\/strong><em><\/em><\/p>\n","protected":false},"excerpt":{"rendered":"<p>&#8220;Rencontre et curiosit\u00e9 scientifique&#8221;&#8230;D\u00e9couvrir pour pouvoir \u00e9ventuellement se projeter dans son orientation&#8230; \u200b\u200bDes \u00e9l\u00e8ves de 2nd S04 et S1\/S11 du lyc\u00e9e Valin \u00e0 La Rochelle, en app\u00e9tence pour&nbsp;les Biotechnologies&nbsp;sont partis en visite \u00e0 l\u2019universit\u00e9 mardi <a class=\"more-link\" href=\"https:\/\/www.lycee-valin.fr\/RJVALIN\/bac-3-a-bac3\/\">Lire plus &#8230;<\/a><\/p>\n","protected":false},"author":5,"featured_media":4682,"comment_status":"closed","ping_status":"closed","sticky":false,"template":"","format":"standard","meta":{"footnotes":""},"categories":[68,82],"tags":[],"class_list":["post-4681","post","type-post","status-publish","format-standard","has-post-thumbnail","hentry","category-biotechnologie","category-sortie-pedagogique"],"_links":{"self":[{"href":"https:\/\/www.lycee-valin.fr\/RJVALIN\/wp-json\/wp\/v2\/posts\/4681","targetHints":{"allow":["GET"]}}],"collection":[{"href":"https:\/\/www.lycee-valin.fr\/RJVALIN\/wp-json\/wp\/v2\/posts"}],"about":[{"href":"https:\/\/www.lycee-valin.fr\/RJVALIN\/wp-json\/wp\/v2\/types\/post"}],"author":[{"embeddable":true,"href":"https:\/\/www.lycee-valin.fr\/RJVALIN\/wp-json\/wp\/v2\/users\/5"}],"replies":[{"embeddable":true,"href":"https:\/\/www.lycee-valin.fr\/RJVALIN\/wp-json\/wp\/v2\/comments?post=4681"}],"version-history":[{"count":5,"href":"https:\/\/www.lycee-valin.fr\/RJVALIN\/wp-json\/wp\/v2\/posts\/4681\/revisions"}],"predecessor-version":[{"id":4692,"href":"https:\/\/www.lycee-valin.fr\/RJVALIN\/wp-json\/wp\/v2\/posts\/4681\/revisions\/4692"}],"wp:featuredmedia":[{"embeddable":true,"href":"https:\/\/www.lycee-valin.fr\/RJVALIN\/wp-json\/wp\/v2\/media\/4682"}],"wp:attachment":[{"href":"https:\/\/www.lycee-valin.fr\/RJVALIN\/wp-json\/wp\/v2\/media?parent=4681"}],"wp:term":[{"taxonomy":"category","embeddable":true,"href":"https:\/\/www.lycee-valin.fr\/RJVALIN\/wp-json\/wp\/v2\/categories?post=4681"},{"taxonomy":"post_tag","embeddable":true,"href":"https:\/\/www.lycee-valin.fr\/RJVALIN\/wp-json\/wp\/v2\/tags?post=4681"}],"curies":[{"name":"wp","href":"https:\/\/api.w.org\/{rel}","templated":true}]}}