{"id":4033,"date":"2023-03-04T11:46:29","date_gmt":"2023-03-04T10:46:29","guid":{"rendered":"https:\/\/www.lycee-valin.fr\/RJVALIN\/?p=4033"},"modified":"2023-07-08T04:29:48","modified_gmt":"2023-07-08T02:29:48","slug":"offre-de-figuration","status":"publish","type":"post","link":"https:\/\/www.lycee-valin.fr\/RJVALIN\/offre-de-figuration\/","title":{"rendered":"Offre de figuration"},"content":{"rendered":"\n<p>Cette offre s&#8217;adresse \u00e0 tous les \u00e9l\u00e8ves qui auront 16 ans <strong>\u00e0 la date du tournage, donc au plus tard le 11 avril.<\/strong><\/p>\n\n\n\n<figure class=\"wp-block-image size-large\"><img fetchpriority=\"high\" decoding=\"async\" width=\"724\" height=\"1024\" src=\"https:\/\/www.lycee-valin.fr\/RJVALIN\/wp-content\/uploads\/2023\/03\/FIGURATION-LYCEE-724x1024.jpg\" alt=\"\" class=\"wp-image-4034\" srcset=\"https:\/\/www.lycee-valin.fr\/RJVALIN\/wp-content\/uploads\/2023\/03\/FIGURATION-LYCEE-724x1024.jpg 724w, https:\/\/www.lycee-valin.fr\/RJVALIN\/wp-content\/uploads\/2023\/03\/FIGURATION-LYCEE-212x300.jpg 212w, https:\/\/www.lycee-valin.fr\/RJVALIN\/wp-content\/uploads\/2023\/03\/FIGURATION-LYCEE-768x1086.jpg 768w, https:\/\/www.lycee-valin.fr\/RJVALIN\/wp-content\/uploads\/2023\/03\/FIGURATION-LYCEE-1086x1536.jpg 1086w, https:\/\/www.lycee-valin.fr\/RJVALIN\/wp-content\/uploads\/2023\/03\/FIGURATION-LYCEE-1448x2048.jpg 1448w, https:\/\/www.lycee-valin.fr\/RJVALIN\/wp-content\/uploads\/2023\/03\/FIGURATION-LYCEE-scaled.jpg 1810w\" sizes=\"(max-width: 724px) 100vw, 724px\" \/><\/figure>\n<div class='watch-action'><div class='watch-position align-left'><div class='action-like'><a class='lbg-style3 like-4033 jlk' href='javascript:void(0)' data-task='like' data-post_id='4033' data-nonce='a58e9a3d12' rel='nofollow'><img class='wti-pixel' src='https:\/\/www.lycee-valin.fr\/RJVALIN\/wp-content\/plugins\/wti-like-post\/images\/pixel.gif' title='j&#039;aime' \/><span class='lc-4033 lc'>0<\/span><\/a><\/div><\/div> <div class='status-4033 status align-left'><\/div><\/div><div class='wti-clear'><\/div>","protected":false},"excerpt":{"rendered":"<p>Cette offre s&#8217;adresse \u00e0 tous les \u00e9l\u00e8ves qui auront 16 ans \u00e0 la date du tournage, donc au plus tard le 11 avril. 0<\/p>\n","protected":false},"author":23,"featured_media":4037,"comment_status":"closed","ping_status":"closed","sticky":false,"template":"","format":"standard","meta":{"footnotes":""},"categories":[107],"tags":[],"class_list":["post-4033","post","type-post","status-publish","format-standard","has-post-thumbnail","hentry","category-theatre"],"_links":{"self":[{"href":"https:\/\/www.lycee-valin.fr\/RJVALIN\/wp-json\/wp\/v2\/posts\/4033","targetHints":{"allow":["GET"]}}],"collection":[{"href":"https:\/\/www.lycee-valin.fr\/RJVALIN\/wp-json\/wp\/v2\/posts"}],"about":[{"href":"https:\/\/www.lycee-valin.fr\/RJVALIN\/wp-json\/wp\/v2\/types\/post"}],"author":[{"embeddable":true,"href":"https:\/\/www.lycee-valin.fr\/RJVALIN\/wp-json\/wp\/v2\/users\/23"}],"replies":[{"embeddable":true,"href":"https:\/\/www.lycee-valin.fr\/RJVALIN\/wp-json\/wp\/v2\/comments?post=4033"}],"version-history":[{"count":5,"href":"https:\/\/www.lycee-valin.fr\/RJVALIN\/wp-json\/wp\/v2\/posts\/4033\/revisions"}],"predecessor-version":[{"id":4204,"href":"https:\/\/www.lycee-valin.fr\/RJVALIN\/wp-json\/wp\/v2\/posts\/4033\/revisions\/4204"}],"wp:featuredmedia":[{"embeddable":true,"href":"https:\/\/www.lycee-valin.fr\/RJVALIN\/wp-json\/wp\/v2\/media\/4037"}],"wp:attachment":[{"href":"https:\/\/www.lycee-valin.fr\/RJVALIN\/wp-json\/wp\/v2\/media?parent=4033"}],"wp:term":[{"taxonomy":"category","embeddable":true,"href":"https:\/\/www.lycee-valin.fr\/RJVALIN\/wp-json\/wp\/v2\/categories?post=4033"},{"taxonomy":"post_tag","embeddable":true,"href":"https:\/\/www.lycee-valin.fr\/RJVALIN\/wp-json\/wp\/v2\/tags?post=4033"}],"curies":[{"name":"wp","href":"https:\/\/api.w.org\/{rel}","templated":true}]}}