{"id":3694,"date":"2023-01-20T14:54:35","date_gmt":"2023-01-20T13:54:35","guid":{"rendered":"https:\/\/www.lycee-valin.fr\/RJVALIN\/?p=3694"},"modified":"2023-01-23T05:18:20","modified_gmt":"2023-01-23T04:18:20","slug":"bac-st2s-pour-qui-pour-faire-quoi","status":"publish","type":"post","link":"https:\/\/www.lycee-valin.fr\/RJVALIN\/bac-st2s-pour-qui-pour-faire-quoi\/","title":{"rendered":"Bac ST2S &#8211; Pour qui ?  Pour faire quoi ?"},"content":{"rendered":"\n<p><\/p>\n\n\n\n<figure class=\"wp-block-gallery has-nested-images columns-default is-cropped wp-block-gallery-1 is-layout-flex wp-block-gallery-is-layout-flex\"><\/figure>\n\n\n\n<div class=\"wp-block-group has-normal-font-size\"><div class=\"wp-block-group__inner-container is-layout-constrained wp-block-group-is-layout-constrained\">\n<h4 class=\"wp-block-heading\"><strong>Le BAC SCIENCES ET TECHNOLOGIES DE LA SANT\u00c9 ET DU SOCIAL (ST2S)<\/strong><\/h4>\n\n\n\n<p class=\"has-normal-font-size\">s\u2019adresse aux \u00e9l\u00e8ves int\u00e9ress\u00e9-es par :<\/p>\n\n\n\n<ul class=\"wp-block-list\">\n<li>les questions li\u00e9es aux secteurs sanitaire et social,<\/li>\n\n\n\n<li>aux relations humaines,<\/li>\n\n\n\n<li>et qui ont un projet professionnel tourn\u00e9 vers les m\u00e9tiers du secteur de la sant\u00e9 ou du social <\/li>\n\n\n\n<li><strong><em>visionner le lien suivant pour savoir si la ST2S correspond \u00e0 votre projet de m\u00e9tier, de poursuite d&#8217;\u00e9tudes <\/em>: <a rel=\"noreferrer noopener\" href=\"https:\/\/view.genial.ly\/5fd8bf2041ce900d30a0c3fe\/video-presentation-st2s-valin\" target=\"_blank\">https:\/\/view.genial.ly\/5fd8bf2041ce900d30a0c3fe\/video-presentation-st2s-valin<\/a><\/strong><\/li>\n\n\n\n<li>Pour en savoir plus consulter : Bac ST2S <a rel=\"noreferrer noopener\" href=\"https:\/\/www.lycee-valin.fr\/RJVALIN\/enseignement-technologique\/bac-st2s\/\" target=\"_blank\">https:\/\/www.lycee-valin.fr\/RJVALIN\/enseignement-technologique\/bac-st2s\/<\/a><\/li>\n<\/ul>\n<\/div><\/div>\n","protected":false},"excerpt":{"rendered":"<p>Le BAC SCIENCES ET TECHNOLOGIES DE LA SANT\u00c9 ET DU SOCIAL (ST2S) s\u2019adresse aux \u00e9l\u00e8ves int\u00e9ress\u00e9-es par :<\/p>\n","protected":false},"author":10,"featured_media":3696,"comment_status":"closed","ping_status":"closed","sticky":false,"template":"","format":"standard","meta":{"footnotes":""},"categories":[26],"tags":[77],"class_list":["post-3694","post","type-post","status-publish","format-standard","has-post-thumbnail","hentry","category-le-lycee","tag-st2s"],"_links":{"self":[{"href":"https:\/\/www.lycee-valin.fr\/RJVALIN\/wp-json\/wp\/v2\/posts\/3694","targetHints":{"allow":["GET"]}}],"collection":[{"href":"https:\/\/www.lycee-valin.fr\/RJVALIN\/wp-json\/wp\/v2\/posts"}],"about":[{"href":"https:\/\/www.lycee-valin.fr\/RJVALIN\/wp-json\/wp\/v2\/types\/post"}],"author":[{"embeddable":true,"href":"https:\/\/www.lycee-valin.fr\/RJVALIN\/wp-json\/wp\/v2\/users\/10"}],"replies":[{"embeddable":true,"href":"https:\/\/www.lycee-valin.fr\/RJVALIN\/wp-json\/wp\/v2\/comments?post=3694"}],"version-history":[{"count":10,"href":"https:\/\/www.lycee-valin.fr\/RJVALIN\/wp-json\/wp\/v2\/posts\/3694\/revisions"}],"predecessor-version":[{"id":3706,"href":"https:\/\/www.lycee-valin.fr\/RJVALIN\/wp-json\/wp\/v2\/posts\/3694\/revisions\/3706"}],"wp:featuredmedia":[{"embeddable":true,"href":"https:\/\/www.lycee-valin.fr\/RJVALIN\/wp-json\/wp\/v2\/media\/3696"}],"wp:attachment":[{"href":"https:\/\/www.lycee-valin.fr\/RJVALIN\/wp-json\/wp\/v2\/media?parent=3694"}],"wp:term":[{"taxonomy":"category","embeddable":true,"href":"https:\/\/www.lycee-valin.fr\/RJVALIN\/wp-json\/wp\/v2\/categories?post=3694"},{"taxonomy":"post_tag","embeddable":true,"href":"https:\/\/www.lycee-valin.fr\/RJVALIN\/wp-json\/wp\/v2\/tags?post=3694"}],"curies":[{"name":"wp","href":"https:\/\/api.w.org\/{rel}","templated":true}]}}