{"id":3430,"date":"2023-01-06T20:10:50","date_gmt":"2023-01-06T19:10:50","guid":{"rendered":"https:\/\/www.lycee-valin.fr\/RJVALIN\/?p=3430"},"modified":"2023-01-09T04:12:07","modified_gmt":"2023-01-09T03:12:07","slug":"vhan-olsen-au-lycee-valin","status":"publish","type":"post","link":"https:\/\/www.lycee-valin.fr\/RJVALIN\/vhan-olsen-au-lycee-valin\/","title":{"rendered":"Vhan Olsen au lyc\u00e9e Valin"},"content":{"rendered":"\n<figure class=\"wp-block-image size-large\"><img fetchpriority=\"high\" decoding=\"async\" width=\"1024\" height=\"724\" src=\"https:\/\/www.lycee-valin.fr\/RJVALIN\/wp-content\/uploads\/2023\/01\/montage-Vhan-Olsen-1024x724.jpg\" alt=\"\" class=\"wp-image-3431\" srcset=\"https:\/\/www.lycee-valin.fr\/RJVALIN\/wp-content\/uploads\/2023\/01\/montage-Vhan-Olsen-1024x724.jpg 1024w, https:\/\/www.lycee-valin.fr\/RJVALIN\/wp-content\/uploads\/2023\/01\/montage-Vhan-Olsen-300x212.jpg 300w, https:\/\/www.lycee-valin.fr\/RJVALIN\/wp-content\/uploads\/2023\/01\/montage-Vhan-Olsen-768x543.jpg 768w, https:\/\/www.lycee-valin.fr\/RJVALIN\/wp-content\/uploads\/2023\/01\/montage-Vhan-Olsen-1536x1086.jpg 1536w, https:\/\/www.lycee-valin.fr\/RJVALIN\/wp-content\/uploads\/2023\/01\/montage-Vhan-Olsen-2048x1448.jpg 2048w\" sizes=\"(max-width: 1024px) 100vw, 1024px\" \/><\/figure>\n\n\n\n<div class=\"wp-block-group\"><div class=\"wp-block-group__inner-container is-layout-constrained wp-block-group-is-layout-constrained\">\n<p class=\"has-text-align-left\">Gr\u00e2ce \u00e0 Lear, le lyc\u00e9e Valin a re\u00e7u Vhan Olsen, po\u00e8te urbain, com\u00e9dien, performeur, dramaturge et futur romancier, le mercredi 7 d\u00e9cembre 2022, dans le tr\u00e8s beau cadre du CDI, reconfigur\u00e9 pour l&#8217;occasion. L&#8217;artiste a \u00e9chang\u00e9 avec deux classes : la seconde 8 et la premi\u00e8re ST2S1. Les lyc\u00e9ens de S08 ont r\u00e9dig\u00e9 des articles sous forme d&#8217;interviews pour livrer ce qu&#8217;ils avaient retenu de cet \u00e9change.<\/p>\n\n\n\n<p align=\"CENTER\"><span style=\"font-family: Times New Roman, serif;\"><span style=\"font-size: xx-large;\">\u00c0 la d\u00e9couverte de Vhan Olsen Dombo<\/span><\/span><\/p>\n<p align=\"LEFT\"><span style=\"font-size: large;\"><i><span style=\"font-family: Times New Roman, serif;\">Le 07 d\u00e9cembre 2022, \u00e0 La Rochelle, les lyc\u00e9ens de Valin ont rencontr\u00e9 au CDI un artiste, Vhan Olsen Dombo. Ils ont commenc\u00e9 par lire des extraits de l&#8217;un de ses textes intitul\u00e9 \u00ab Quel quanti\u00e8me du jour \u00bb, avant de lui poser des questions. <\/span><\/i><\/span><\/p>\n<p align=\"LEFT\"><span style=\"font-family: Times New Roman, serif;\"><span style=\"font-size: large;\"><b>Quels sont les \u00e9v\u00e9nements qui vous ont marqu\u00e9 durant votre enfance ?<\/b><\/span><\/span><\/p>\n<p align=\"LEFT\"><span style=\"font-family: Times New Roman, serif;\"><span style=\"font-size: large;\">J\u2019ai \u00e9t\u00e9 marqu\u00e9 par l\u2019 absence de mon p\u00e8re , j\u2019ai donc v\u00e9cu entour\u00e9 de femmes. J\u2019ai ressenti un certain vide, qui a \u00e9t\u00e9 combl\u00e9 par la po\u00e9sie mais aussi par des livres, des spectacles que j\u2019ai vus gr\u00e2ce \u00e0 mes professeurs, car je vivais dans un petit village, j\u2019\u00e9tais par cons\u00e9quent tr\u00e8s proche d\u2019eux ; la fronti\u00e8re entre le professeur et l&#8217;\u00e9l\u00e8ve \u00e9tait bris\u00e9e. Malgr\u00e9 les guerres et l\u2019absence de mon p\u00e8re, j\u2019ai eu une enfance heureuse. En 2015, je suis parti du Congo, et c\u2019est seulement apr\u00e8s que j\u2019ai compris que mon enfance \u00e9tait termin\u00e9e. <\/span><\/span><\/p>\n<p align=\"LEFT\"><span style=\"font-family: Times New Roman, serif;\"><span style=\"font-size: large;\"><b>Pourquoi avoir choisi la France comme refuge ?<\/b><\/span><\/span><\/p>\n<p><span style=\"font-family: Times New Roman, serif;\"><span style=\"font-size: large;\">J\u2019ai choisi la France pour diff\u00e9rentes raisons. Tout d\u2019abord on y parlait la langue que j\u2019apprenais \u00e0 l\u2019\u00e9cole au Congo. Mais aussi parce que la France est un pays qui accepte les diff\u00e9rences de chacun. La vraie raison est que la France est le lieu de naissance des plus grands po\u00e8tes et \u00e9crivains, comme Baudelaire, Jean de la Fontaine, Victor Hugo, \u00c9mile Zola\u2026 <\/span><\/span><\/p>\n<p align=\"LEFT\"><span style=\"font-family: Times New Roman, serif;\"><span style=\"font-size: large;\"><b>Pourquoi avoir choisi le surnom Yav\u00e9?<\/b><\/span><\/span><\/p>\n<p align=\"LEFT\"><span style=\"font-family: Times New Roman, serif;\"><span style=\"font-size: large;\">Au d\u00e9but je me surnommais Yav\u00e9 car ma grand- m\u00e8re m\u2019appelait ainsi. Au Congo on doit mettre \u00ab ya \u00bb plus le pr\u00e9nom pour l\u2019a\u00een\u00e9. \u00ab Ya \u00bb signifie en congolais \u00ab grand \u00bb, et \u00ab v\u00e9 \u00bb signifie \u00ab non \u00bb. Je me suis donc surnomm\u00e9 ainsi. Pour dire un \u00ab grand non \u00bb. Maintenant j\u2019ai finalement d\u00e9cid\u00e9 de m\u2019appeler Vhan Olsen, ce qui me correspond mieux. Je pratique d\u00e9sormais diff\u00e9rents m\u00e9tiers. Je suis rappeur, dramaturge, performeur, com\u00e9dien, mais je suis avant tout po\u00e8te, et bient\u00f4t je serai romancier car je suis en train d\u2019\u00e9crire une fiction. J\u2019ai de la chance d\u2019avoir plusieurs cordes \u00e0 mon arc, cela me permet d\u2019avoir un salaire plus \u00e9lev\u00e9. Mais tout ram\u00e8ne \u00e0 la po\u00e9sie. Quand je finis un texte je suis content, et je danse ! La po\u00e9sie, je la vis. Et souvenez-vous : qui veut \u00e9crire doit commencer par lire .<\/span><\/span><\/p>\n<p align=\"RIGHT\"><span style=\"font-family: Times New Roman, serif;\"><span style=\"font-size: large;\">Lucie et Perrine pour le corps de l&#8217;article<\/span><\/span><\/p>\n<p align=\"RIGHT\"><span style=\"font-family: Times New Roman, serif;\"><span style=\"font-size: large;\">Gr\u00e9goire et Malo pour le titre<\/span><\/span><\/p>\n<p align=\"CENTER\"><span style=\"font-family: Times New Roman, serif;\"><span style=\"font-size: xx-large;\">Vhan Olsen : la po\u00e9sie dans la peau<\/span><\/span><\/p>\n<p><span style=\"font-family: Times New Roman, serif;\"><span style=\"font-size: large;\"><i>Vhan Olsen Dombo est un po\u00e8te, slameur, dramaturge, com\u00e9dien et performeur, originaire de Brazzaville au Congo. Il a \u00e9t\u00e9 exil\u00e9 suite \u00e0 des manifestations pour la d\u00e9mocratie dans son pays, puis il a trouv\u00e9 refuge en France en 2019. Nous avons eu l\u2019honneur de le rencontrer et puis de discuter avec lui durant 2 heures, le mercredi 7 d\u00e9cembre 2022 au CDI du lyc\u00e9e. On a donc pu lui poser des questions auxquelles il a eu la gentillesse de r\u00e9pondre .<\/i><\/span><\/span><\/p>\n<p><span style=\"font-family: Times New Roman, serif;\"><span style=\"font-size: large;\"><b>Comment avez-vous v\u00e9cu votre enfance?<\/b><\/span><\/span><\/p>\n<p align=\"JUSTIFY\"><span style=\"font-family: Times New Roman, serif;\"><span style=\"font-size: large;\">J\u2019ai eu une enfance heureuse malgr\u00e9 le manque de mon p\u00e8re. J\u2019\u00e9tais donc entour\u00e9 de femmes dans ma famille , et j\u2019ai en quelque sorte r\u00e9ussi \u00e0 combler ce manque par la po\u00e9sie. Gr\u00e2ce \u00e0 mes professeurs qui m\u2019ont initi\u00e9 tr\u00e8s vite au monde de la litt\u00e9rature, j\u2019ai pu par la suite r\u00e9ussir \u00e0 devenir slameur, performeur, com\u00e9dien, dramaturge et puis po\u00e8te, ce qui me pla\u00eet beaucoup. Je me consid\u00e8re d\u2019ailleurs plus comme rappeur ou po\u00e8te urbain. Je n\u2019essaye pas de faire changer les choses, je pense que c\u2019est les politiciens qui doivent changer. J&#8217;\u00e9cris pour tendre une main, pour essayer de comprendre. Le plus important est de transmettre. Mais il est vrai qu&#8217;\u00e0 Brazzaville, le slam \u00e9tait une arme de combat, un moyen d&#8217;informer et d&#8217;alerter.<\/span><\/span><\/p>\n<p><span style=\"font-family: Times New Roman, serif;\"><span style=\"font-size: large;\"><b>Quelle est votre source d\u2019inspiration? <\/b><\/span><\/span><\/p>\n<p><span style=\"font-family: Times New Roman, serif;\"><span style=\"font-size: large;\">La plus grande partie de mon inspiration est tir\u00e9e de ma vie ou de ce que peuvent vivre <\/span><\/span><span style=\"font-family: Times New Roman, serif;\"><span style=\"font-size: large;\">les autres. Par exemple, j\u2019ai assist\u00e9 \u00e0 une sc\u00e8ne de r\u00e8glement de comptes \u00e0 Saint-Denis, et j\u2019ai, en quelque sorte pris une balle moi aussi, une balle qui m\u2019a permis d\u2019\u00e9crire. Cependant, certains artistes m\u2019inspirent aussi, tels que Nekfeu, L\u00e9o Ferr\u00e9, Jacques Brel, Oxmo Puccino, Guizmo, Gainsbourg, Grand Corps Malade, Abd al Malik et tant d\u2019autres\u2026<\/span><\/span><\/p>\n<p><span style=\"font-family: Times New Roman, serif;\"><span style=\"font-size: large;\"><b>Trouvez vous que votre m\u00e9tier est dur?<\/b><\/span><\/span><\/p>\n<p><span style=\"font-family: Times New Roman, serif;\"><span style=\"font-size: large;\">Je pense qu\u2019en effet, mon m\u00e9tier est assez dur. Personnellement, il peut m\u2019arriver de passer plusieurs nuits \u00e0 \u00e9crire. Tout est plus calme dans la nuit, avec moins de pollution auditive et lumineuse. Entre les spectacles et les nuits \u00e0 \u00e9crire, on ne se repose jamais vraiment. Et comme tout auteur je peux rencontrer des difficult\u00e9s \u00e0 \u00e9crire. Mais j&#8217;aime inventer, pour r\u00e9pondre \u00e0 la question : comment tu fais avec ce monde ? Tu te construis tes tr\u00e9sors avec l&#8217;\u00e9criture ! Ce qui m&#8217;a toujours sauv\u00e9, c&#8217;est la po\u00e9sie, qui brouille toutes les pistes et rend tout universel.<\/span><\/span><\/p>\n<p align=\"RIGHT\"><span style=\"font-family: Times New Roman, serif;\"><span style=\"font-size: large;\">Titouan et Louane pour le corps de l&#8217;article<\/span><\/span><\/p>\n<\/div><\/div>\n\n\n\n<figure class=\"wp-block-image size-large\"><img decoding=\"async\" width=\"1024\" height=\"458\" src=\"https:\/\/www.lycee-valin.fr\/RJVALIN\/wp-content\/uploads\/2023\/01\/photo-de-groupe-CDI-1024x458.jpg\" alt=\"\" class=\"wp-image-3437\" srcset=\"https:\/\/www.lycee-valin.fr\/RJVALIN\/wp-content\/uploads\/2023\/01\/photo-de-groupe-CDI-1024x458.jpg 1024w, https:\/\/www.lycee-valin.fr\/RJVALIN\/wp-content\/uploads\/2023\/01\/photo-de-groupe-CDI-300x134.jpg 300w, https:\/\/www.lycee-valin.fr\/RJVALIN\/wp-content\/uploads\/2023\/01\/photo-de-groupe-CDI-768x344.jpg 768w, https:\/\/www.lycee-valin.fr\/RJVALIN\/wp-content\/uploads\/2023\/01\/photo-de-groupe-CDI-1536x688.jpg 1536w, https:\/\/www.lycee-valin.fr\/RJVALIN\/wp-content\/uploads\/2023\/01\/photo-de-groupe-CDI-2048x917.jpg 2048w\" sizes=\"(max-width: 1024px) 100vw, 1024px\" \/><figcaption class=\"wp-element-caption\">KODAK Digital Still Camera<\/figcaption><\/figure>\n","protected":false},"excerpt":{"rendered":"<p>Gr\u00e2ce \u00e0 Lear, le lyc\u00e9e Valin a re\u00e7u Vhan Olsen, po\u00e8te urbain, com\u00e9dien, performeur, dramaturge et futur romancier, le mercredi 7 d\u00e9cembre 2022, dans le tr\u00e8s beau cadre du CDI, reconfigur\u00e9 pour l&#8217;occasion. L&#8217;artiste a <a class=\"more-link\" href=\"https:\/\/www.lycee-valin.fr\/RJVALIN\/vhan-olsen-au-lycee-valin\/\">Lire plus &#8230;<\/a><\/p>\n","protected":false},"author":32,"featured_media":3437,"comment_status":"closed","ping_status":"closed","sticky":false,"template":"","format":"standard","meta":{"footnotes":""},"categories":[1],"tags":[],"class_list":["post-3430","post","type-post","status-publish","format-standard","has-post-thumbnail","hentry","category-non-classe"],"_links":{"self":[{"href":"https:\/\/www.lycee-valin.fr\/RJVALIN\/wp-json\/wp\/v2\/posts\/3430","targetHints":{"allow":["GET"]}}],"collection":[{"href":"https:\/\/www.lycee-valin.fr\/RJVALIN\/wp-json\/wp\/v2\/posts"}],"about":[{"href":"https:\/\/www.lycee-valin.fr\/RJVALIN\/wp-json\/wp\/v2\/types\/post"}],"author":[{"embeddable":true,"href":"https:\/\/www.lycee-valin.fr\/RJVALIN\/wp-json\/wp\/v2\/users\/32"}],"replies":[{"embeddable":true,"href":"https:\/\/www.lycee-valin.fr\/RJVALIN\/wp-json\/wp\/v2\/comments?post=3430"}],"version-history":[{"count":8,"href":"https:\/\/www.lycee-valin.fr\/RJVALIN\/wp-json\/wp\/v2\/posts\/3430\/revisions"}],"predecessor-version":[{"id":3444,"href":"https:\/\/www.lycee-valin.fr\/RJVALIN\/wp-json\/wp\/v2\/posts\/3430\/revisions\/3444"}],"wp:featuredmedia":[{"embeddable":true,"href":"https:\/\/www.lycee-valin.fr\/RJVALIN\/wp-json\/wp\/v2\/media\/3437"}],"wp:attachment":[{"href":"https:\/\/www.lycee-valin.fr\/RJVALIN\/wp-json\/wp\/v2\/media?parent=3430"}],"wp:term":[{"taxonomy":"category","embeddable":true,"href":"https:\/\/www.lycee-valin.fr\/RJVALIN\/wp-json\/wp\/v2\/categories?post=3430"},{"taxonomy":"post_tag","embeddable":true,"href":"https:\/\/www.lycee-valin.fr\/RJVALIN\/wp-json\/wp\/v2\/tags?post=3430"}],"curies":[{"name":"wp","href":"https:\/\/api.w.org\/{rel}","templated":true}]}}