{"id":3404,"date":"2022-12-31T17:59:04","date_gmt":"2022-12-31T16:59:04","guid":{"rendered":"https:\/\/www.lycee-valin.fr\/RJVALIN\/?p=3404"},"modified":"2023-01-09T04:16:55","modified_gmt":"2023-01-09T03:16:55","slug":"atelier-de-culture-coreenne","status":"publish","type":"post","link":"https:\/\/www.lycee-valin.fr\/RJVALIN\/atelier-de-culture-coreenne\/","title":{"rendered":"Atelier de culture cor\u00e9enne"},"content":{"rendered":"\n<p><\/p>\n\n\n\n<p>Les \u00e9l\u00e8ves de terminale sp\u00e9cialit\u00e9 du lyc\u00e9e ont r\u00e9cemment pu participer \u00e0 un atelier de culture cor\u00e9enne, en partenariat avec l&#8217;Universit\u00e9 de La Rochelle et l&#8217;institut roi Sejong.<\/p>\n\n\n\n<p>Les \u00e9l\u00e8ves ont \u00e9t\u00e9 sensibilis\u00e9s pendant 1h30 \u00e0 l&#8217;alphabet et \u00e0 l&#8217;\u00e9criture cor\u00e9enne, avant de pratiquer pendant 1h30 le Taekkyon, un art martial traditionnel cor\u00e9en.<\/p>\n\n\n\n<p>Cet atelier a \u00e9t\u00e9 encadr\u00e9 par : <\/p>\n\n\n\n<p>-Intervenantes de langue : Hwang yura \/ Jang Yunjung<br>-Intervenant de Taekkyon : Pinot Guillaume<\/p>\n\n\n\n<p>&#8211; Coordination :&nbsp; Hyun-ok Chirpaz<\/p>\n","protected":false},"excerpt":{"rendered":"<p>Les \u00e9l\u00e8ves de terminale sp\u00e9cialit\u00e9 du lyc\u00e9e ont r\u00e9cemment pu participer \u00e0 un atelier de culture cor\u00e9enne, en partenariat avec l&#8217;Universit\u00e9 de La Rochelle et l&#8217;institut roi Sejong. Les \u00e9l\u00e8ves ont \u00e9t\u00e9 sensibilis\u00e9s pendant 1h30 <a class=\"more-link\" href=\"https:\/\/www.lycee-valin.fr\/RJVALIN\/atelier-de-culture-coreenne\/\">Lire plus &#8230;<\/a><\/p>\n","protected":false},"author":23,"featured_media":3406,"comment_status":"closed","ping_status":"closed","sticky":false,"template":"","format":"standard","meta":{"footnotes":""},"categories":[23],"tags":[43,70],"class_list":["post-3404","post","type-post","status-publish","format-standard","has-post-thumbnail","hentry","category-vie-au-lycee","tag-culture","tag-langues"],"_links":{"self":[{"href":"https:\/\/www.lycee-valin.fr\/RJVALIN\/wp-json\/wp\/v2\/posts\/3404","targetHints":{"allow":["GET"]}}],"collection":[{"href":"https:\/\/www.lycee-valin.fr\/RJVALIN\/wp-json\/wp\/v2\/posts"}],"about":[{"href":"https:\/\/www.lycee-valin.fr\/RJVALIN\/wp-json\/wp\/v2\/types\/post"}],"author":[{"embeddable":true,"href":"https:\/\/www.lycee-valin.fr\/RJVALIN\/wp-json\/wp\/v2\/users\/23"}],"replies":[{"embeddable":true,"href":"https:\/\/www.lycee-valin.fr\/RJVALIN\/wp-json\/wp\/v2\/comments?post=3404"}],"version-history":[{"count":3,"href":"https:\/\/www.lycee-valin.fr\/RJVALIN\/wp-json\/wp\/v2\/posts\/3404\/revisions"}],"predecessor-version":[{"id":3409,"href":"https:\/\/www.lycee-valin.fr\/RJVALIN\/wp-json\/wp\/v2\/posts\/3404\/revisions\/3409"}],"wp:featuredmedia":[{"embeddable":true,"href":"https:\/\/www.lycee-valin.fr\/RJVALIN\/wp-json\/wp\/v2\/media\/3406"}],"wp:attachment":[{"href":"https:\/\/www.lycee-valin.fr\/RJVALIN\/wp-json\/wp\/v2\/media?parent=3404"}],"wp:term":[{"taxonomy":"category","embeddable":true,"href":"https:\/\/www.lycee-valin.fr\/RJVALIN\/wp-json\/wp\/v2\/categories?post=3404"},{"taxonomy":"post_tag","embeddable":true,"href":"https:\/\/www.lycee-valin.fr\/RJVALIN\/wp-json\/wp\/v2\/tags?post=3404"}],"curies":[{"name":"wp","href":"https:\/\/api.w.org\/{rel}","templated":true}]}}