{"id":3389,"date":"2022-12-16T17:16:30","date_gmt":"2022-12-16T16:16:30","guid":{"rendered":"https:\/\/www.lycee-valin.fr\/RJVALIN\/?p=3389"},"modified":"2022-12-16T17:19:12","modified_gmt":"2022-12-16T16:19:12","slug":"conference-du-senateur-m-vallet","status":"publish","type":"post","link":"https:\/\/www.lycee-valin.fr\/RJVALIN\/conference-du-senateur-m-vallet\/","title":{"rendered":"Conf\u00e9rence du s\u00e9nateur M.VALLET"},"content":{"rendered":"\n<p><\/p>\n\n\n\n<p>Le s\u00e9nateur Micka\u00ebl VALLET (PS) a anim\u00e9 une conf\u00e9rence d&#8217;une heure trente cette apr\u00e8s-midi au lyc\u00e9e. Devant plus d&#8217;une centaine d&#8217;\u00e9l\u00e8ves de terminale il a pr\u00e9sent\u00e9 le travail des parlementaires fran\u00e7ais, et en particulier le r\u00f4le des s\u00e9nateurs,. et a r\u00e9pondu aux questions des \u00e9l\u00e8ves sur un th\u00e8me travaill\u00e9 en EMC et en sp\u00e9cialit\u00e9 HGGSP.<\/p>\n","protected":false},"excerpt":{"rendered":"<p>Le s\u00e9nateur Micka\u00ebl VALLET (PS) a anim\u00e9 une conf\u00e9rence d&#8217;une heure trente cette apr\u00e8s-midi au lyc\u00e9e. Devant plus d&#8217;une centaine d&#8217;\u00e9l\u00e8ves de terminale il a pr\u00e9sent\u00e9 le travail des parlementaires fran\u00e7ais, et en particulier le <a class=\"more-link\" href=\"https:\/\/www.lycee-valin.fr\/RJVALIN\/conference-du-senateur-m-vallet\/\">Lire plus &#8230;<\/a><\/p>\n","protected":false},"author":17,"featured_media":3390,"comment_status":"closed","ping_status":"closed","sticky":false,"template":"","format":"standard","meta":{"footnotes":""},"categories":[1],"tags":[],"class_list":["post-3389","post","type-post","status-publish","format-standard","has-post-thumbnail","hentry","category-non-classe"],"_links":{"self":[{"href":"https:\/\/www.lycee-valin.fr\/RJVALIN\/wp-json\/wp\/v2\/posts\/3389","targetHints":{"allow":["GET"]}}],"collection":[{"href":"https:\/\/www.lycee-valin.fr\/RJVALIN\/wp-json\/wp\/v2\/posts"}],"about":[{"href":"https:\/\/www.lycee-valin.fr\/RJVALIN\/wp-json\/wp\/v2\/types\/post"}],"author":[{"embeddable":true,"href":"https:\/\/www.lycee-valin.fr\/RJVALIN\/wp-json\/wp\/v2\/users\/17"}],"replies":[{"embeddable":true,"href":"https:\/\/www.lycee-valin.fr\/RJVALIN\/wp-json\/wp\/v2\/comments?post=3389"}],"version-history":[{"count":2,"href":"https:\/\/www.lycee-valin.fr\/RJVALIN\/wp-json\/wp\/v2\/posts\/3389\/revisions"}],"predecessor-version":[{"id":3393,"href":"https:\/\/www.lycee-valin.fr\/RJVALIN\/wp-json\/wp\/v2\/posts\/3389\/revisions\/3393"}],"wp:featuredmedia":[{"embeddable":true,"href":"https:\/\/www.lycee-valin.fr\/RJVALIN\/wp-json\/wp\/v2\/media\/3390"}],"wp:attachment":[{"href":"https:\/\/www.lycee-valin.fr\/RJVALIN\/wp-json\/wp\/v2\/media?parent=3389"}],"wp:term":[{"taxonomy":"category","embeddable":true,"href":"https:\/\/www.lycee-valin.fr\/RJVALIN\/wp-json\/wp\/v2\/categories?post=3389"},{"taxonomy":"post_tag","embeddable":true,"href":"https:\/\/www.lycee-valin.fr\/RJVALIN\/wp-json\/wp\/v2\/tags?post=3389"}],"curies":[{"name":"wp","href":"https:\/\/api.w.org\/{rel}","templated":true}]}}