{"id":3335,"date":"2022-12-12T09:38:56","date_gmt":"2022-12-12T08:38:56","guid":{"rendered":"https:\/\/www.lycee-valin.fr\/RJVALIN\/?p=3335"},"modified":"2023-01-20T14:06:37","modified_gmt":"2023-01-20T13:06:37","slug":"lengagement-de-la-section-st2s-sciences-et-techniques-sanitaires-et-sociales-en-faveur-du-telethon-au-lycee-valin-le-2-decembre-2022","status":"publish","type":"post","link":"https:\/\/www.lycee-valin.fr\/RJVALIN\/lengagement-de-la-section-st2s-sciences-et-techniques-sanitaires-et-sociales-en-faveur-du-telethon-au-lycee-valin-le-2-decembre-2022\/","title":{"rendered":"L&#8217;engagement de la section ST2S\u00a0en faveur du T\u00e9l\u00e9thon au lyc\u00e9e Valin."},"content":{"rendered":"\n<figure class=\"wp-block-image size-large\"><img fetchpriority=\"high\" decoding=\"async\" width=\"1024\" height=\"567\" src=\"https:\/\/www.lycee-valin.fr\/RJVALIN\/wp-content\/uploads\/2022\/12\/fbb9af9d-71bf-4cd4-9943-793cb05ec980-1024x567.png\" alt=\"\" class=\"wp-image-3336\" srcset=\"https:\/\/www.lycee-valin.fr\/RJVALIN\/wp-content\/uploads\/2022\/12\/fbb9af9d-71bf-4cd4-9943-793cb05ec980-1024x567.png 1024w, https:\/\/www.lycee-valin.fr\/RJVALIN\/wp-content\/uploads\/2022\/12\/fbb9af9d-71bf-4cd4-9943-793cb05ec980-300x166.png 300w, https:\/\/www.lycee-valin.fr\/RJVALIN\/wp-content\/uploads\/2022\/12\/fbb9af9d-71bf-4cd4-9943-793cb05ec980-768x425.png 768w, https:\/\/www.lycee-valin.fr\/RJVALIN\/wp-content\/uploads\/2022\/12\/fbb9af9d-71bf-4cd4-9943-793cb05ec980-1536x851.png 1536w, https:\/\/www.lycee-valin.fr\/RJVALIN\/wp-content\/uploads\/2022\/12\/fbb9af9d-71bf-4cd4-9943-793cb05ec980-2048x1134.png 2048w\" sizes=\"(max-width: 1024px) 100vw, 1024px\" \/><\/figure>\n\n\n\n<p><strong>Les \u00e9l\u00e8ves de Premi\u00e8res et de Terminales ST2S (Sciences et Techniques Sanitaires et Sociales<\/strong>) ont eu le plaisir de s&#8217;engager en faveur du <strong>T\u00e9l\u00e9thon le 2 d\u00e9cembre<\/strong> 2022 au sein du <strong>Lyc\u00e9e Valin \u00e0 La Rochelle<\/strong>.<\/p>\n\n\n\n<p>\u200b<strong>Leur action<\/strong>,&nbsp;men\u00e9e en partenariat avec l\u2019<strong>AFM-T\u00e9l\u00e9thon<\/strong>,&nbsp;a \u00e9t\u00e9 une v\u00e9ritable r\u00e9ussite gr\u00e2ce \u00e0 vos nombreux soutiens et \u00e0 vos dons.<\/p>\n\n\n\n<p>Nous tenons, en leur nom,<strong> \u00e0 vous remercier pour votre g\u00e9n\u00e9rosit\u00e9 et vos encouragements.\u00a0<\/strong><\/p>\n\n\n\n<p>\u200b<strong>L\u2019objectif&nbsp;de cette journ\u00e9e du 2 d\u00e9cembre 2022 \u00e9tait double<\/strong> :<\/p>\n\n\n\n<p>&#8211;<strong> R\u00e9colter des fonds<\/strong>, gr\u00e2ce \u00e0 la vente de diff\u00e9rents produits&nbsp;devant le lyc\u00e9e et dans le hall d&#8217;accueil ainsi que&nbsp;le<strong> parrainage de la &#8220;Course aux dons&#8221;<\/strong><\/p>\n\n\n\n<figure class=\"wp-block-image size-large\"><img decoding=\"async\" width=\"1024\" height=\"986\" src=\"https:\/\/www.lycee-valin.fr\/RJVALIN\/wp-content\/uploads\/2022\/12\/0c600200-711f-415d-a95c-6a483e5f76fc-1024x986.jpg\" alt=\"\" class=\"wp-image-3337\" srcset=\"https:\/\/www.lycee-valin.fr\/RJVALIN\/wp-content\/uploads\/2022\/12\/0c600200-711f-415d-a95c-6a483e5f76fc-1024x986.jpg 1024w, https:\/\/www.lycee-valin.fr\/RJVALIN\/wp-content\/uploads\/2022\/12\/0c600200-711f-415d-a95c-6a483e5f76fc-300x289.jpg 300w, https:\/\/www.lycee-valin.fr\/RJVALIN\/wp-content\/uploads\/2022\/12\/0c600200-711f-415d-a95c-6a483e5f76fc-768x740.jpg 768w, https:\/\/www.lycee-valin.fr\/RJVALIN\/wp-content\/uploads\/2022\/12\/0c600200-711f-415d-a95c-6a483e5f76fc.jpg 1280w\" sizes=\"(max-width: 1024px) 100vw, 1024px\" \/><\/figure>\n\n\n\n<p>&#8211; <strong>Informer les \u00e9l\u00e8ves<\/strong> sur les maladies rares et les avanc\u00e9es de la recherche&nbsp;m\u00e9dicale, les&nbsp;bioth\u00e9rapies innovantes&nbsp;et les m\u00e9tiers de la science, via une&nbsp;conf\u00e9rence men\u00e9e par une&nbsp;<strong>chercheuse du Centre de Recherche en Myologie, INSERM\/Sorbonne Universit\u00e9.&nbsp;<\/strong><\/p>\n\n\n\n<p>\u200bLes b\u00e9n\u00e9fices de cette journ\u00e9e sont tout d&#8217;abord financiers car l&#8217;ensemble de notre collecte nous permet de&nbsp;participer au combat quotidien contre la maladie&nbsp;men\u00e9 par l&#8217;<strong>AFM-T\u00e9l\u00e9thon<\/strong> et ses <strong>\u00e9quipes de chercheurs<\/strong>.&nbsp;<\/p>\n\n\n\n<p>Mais cette journ\u00e9e aura aussi renforc\u00e9 l&#8217;esprit de <strong>solidarit\u00e9 et&nbsp;la volont\u00e9 de s&#8217;investir en faveur de l&#8217;utilit\u00e9 sociale pour nos \u00e9l\u00e8ves de ST2S.&nbsp;<\/strong><\/p>\n\n\n\n<p>\u200bNous vous renouvelons nos remerciements chaleureux et nous vous donnons <strong>rendez-vous l&#8217;ann\u00e9e prochaine avec autant d&#8217;enthousiasme<\/strong>&nbsp;pour de nouvelles actions <strong>en faveur du T\u00e9l\u00e9thon<\/strong> !<\/p>\n\n\n\n<p><strong>\u200bL&#8217;\u00e9quipe des enseignants intervenant&nbsp;dans la fili\u00e8re ST2S.<\/strong><\/p>\n","protected":false},"excerpt":{"rendered":"<p>Les \u00e9l\u00e8ves de Premi\u00e8res et de Terminales ST2S (Sciences et Techniques Sanitaires et Sociales) ont eu le plaisir de s&#8217;engager en faveur du T\u00e9l\u00e9thon le 2 d\u00e9cembre 2022 au sein du Lyc\u00e9e Valin \u00e0 La <a class=\"more-link\" href=\"https:\/\/www.lycee-valin.fr\/RJVALIN\/lengagement-de-la-section-st2s-sciences-et-techniques-sanitaires-et-sociales-en-faveur-du-telethon-au-lycee-valin-le-2-decembre-2022\/\">Lire plus &#8230;<\/a><\/p>\n","protected":false},"author":1,"featured_media":3337,"comment_status":"closed","ping_status":"closed","sticky":false,"template":"","format":"standard","meta":{"footnotes":""},"categories":[26,23],"tags":[77],"class_list":["post-3335","post","type-post","status-publish","format-standard","has-post-thumbnail","hentry","category-le-lycee","category-vie-au-lycee","tag-st2s"],"_links":{"self":[{"href":"https:\/\/www.lycee-valin.fr\/RJVALIN\/wp-json\/wp\/v2\/posts\/3335","targetHints":{"allow":["GET"]}}],"collection":[{"href":"https:\/\/www.lycee-valin.fr\/RJVALIN\/wp-json\/wp\/v2\/posts"}],"about":[{"href":"https:\/\/www.lycee-valin.fr\/RJVALIN\/wp-json\/wp\/v2\/types\/post"}],"author":[{"embeddable":true,"href":"https:\/\/www.lycee-valin.fr\/RJVALIN\/wp-json\/wp\/v2\/users\/1"}],"replies":[{"embeddable":true,"href":"https:\/\/www.lycee-valin.fr\/RJVALIN\/wp-json\/wp\/v2\/comments?post=3335"}],"version-history":[{"count":9,"href":"https:\/\/www.lycee-valin.fr\/RJVALIN\/wp-json\/wp\/v2\/posts\/3335\/revisions"}],"predecessor-version":[{"id":3691,"href":"https:\/\/www.lycee-valin.fr\/RJVALIN\/wp-json\/wp\/v2\/posts\/3335\/revisions\/3691"}],"wp:featuredmedia":[{"embeddable":true,"href":"https:\/\/www.lycee-valin.fr\/RJVALIN\/wp-json\/wp\/v2\/media\/3337"}],"wp:attachment":[{"href":"https:\/\/www.lycee-valin.fr\/RJVALIN\/wp-json\/wp\/v2\/media?parent=3335"}],"wp:term":[{"taxonomy":"category","embeddable":true,"href":"https:\/\/www.lycee-valin.fr\/RJVALIN\/wp-json\/wp\/v2\/categories?post=3335"},{"taxonomy":"post_tag","embeddable":true,"href":"https:\/\/www.lycee-valin.fr\/RJVALIN\/wp-json\/wp\/v2\/tags?post=3335"}],"curies":[{"name":"wp","href":"https:\/\/api.w.org\/{rel}","templated":true}]}}