{"id":3116,"date":"2022-11-21T13:16:41","date_gmt":"2022-11-21T12:16:41","guid":{"rendered":"https:\/\/www.lycee-valin.fr\/RJVALIN\/?p=3116"},"modified":"2022-11-21T13:19:53","modified_gmt":"2022-11-21T12:19:53","slug":"diffusion-du-court-metrage-la-routine","status":"publish","type":"post","link":"https:\/\/www.lycee-valin.fr\/RJVALIN\/diffusion-du-court-metrage-la-routine\/","title":{"rendered":"Diffusion du court m\u00e9trage &#8220;La Routine&#8221;"},"content":{"rendered":"\n<p><\/p>\n\n\n\n<p>Dans le cadre du dispositif&nbsp;<strong>S\u00e9quences Femmes<\/strong>, sept lyc\u00e9en\u00b7nes du lyc\u00e9e Valin ont remport\u00e9 en 2021 un concours de sc\u00e9nario sur la d\u00e9fense des droits des femmes. Leur sc\u00e9nario, qui parle du consentement dans le couple, a pu \u00eatre r\u00e9alis\u00e9 gr\u00e2ce \u00e0 l&#8217;association <strong>Femmes et cin\u00e9ma<\/strong> et au r\u00e9alisateur <strong>Th\u00e9o Zachman<\/strong> qui a accompagn\u00e9 ce projet. Merci encore aux \u00e9l\u00e8ves,  et \u00e0 tous les personnels du lyc\u00e9e qui ont rendu cette aventure possible.<\/p>\n\n\n\n<p>Bravo aux \u00e9l\u00e8ves : Manon Granet, Charly Gu\u00e9r\u00e9-Laval, Clara Landriau, Lucas Durand, Maiwenn Reulier, Maxime Fresnay, Th\u00e9ophane Houdbine-Cl\u00e9mentel<\/p>\n\n\n\n<p><\/p>\n\n\n\n<figure class=\"wp-block-gallery has-nested-images columns-default is-cropped wp-block-gallery-1 is-layout-flex wp-block-gallery-is-layout-flex\">\n<figure class=\"wp-block-image size-large\"><img fetchpriority=\"high\" decoding=\"async\" width=\"768\" height=\"432\" data-id=\"3119\" src=\"https:\/\/www.lycee-valin.fr\/RJVALIN\/wp-content\/uploads\/2022\/11\/image.png\" alt=\"\" class=\"wp-image-3119\" srcset=\"https:\/\/www.lycee-valin.fr\/RJVALIN\/wp-content\/uploads\/2022\/11\/image.png 768w, https:\/\/www.lycee-valin.fr\/RJVALIN\/wp-content\/uploads\/2022\/11\/image-300x169.png 300w, https:\/\/www.lycee-valin.fr\/RJVALIN\/wp-content\/uploads\/2022\/11\/image-400x225.png 400w\" sizes=\"(max-width: 768px) 100vw, 768px\" \/><\/figure>\n<figcaption class=\"blocks-gallery-caption wp-element-caption\"><strong>Marion Traverson dans le film <em>La Routine<\/em><\/strong><\/figcaption><\/figure>\n\n\n\n<p>Ce court m\u00e9trage sera diffus\u00e9&nbsp;mardi soir sur France 3, partenaire du dispositif&nbsp;<br>(diffusion dans la nuit du mardi 22 au mercredi 23)<\/p>\n","protected":false},"excerpt":{"rendered":"<p>Dans le cadre du dispositif&nbsp;S\u00e9quences Femmes, sept lyc\u00e9en\u00b7nes du lyc\u00e9e Valin ont remport\u00e9 en 2021 un concours de sc\u00e9nario sur la d\u00e9fense des droits des femmes. Leur sc\u00e9nario, qui parle du consentement dans le couple, <a class=\"more-link\" href=\"https:\/\/www.lycee-valin.fr\/RJVALIN\/diffusion-du-court-metrage-la-routine\/\">Lire plus &#8230;<\/a><\/p>\n","protected":false},"author":23,"featured_media":3125,"comment_status":"closed","ping_status":"closed","sticky":false,"template":"","format":"standard","meta":{"footnotes":""},"categories":[26,23],"tags":[51,64,65,66],"class_list":["post-3116","post","type-post","status-publish","format-standard","has-post-thumbnail","hentry","category-le-lycee","category-vie-au-lycee","tag-arts","tag-cinema","tag-egalite-hommes-femmes","tag-projets-artistiques"],"_links":{"self":[{"href":"https:\/\/www.lycee-valin.fr\/RJVALIN\/wp-json\/wp\/v2\/posts\/3116","targetHints":{"allow":["GET"]}}],"collection":[{"href":"https:\/\/www.lycee-valin.fr\/RJVALIN\/wp-json\/wp\/v2\/posts"}],"about":[{"href":"https:\/\/www.lycee-valin.fr\/RJVALIN\/wp-json\/wp\/v2\/types\/post"}],"author":[{"embeddable":true,"href":"https:\/\/www.lycee-valin.fr\/RJVALIN\/wp-json\/wp\/v2\/users\/23"}],"replies":[{"embeddable":true,"href":"https:\/\/www.lycee-valin.fr\/RJVALIN\/wp-json\/wp\/v2\/comments?post=3116"}],"version-history":[{"count":7,"href":"https:\/\/www.lycee-valin.fr\/RJVALIN\/wp-json\/wp\/v2\/posts\/3116\/revisions"}],"predecessor-version":[{"id":3124,"href":"https:\/\/www.lycee-valin.fr\/RJVALIN\/wp-json\/wp\/v2\/posts\/3116\/revisions\/3124"}],"wp:featuredmedia":[{"embeddable":true,"href":"https:\/\/www.lycee-valin.fr\/RJVALIN\/wp-json\/wp\/v2\/media\/3125"}],"wp:attachment":[{"href":"https:\/\/www.lycee-valin.fr\/RJVALIN\/wp-json\/wp\/v2\/media?parent=3116"}],"wp:term":[{"taxonomy":"category","embeddable":true,"href":"https:\/\/www.lycee-valin.fr\/RJVALIN\/wp-json\/wp\/v2\/categories?post=3116"},{"taxonomy":"post_tag","embeddable":true,"href":"https:\/\/www.lycee-valin.fr\/RJVALIN\/wp-json\/wp\/v2\/tags?post=3116"}],"curies":[{"name":"wp","href":"https:\/\/api.w.org\/{rel}","templated":true}]}}