{"id":3064,"date":"2022-11-25T17:51:08","date_gmt":"2022-11-25T16:51:08","guid":{"rendered":"https:\/\/www.lycee-valin.fr\/RJVALIN\/?p=3064"},"modified":"2023-01-20T14:17:15","modified_gmt":"2023-01-20T13:17:15","slug":"ceremonie-de-remise-des-diplomes-2022","status":"publish","type":"post","link":"https:\/\/www.lycee-valin.fr\/RJVALIN\/ceremonie-de-remise-des-diplomes-2022\/","title":{"rendered":"C\u00e9r\u00e9monie de remise des dipl\u00f4mes 2022"},"content":{"rendered":"\n<p><\/p>\n\n\n\n<p>La c\u00e9r\u00e9monie de remise des dipl\u00f4mes du&nbsp;<strong>BTS Bioanalyses et Contr\u00f4les&nbsp;<\/strong>aux \u00e9tudiants de la&nbsp;<strong>promotion 2020-2022<\/strong> a eu lieu le samedi 19 Novembre 2022 au<strong>&nbsp;lyc\u00e9e Valin<\/strong>.<\/p>\n\n\n\n<p>Nous avons appr\u00e9ci\u00e9 la<strong> pr\u00e9sence de nombreux parents et amis des laur\u00e9ats<\/strong>, sp\u00e9cialement venus pour cet \u00e9v\u00e9nement. C&#8217;\u00e9tait une tr\u00e8s belle c\u00e9r\u00e9monie et <strong>l&#8217;ambiance \u00e9tait tr\u00e8s joyeuse avec tous ces talents !<\/strong><\/p>\n\n\n<div class=\"wp-block-image\">\n<figure class=\"aligncenter size-large is-resized\"><img fetchpriority=\"high\" decoding=\"async\" src=\"https:\/\/www.lycee-valin.fr\/RJVALIN\/wp-content\/uploads\/2022\/11\/20221119_112452-1024x768.jpg\" alt=\"\" class=\"wp-image-3087\" width=\"859\" height=\"646\" \/><\/figure>\n<\/div>\n\n\n<p>Lors de cette c\u00e9r\u00e9monie, l\u2019\u00e9quipe des enseignants,&nbsp;<strong>Mme Christelle PORTELAS , M. Michael FAUSTIN-LEYBACH, M.&nbsp;Jules GUITTARD, M.&nbsp;Wilfrid GROSSIN<\/strong>&nbsp;et le DDFPT chef de travaux<strong>&nbsp;M.<\/strong>&nbsp;<strong>Emmanuel LUBBERS<\/strong>&nbsp;ont vivement f\u00e9licit\u00e9 les \u00e9tudiants du lyc\u00e9e VALIN, laur\u00e9ats du<strong>&nbsp;BTS Bioanalyses et Contr\u00f4les de la session 2022<\/strong>, en leur remettant leur dipl\u00f4me et symboliquement une coiffe ou faluche.<\/p>\n\n\n\n<p>Nous remercions&nbsp;<strong>M.<\/strong>&nbsp;<strong>Fabrice Pelletier<\/strong>,&nbsp;<strong>Proviseur,<\/strong>&nbsp;pour avoir facilit\u00e9 l\u2019organisation de l\u2019\u00e9v\u00e9nement&nbsp;;<\/p>\n\n\n\n<p>Nous leur souhaitons une grande r\u00e9ussite dans leur poursuite d\u2019\u00e9tudes et\/ou dans leur parcours professionnel.<\/p>\n\n\n\n<figure class=\"wp-block-gallery has-nested-images columns-default is-cropped wp-block-gallery-1 is-layout-flex wp-block-gallery-is-layout-flex\">\n<figure class=\"wp-block-image size-large\"><img decoding=\"async\" width=\"768\" height=\"1024\" data-id=\"3073\" src=\"https:\/\/www.lycee-valin.fr\/RJVALIN\/wp-content\/uploads\/2022\/11\/WhatsApp-Image-2022-11-19-at-12.59.02-2-768x1024.jpeg\" alt=\"\" class=\"wp-image-3073\" srcset=\"https:\/\/www.lycee-valin.fr\/RJVALIN\/wp-content\/uploads\/2022\/11\/WhatsApp-Image-2022-11-19-at-12.59.02-2-768x1024.jpeg 768w, https:\/\/www.lycee-valin.fr\/RJVALIN\/wp-content\/uploads\/2022\/11\/WhatsApp-Image-2022-11-19-at-12.59.02-2-225x300.jpeg 225w, https:\/\/www.lycee-valin.fr\/RJVALIN\/wp-content\/uploads\/2022\/11\/WhatsApp-Image-2022-11-19-at-12.59.02-2-1152x1536.jpeg 1152w, https:\/\/www.lycee-valin.fr\/RJVALIN\/wp-content\/uploads\/2022\/11\/WhatsApp-Image-2022-11-19-at-12.59.02-2.jpeg 1200w\" sizes=\"(max-width: 768px) 100vw, 768px\" \/><\/figure>\n\n\n\n<figure class=\"wp-block-image size-large\"><img decoding=\"async\" width=\"1024\" height=\"768\" data-id=\"3075\" src=\"https:\/\/www.lycee-valin.fr\/RJVALIN\/wp-content\/uploads\/2022\/11\/WhatsApp-Image-2022-11-19-at-12.59.02-1-1024x768.jpeg\" alt=\"\" class=\"wp-image-3075\" srcset=\"https:\/\/www.lycee-valin.fr\/RJVALIN\/wp-content\/uploads\/2022\/11\/WhatsApp-Image-2022-11-19-at-12.59.02-1-1024x768.jpeg 1024w, https:\/\/www.lycee-valin.fr\/RJVALIN\/wp-content\/uploads\/2022\/11\/WhatsApp-Image-2022-11-19-at-12.59.02-1-300x225.jpeg 300w, https:\/\/www.lycee-valin.fr\/RJVALIN\/wp-content\/uploads\/2022\/11\/WhatsApp-Image-2022-11-19-at-12.59.02-1-768x576.jpeg 768w, https:\/\/www.lycee-valin.fr\/RJVALIN\/wp-content\/uploads\/2022\/11\/WhatsApp-Image-2022-11-19-at-12.59.02-1-1536x1152.jpeg 1536w, https:\/\/www.lycee-valin.fr\/RJVALIN\/wp-content\/uploads\/2022\/11\/WhatsApp-Image-2022-11-19-at-12.59.02-1.jpeg 1600w\" sizes=\"(max-width: 1024px) 100vw, 1024px\" \/><\/figure>\n<\/figure>\n\n\n\n<figure class=\"wp-block-video\"><video height=\"1080\" style=\"aspect-ratio: 1920 \/ 1080;\" width=\"1920\" autoplay loop muted src=\"https:\/\/www.lycee-valin.fr\/RJVALIN\/wp-content\/uploads\/2022\/11\/20221119_112244.mp4\"><\/video><\/figure>\n\n\n\n<div class=\"wp-block-columns is-layout-flex wp-container-core-columns-is-layout-9d6595d7 wp-block-columns-is-layout-flex\">\n<div class=\"wp-block-column is-layout-flow wp-block-column-is-layout-flow\" style=\"flex-basis:100%\">\n<div class=\"wp-block-columns is-layout-flex wp-container-core-columns-is-layout-9d6595d7 wp-block-columns-is-layout-flex\">\n<div class=\"wp-block-column is-layout-flow wp-block-column-is-layout-flow\" style=\"flex-basis:100%\">\n<div class=\"wp-block-media-text alignwide is-stacked-on-mobile\" style=\"grid-template-columns:56% auto\"><figure class=\"wp-block-media-text__media\"><img loading=\"lazy\" decoding=\"async\" width=\"875\" height=\"1024\" src=\"https:\/\/www.lycee-valin.fr\/RJVALIN\/wp-content\/uploads\/2022\/11\/20221121_081502-875x1024.jpg\" alt=\"\" class=\"wp-image-3101 size-full\" srcset=\"https:\/\/www.lycee-valin.fr\/RJVALIN\/wp-content\/uploads\/2022\/11\/20221121_081502-875x1024.jpg 875w, https:\/\/www.lycee-valin.fr\/RJVALIN\/wp-content\/uploads\/2022\/11\/20221121_081502-256x300.jpg 256w, https:\/\/www.lycee-valin.fr\/RJVALIN\/wp-content\/uploads\/2022\/11\/20221121_081502-768x898.jpg 768w, https:\/\/www.lycee-valin.fr\/RJVALIN\/wp-content\/uploads\/2022\/11\/20221121_081502-1313x1536.jpg 1313w, https:\/\/www.lycee-valin.fr\/RJVALIN\/wp-content\/uploads\/2022\/11\/20221121_081502.jpg 1420w\" sizes=\"(max-width: 875px) 100vw, 875px\" \/><\/figure><div class=\"wp-block-media-text__content\">\n<figure class=\"wp-block-image size-large is-resized\"><img loading=\"lazy\" decoding=\"async\" src=\"https:\/\/www.lycee-valin.fr\/RJVALIN\/wp-content\/uploads\/2022\/11\/20221121_080710-576x1024.jpg\" alt=\"\" class=\"wp-image-3097\" width=\"429\" height=\"763\" srcset=\"https:\/\/www.lycee-valin.fr\/RJVALIN\/wp-content\/uploads\/2022\/11\/20221121_080710-576x1024.jpg 576w, https:\/\/www.lycee-valin.fr\/RJVALIN\/wp-content\/uploads\/2022\/11\/20221121_080710-169x300.jpg 169w, https:\/\/www.lycee-valin.fr\/RJVALIN\/wp-content\/uploads\/2022\/11\/20221121_080710-768x1366.jpg 768w, https:\/\/www.lycee-valin.fr\/RJVALIN\/wp-content\/uploads\/2022\/11\/20221121_080710-864x1536.jpg 864w, https:\/\/www.lycee-valin.fr\/RJVALIN\/wp-content\/uploads\/2022\/11\/20221121_080710.jpg 934w\" sizes=\"(max-width: 429px) 100vw, 429px\" \/><\/figure>\n<\/div><\/div>\n<\/div>\n<\/div>\n<\/div>\n<\/div>\n","protected":false},"excerpt":{"rendered":"<p>La c\u00e9r\u00e9monie de remise des dipl\u00f4mes du&nbsp;BTS Bioanalyses et Contr\u00f4les&nbsp;aux \u00e9tudiants de la&nbsp;promotion 2020-2022 a eu lieu le samedi 19 Novembre 2022 au&nbsp;lyc\u00e9e Valin. Nous avons appr\u00e9ci\u00e9 la pr\u00e9sence de nombreux parents et amis des <a class=\"more-link\" href=\"https:\/\/www.lycee-valin.fr\/RJVALIN\/ceremonie-de-remise-des-diplomes-2022\/\">Lire plus &#8230;<\/a><\/p>\n","protected":false},"author":5,"featured_media":3075,"comment_status":"closed","ping_status":"closed","sticky":false,"template":"","format":"standard","meta":{"footnotes":""},"categories":[67],"tags":[78],"class_list":["post-3064","post","type-post","status-publish","format-standard","has-post-thumbnail","hentry","category-bts-bioac","tag-bts-bioac"],"_links":{"self":[{"href":"https:\/\/www.lycee-valin.fr\/RJVALIN\/wp-json\/wp\/v2\/posts\/3064","targetHints":{"allow":["GET"]}}],"collection":[{"href":"https:\/\/www.lycee-valin.fr\/RJVALIN\/wp-json\/wp\/v2\/posts"}],"about":[{"href":"https:\/\/www.lycee-valin.fr\/RJVALIN\/wp-json\/wp\/v2\/types\/post"}],"author":[{"embeddable":true,"href":"https:\/\/www.lycee-valin.fr\/RJVALIN\/wp-json\/wp\/v2\/users\/5"}],"replies":[{"embeddable":true,"href":"https:\/\/www.lycee-valin.fr\/RJVALIN\/wp-json\/wp\/v2\/comments?post=3064"}],"version-history":[{"count":24,"href":"https:\/\/www.lycee-valin.fr\/RJVALIN\/wp-json\/wp\/v2\/posts\/3064\/revisions"}],"predecessor-version":[{"id":3693,"href":"https:\/\/www.lycee-valin.fr\/RJVALIN\/wp-json\/wp\/v2\/posts\/3064\/revisions\/3693"}],"wp:featuredmedia":[{"embeddable":true,"href":"https:\/\/www.lycee-valin.fr\/RJVALIN\/wp-json\/wp\/v2\/media\/3075"}],"wp:attachment":[{"href":"https:\/\/www.lycee-valin.fr\/RJVALIN\/wp-json\/wp\/v2\/media?parent=3064"}],"wp:term":[{"taxonomy":"category","embeddable":true,"href":"https:\/\/www.lycee-valin.fr\/RJVALIN\/wp-json\/wp\/v2\/categories?post=3064"},{"taxonomy":"post_tag","embeddable":true,"href":"https:\/\/www.lycee-valin.fr\/RJVALIN\/wp-json\/wp\/v2\/tags?post=3064"}],"curies":[{"name":"wp","href":"https:\/\/api.w.org\/{rel}","templated":true}]}}