{"id":3019,"date":"2023-01-06T13:35:43","date_gmt":"2023-01-06T12:35:43","guid":{"rendered":"https:\/\/www.lycee-valin.fr\/RJVALIN\/?p=3019"},"modified":"2023-07-18T04:11:21","modified_gmt":"2023-07-18T02:11:21","slug":"rencontre-avec-caroline-benichou-galeriste-de-la-galerie-vu-paris","status":"publish","type":"post","link":"https:\/\/www.lycee-valin.fr\/RJVALIN\/rencontre-avec-caroline-benichou-galeriste-de-la-galerie-vu-paris\/","title":{"rendered":"Rencontre avec Caroline B\u00e9nichou galeriste de la galerie Vu Paris"},"content":{"rendered":"\n<p>\u00ab&nbsp;La photographie, une fa\u00e7on de voir le monde dans les yeux de quelqu\u2019un&nbsp;\u00bb cite Caroline B\u00e9nichou le jeudi 13 octobre lors de notre rencontre.<\/p>\n\n\n\n<p>Cette galeriste fran\u00e7aise nous a pr\u00e9sent\u00e9 son m\u00e9tier ainsi que l\u2019exposition Animalit\u00e9s qui a lieu au Carr\u00e9 Amelot jusqu\u2019au 10 d\u00e9cembre. Dans le cadre de cette installation, elle fut commissaire d\u2019exposition.<\/p>\n\n\n\n<figure class=\"wp-block-image size-large is-resized\"><img fetchpriority=\"high\" decoding=\"async\" src=\"https:\/\/www.lycee-valin.fr\/RJVALIN\/wp-content\/uploads\/2022\/11\/Sans-titre-9-1024x760.jpg\" alt=\"\" class=\"wp-image-3020\" width=\"540\" height=\"400\" srcset=\"https:\/\/www.lycee-valin.fr\/RJVALIN\/wp-content\/uploads\/2022\/11\/Sans-titre-9-1024x760.jpg 1024w, https:\/\/www.lycee-valin.fr\/RJVALIN\/wp-content\/uploads\/2022\/11\/Sans-titre-9-300x223.jpg 300w, https:\/\/www.lycee-valin.fr\/RJVALIN\/wp-content\/uploads\/2022\/11\/Sans-titre-9-768x570.jpg 768w, https:\/\/www.lycee-valin.fr\/RJVALIN\/wp-content\/uploads\/2022\/11\/Sans-titre-9.jpg 1311w\" sizes=\"(max-width: 540px) 100vw, 540px\" \/><figcaption class=\"wp-element-caption\">Caroline B\u00e9nichou, Pascal Mirande et la classe dan la galerie du Carr\u00e9 Amelot<br><br><\/figcaption><\/figure>\n\n\n\n<p>Caroline B\u00e9nichou repr\u00e9sente 20 \u00e0 25 photographes ayant chacun des besoins et des niveaux de carri\u00e8res diff\u00e9rents. Son m\u00e9tier consiste \u00e0 les aider \u00e0 vendre leurs \u0153uvres. Il y a un r\u00e9el travail d\u2019accompagnement avec les artistes, plus pr\u00e9cis\u00e9ment, elle les aide \u00e0 cr\u00e9er des expositions hors les murs de la galerie, trouver des galeries \u00e9trang\u00e8res et des \u00e9diteurs. Le plus important pour elle, est d\u2019\u00e9tablir une relation de confiance et de connivence avec chacun d\u2019entre eux.<\/p>\n\n\n\n<figure class=\"wp-block-image size-full\"><img decoding=\"async\" width=\"1023\" height=\"576\" src=\"https:\/\/www.lycee-valin.fr\/RJVALIN\/wp-content\/uploads\/2022\/11\/image.jpg\" alt=\"\" class=\"wp-image-3021\" srcset=\"https:\/\/www.lycee-valin.fr\/RJVALIN\/wp-content\/uploads\/2022\/11\/image.jpg 1023w, https:\/\/www.lycee-valin.fr\/RJVALIN\/wp-content\/uploads\/2022\/11\/image-300x169.jpg 300w, https:\/\/www.lycee-valin.fr\/RJVALIN\/wp-content\/uploads\/2022\/11\/image-768x432.jpg 768w, https:\/\/www.lycee-valin.fr\/RJVALIN\/wp-content\/uploads\/2022\/11\/image-400x225.jpg 400w, https:\/\/www.lycee-valin.fr\/RJVALIN\/wp-content\/uploads\/2022\/11\/image-780x439.jpg 780w\" sizes=\"(max-width: 1023px) 100vw, 1023px\" \/><figcaption class=\"wp-element-caption\">La galerie Vu \u00e0 Paris, H\u00f4tel Paul Delaroche,<br>58 rue Saint-Lazare<br>75009 Paris<\/figcaption><\/figure>\n\n\n\n<p>Pour trouver les artistes avec qui elle souhaite travailler, g\u00e9n\u00e9ralement, c\u2019est qui fait la d\u00e9marche et les rep\u00e8re en exposition, sur internet, plus rarement gr\u00e2ce \u00e0 des portfolios ou bien \u00e0 travers des publications dans des livres.<\/p>\n\n\n\n<p>Caroline B\u00e9nichou nous a ensuite parl\u00e9 de son parcours ou elle a suivi un master d\u2019arts plastiques et de sciences de l\u2019art \u00e0 Sorbonne. A la fin de ses \u00e9tudes, elle souhaite faire des livres de photographie et travailler avec le c\u00e9l\u00e8bre \u00e9diteur Robert Delpire. Voulant accomplir son grand r\u00eave, elle envoie une candidature chaque mois pendant un an. Il a fini par la recevoir et elle est donc devenue son assistante. Elle collaborera avec lui durant 11 ans.<\/p>\n\n\n\n<p>Elle est aussi l\u2019auteure de plusieurs pr\u00e9faces d\u2019ouvrages de photographie (Mary Ellen Mark, Francesco Zizola, Marc Riboud,\u2026).<\/p>\n\n\n\n<figure class=\"wp-block-image size-full\"><img decoding=\"async\" width=\"600\" height=\"600\" src=\"https:\/\/www.lycee-valin.fr\/RJVALIN\/wp-content\/uploads\/2022\/11\/Magali-Lambert-Venus-du-jamais-mort-02.jpg\" alt=\"\" class=\"wp-image-3022\" srcset=\"https:\/\/www.lycee-valin.fr\/RJVALIN\/wp-content\/uploads\/2022\/11\/Magali-Lambert-Venus-du-jamais-mort-02.jpg 600w, https:\/\/www.lycee-valin.fr\/RJVALIN\/wp-content\/uploads\/2022\/11\/Magali-Lambert-Venus-du-jamais-mort-02-300x300.jpg 300w, https:\/\/www.lycee-valin.fr\/RJVALIN\/wp-content\/uploads\/2022\/11\/Magali-Lambert-Venus-du-jamais-mort-02-150x150.jpg 150w\" sizes=\"(max-width: 600px) 100vw, 600px\" \/><figcaption class=\"wp-element-caption\">Magali-Lambert-Venus-du-jamais-mort-02<\/figcaption><\/figure>\n\n\n\n<p>A la fin de cette rencontre, la galeriste nous pr\u00e9sente l\u2019exposition <em>Animalit\u00e9s<\/em> dans laquelle nous avons pu pr\u00e9alablement observer chacune des \u0153uvres expos\u00e9es. L\u2019exposition est constitu\u00e9e de photographies de trois femmes artistes qui se rejoignent sur le th\u00e8me de l\u2019animal en soulevant cependant des questionnements diff\u00e9rents.<\/p>\n\n\n\n<p>Caroline B\u00e9nichou insiste sur le fait qu\u2019il y a tr\u00e8s peu de femmes repr\u00e9sent\u00e9es dans le monde de l\u2019art et plus particuli\u00e8rement de la photographie<\/p>\n\n\n\n<p>Magalie Lambert est une photographe fran\u00e7aise qui r\u00e9alise des \u0153uvres ou l\u2019on voit les taxidermies d\u2019animaux o\u00f9 elle vient graver dans le papier afin de retravailler la silhouette de l\u2019animal en animal fantastique. Elle entretient un fort rapport entre la mort et le vivant au sein de ses \u0153uvres.<\/p>\n\n\n\n<figure class=\"wp-block-image size-large\"><img loading=\"lazy\" decoding=\"async\" width=\"746\" height=\"1024\" src=\"https:\/\/www.lycee-valin.fr\/RJVALIN\/wp-content\/uploads\/2022\/11\/Margot-Wallard-Untitled-from-series-Natten-2013-2017-Archival-pigment-print-86-x-63-cm-Margot-Wallard-Courtesy-of-Dorothee-Nilsson-Gallery-746x1024.jpg\" alt=\"\" class=\"wp-image-3023\" srcset=\"https:\/\/www.lycee-valin.fr\/RJVALIN\/wp-content\/uploads\/2022\/11\/Margot-Wallard-Untitled-from-series-Natten-2013-2017-Archival-pigment-print-86-x-63-cm-Margot-Wallard-Courtesy-of-Dorothee-Nilsson-Gallery-746x1024.jpg 746w, https:\/\/www.lycee-valin.fr\/RJVALIN\/wp-content\/uploads\/2022\/11\/Margot-Wallard-Untitled-from-series-Natten-2013-2017-Archival-pigment-print-86-x-63-cm-Margot-Wallard-Courtesy-of-Dorothee-Nilsson-Gallery-218x300.jpg 218w, https:\/\/www.lycee-valin.fr\/RJVALIN\/wp-content\/uploads\/2022\/11\/Margot-Wallard-Untitled-from-series-Natten-2013-2017-Archival-pigment-print-86-x-63-cm-Margot-Wallard-Courtesy-of-Dorothee-Nilsson-Gallery-768x1055.jpg 768w, https:\/\/www.lycee-valin.fr\/RJVALIN\/wp-content\/uploads\/2022\/11\/Margot-Wallard-Untitled-from-series-Natten-2013-2017-Archival-pigment-print-86-x-63-cm-Margot-Wallard-Courtesy-of-Dorothee-Nilsson-Gallery.jpg 1024w\" sizes=\"(max-width: 746px) 100vw, 746px\" \/><figcaption class=\"wp-element-caption\">Margot-Wallard-Untitled-from-series-Natten-2013-2017-Archival-pigment-print-86-x-63-cm-Margot-Wallard-Courtesy-of-Doroth\u00e9e-Nilsson-Gallery<\/figcaption><\/figure>\n\n\n\n<p>L\u2019artiste mexicaine Pia Elizondo pr\u00e9sente des photographies sur l\u2019enfermement des animaux au zoo de Mexico durant la p\u00e9riode du confinement. Pour finir, la photographe Margot Wallard travaille le deuil par la photo en pr\u00e9levant dans la nature su\u00e9doise qu\u2019elle habite des animaux morts qu\u2019elle scanne directement, ce qui cr\u00e9e une certaine \u00e9tranget\u00e9 dans la relation directe que nous \u00e9prouvons avec la d\u00e9pouille pos\u00e9e surla plaque.<\/p>\n\n\n\n<p>Compte-rendu r\u00e9alis\u00e9 par Joseph Harnist et L\u00e9a Violette, \u00e9tudiant.es de la CPES-CAAP du lyc\u00e9e Valin.<\/p>\n<div class='watch-action'><div class='watch-position align-left'><div class='action-like'><a class='lbg-style3 like-3019 jlk' href='javascript:void(0)' data-task='like' data-post_id='3019' data-nonce='2bd788b82a' rel='nofollow'><img class='wti-pixel' src='https:\/\/www.lycee-valin.fr\/RJVALIN\/wp-content\/plugins\/wti-like-post\/images\/pixel.gif' title='j&#039;aime' \/><span class='lc-3019 lc'>0<\/span><\/a><\/div><\/div> <div class='status-3019 status align-left'><\/div><\/div><div class='wti-clear'><\/div>","protected":false},"excerpt":{"rendered":"<p>\u00ab&nbsp;La photographie, une fa\u00e7on de voir le monde dans les yeux de quelqu\u2019un&nbsp;\u00bb cite Caroline B\u00e9nichou le jeudi 13 octobre lors de notre rencontre. Cette galeriste fran\u00e7aise nous a pr\u00e9sent\u00e9 son m\u00e9tier ainsi que l\u2019exposition <a class=\"more-link\" href=\"https:\/\/www.lycee-valin.fr\/RJVALIN\/rencontre-avec-caroline-benichou-galeriste-de-la-galerie-vu-paris\/\">Lire plus &#8230;<\/a><\/p>\n","protected":false},"author":16,"featured_media":3415,"comment_status":"closed","ping_status":"closed","sticky":false,"template":"","format":"standard","meta":{"footnotes":""},"categories":[121],"tags":[51,25,71,31,54,32,72,55,61],"class_list":["post-3019","post","type-post","status-publish","format-standard","has-post-thumbnail","hentry","category-cpes-caap","tag-arts","tag-arts-plastiques","tag-classe-prepa","tag-cpes","tag-cpes-caap-2","tag-cpescaap","tag-prepa","tag-prepa-arts","tag-rencontre-avec-loeuvre"],"_links":{"self":[{"href":"https:\/\/www.lycee-valin.fr\/RJVALIN\/wp-json\/wp\/v2\/posts\/3019","targetHints":{"allow":["GET"]}}],"collection":[{"href":"https:\/\/www.lycee-valin.fr\/RJVALIN\/wp-json\/wp\/v2\/posts"}],"about":[{"href":"https:\/\/www.lycee-valin.fr\/RJVALIN\/wp-json\/wp\/v2\/types\/post"}],"author":[{"embeddable":true,"href":"https:\/\/www.lycee-valin.fr\/RJVALIN\/wp-json\/wp\/v2\/users\/16"}],"replies":[{"embeddable":true,"href":"https:\/\/www.lycee-valin.fr\/RJVALIN\/wp-json\/wp\/v2\/comments?post=3019"}],"version-history":[{"count":2,"href":"https:\/\/www.lycee-valin.fr\/RJVALIN\/wp-json\/wp\/v2\/posts\/3019\/revisions"}],"predecessor-version":[{"id":3446,"href":"https:\/\/www.lycee-valin.fr\/RJVALIN\/wp-json\/wp\/v2\/posts\/3019\/revisions\/3446"}],"wp:featuredmedia":[{"embeddable":true,"href":"https:\/\/www.lycee-valin.fr\/RJVALIN\/wp-json\/wp\/v2\/media\/3415"}],"wp:attachment":[{"href":"https:\/\/www.lycee-valin.fr\/RJVALIN\/wp-json\/wp\/v2\/media?parent=3019"}],"wp:term":[{"taxonomy":"category","embeddable":true,"href":"https:\/\/www.lycee-valin.fr\/RJVALIN\/wp-json\/wp\/v2\/categories?post=3019"},{"taxonomy":"post_tag","embeddable":true,"href":"https:\/\/www.lycee-valin.fr\/RJVALIN\/wp-json\/wp\/v2\/tags?post=3019"}],"curies":[{"name":"wp","href":"https:\/\/api.w.org\/{rel}","templated":true}]}}