{"id":2926,"date":"2022-10-18T20:45:15","date_gmt":"2022-10-18T18:45:15","guid":{"rendered":"https:\/\/www.lycee-valin.fr\/RJVALIN\/?p=2926"},"modified":"2023-01-06T13:38:32","modified_gmt":"2023-01-06T12:38:32","slug":"semaine-du-cinema-chinois","status":"publish","type":"post","link":"https:\/\/www.lycee-valin.fr\/RJVALIN\/semaine-du-cinema-chinois\/","title":{"rendered":"Semaine du cin\u00e9ma Chinois"},"content":{"rendered":"\n<p><\/p>\n\n\n\n<figure class=\"wp-block-image size-full\"><img fetchpriority=\"high\" decoding=\"async\" width=\"643\" height=\"907\" src=\"https:\/\/www.lycee-valin.fr\/RJVALIN\/wp-content\/uploads\/2022\/10\/affiche-2022.jpg\" alt=\"\" class=\"wp-image-2927\" srcset=\"https:\/\/www.lycee-valin.fr\/RJVALIN\/wp-content\/uploads\/2022\/10\/affiche-2022.jpg 643w, https:\/\/www.lycee-valin.fr\/RJVALIN\/wp-content\/uploads\/2022\/10\/affiche-2022-213x300.jpg 213w\" sizes=\"(max-width: 643px) 100vw, 643px\" \/><figcaption class=\"wp-element-caption\">affiche de la semaine du cin\u00e9ma chinois 2022<\/figcaption><\/figure>\n\n\n\n<p>Depuis plus de quatre ans, le lyc\u00e9e Valin accueille une partie de<strong> la semaine du cin\u00e9ma chinois,<\/strong> festival coorganis\u00e9 avec l&#8217;Institut Confucius, l&#8217;Universit\u00e9 de La Rochelle, la M\u00e9diath\u00e8que Michel Cr\u00e9peau, le Centre Intermondes et le Centre de Documentation sur le Cin\u00e9ma Chinois &#8211; Paris. Luisa Prudentino, Sinologue et sp\u00e9cialiste du cin\u00e9ma chinois en est la commissaire. <\/p>\n\n\n\n<p>Cette ann\u00e9e, 3 s\u00e9ances sont organis\u00e9es au sein du lyc\u00e9e : <\/p>\n\n\n\n<p><strong>JEUDI 24 NOVEMBRE<\/strong> <\/p>\n\n\n\n<p><strong>10h00 <\/strong>&#8211; <em>Angel Vera<\/em> (2009), de Ma Chongjie&nbsp;&nbsp;&nbsp; Com\u00e9die \/ <strong>80mn<\/strong><\/p>\n\n\n\n<p><strong>14h <\/strong><em>Chine, ma douleur<\/em> (1989), de Dai Sijie Com\u00e9die dramatique \/ <strong>86mn<\/strong><\/p>\n\n\n\n<p><strong>VENDREDI 25  NOVEMBRE <\/strong><\/p>\n\n\n\n<p><strong>10h<\/strong> Un programme de courts et moyens m\u00e9trages (<strong>120 minutes<\/strong>) de Chine Populaire et d\u2019Asie du Sud-Est, dont <em>Redemption <\/em>(Laos, 2017),&nbsp; de Setha Mongkoun, en sa pr\u00e9sence, et <em>Cambodia<\/em> 2099 (Cambodge, 2014), de<br>Davy Chou. <\/p>\n\n\n\n<p>En pr\u00e9sence du r\u00e9alisateur Setha Mongkoun et de Nara Keo Kosal, producteur et directeur artistique du Festival \u00ab Si<br>loin, si proche \u00bb.<\/p>\n\n\n\n<p>La suite du programme dans tous les sites partenaires : <\/p>\n\n\n\n<div data-wp-interactive=\"core\/file\" class=\"wp-block-file\"><object data-wp-bind--hidden=\"!state.hasPdfPreview\" hidden class=\"wp-block-file__embed\" data=\"https:\/\/www.lycee-valin.fr\/RJVALIN\/wp-content\/uploads\/2022\/10\/semaine-cinema-chinois-programme-2022-WEB.pdf\" type=\"application\/pdf\" style=\"width:100%;height:600px\" aria-label=\"Contenu embarqu\u00e9 semaine-cinema-chinois-programme-2022-WEB.\"><\/object><a id=\"wp-block-file--media-d5686a73-ad19-4d5f-9b5e-1fb095420b39\" href=\"https:\/\/www.lycee-valin.fr\/RJVALIN\/wp-content\/uploads\/2022\/10\/semaine-cinema-chinois-programme-2022-WEB.pdf\">semaine-cinema-chinois-programme-2022-WEB<\/a><a href=\"https:\/\/www.lycee-valin.fr\/RJVALIN\/wp-content\/uploads\/2022\/10\/semaine-cinema-chinois-programme-2022-WEB.pdf\" class=\"wp-block-file__button wp-element-button\" download aria-describedby=\"wp-block-file--media-d5686a73-ad19-4d5f-9b5e-1fb095420b39\">T\u00e9l\u00e9charger<\/a><\/div>\n","protected":false},"excerpt":{"rendered":"<p>Depuis plus de quatre ans, le lyc\u00e9e Valin accueille une partie de la semaine du cin\u00e9ma chinois, festival coorganis\u00e9 avec l&#8217;Institut Confucius, l&#8217;Universit\u00e9 de La Rochelle, la M\u00e9diath\u00e8que Michel Cr\u00e9peau, le Centre Intermondes et le <a class=\"more-link\" href=\"https:\/\/www.lycee-valin.fr\/RJVALIN\/semaine-du-cinema-chinois\/\">Lire plus &#8230;<\/a><\/p>\n","protected":false},"author":16,"featured_media":2930,"comment_status":"closed","ping_status":"closed","sticky":false,"template":"","format":"standard","meta":{"footnotes":""},"categories":[1],"tags":[51,25,71,54,32,55,61],"class_list":["post-2926","post","type-post","status-publish","format-standard","has-post-thumbnail","hentry","category-non-classe","tag-arts","tag-arts-plastiques","tag-classe-prepa","tag-cpes-caap-2","tag-cpescaap","tag-prepa-arts","tag-rencontre-avec-loeuvre"],"_links":{"self":[{"href":"https:\/\/www.lycee-valin.fr\/RJVALIN\/wp-json\/wp\/v2\/posts\/2926","targetHints":{"allow":["GET"]}}],"collection":[{"href":"https:\/\/www.lycee-valin.fr\/RJVALIN\/wp-json\/wp\/v2\/posts"}],"about":[{"href":"https:\/\/www.lycee-valin.fr\/RJVALIN\/wp-json\/wp\/v2\/types\/post"}],"author":[{"embeddable":true,"href":"https:\/\/www.lycee-valin.fr\/RJVALIN\/wp-json\/wp\/v2\/users\/16"}],"replies":[{"embeddable":true,"href":"https:\/\/www.lycee-valin.fr\/RJVALIN\/wp-json\/wp\/v2\/comments?post=2926"}],"version-history":[{"count":3,"href":"https:\/\/www.lycee-valin.fr\/RJVALIN\/wp-json\/wp\/v2\/posts\/2926\/revisions"}],"predecessor-version":[{"id":3417,"href":"https:\/\/www.lycee-valin.fr\/RJVALIN\/wp-json\/wp\/v2\/posts\/2926\/revisions\/3417"}],"wp:featuredmedia":[{"embeddable":true,"href":"https:\/\/www.lycee-valin.fr\/RJVALIN\/wp-json\/wp\/v2\/media\/2930"}],"wp:attachment":[{"href":"https:\/\/www.lycee-valin.fr\/RJVALIN\/wp-json\/wp\/v2\/media?parent=2926"}],"wp:term":[{"taxonomy":"category","embeddable":true,"href":"https:\/\/www.lycee-valin.fr\/RJVALIN\/wp-json\/wp\/v2\/categories?post=2926"},{"taxonomy":"post_tag","embeddable":true,"href":"https:\/\/www.lycee-valin.fr\/RJVALIN\/wp-json\/wp\/v2\/tags?post=2926"}],"curies":[{"name":"wp","href":"https:\/\/api.w.org\/{rel}","templated":true}]}}