{"id":1196,"date":"2022-06-22T11:31:19","date_gmt":"2022-06-22T09:31:19","guid":{"rendered":"https:\/\/www.lycee-valin.fr\/RJVALIN\/?p=1196"},"modified":"2023-07-18T04:13:47","modified_gmt":"2023-07-18T02:13:47","slug":"les-arts-plastiques","status":"publish","type":"post","link":"https:\/\/www.lycee-valin.fr\/RJVALIN\/les-arts-plastiques\/","title":{"rendered":"Les Arts plastiques"},"content":{"rendered":"\n<p><\/p>\n\n\n\n<blockquote class=\"wp-block-quote is-style-plain is-layout-flow wp-block-quote-is-layout-flow\">\n<p><strong>Le monde est rempli d&#8217;images et c&#8217;est nous qui les cr\u00e9ons&#8230;<\/strong><\/p>\n<\/blockquote>\n\n\n\n<figure class=\"wp-block-image size-large\"><img fetchpriority=\"high\" decoding=\"async\" width=\"1024\" height=\"683\" src=\"https:\/\/www.lycee-valin.fr\/RJVALIN\/wp-content\/uploads\/2022\/06\/IMGP0521-1024x683.jpg\" alt=\"\" class=\"wp-image-1203\" srcset=\"https:\/\/www.lycee-valin.fr\/RJVALIN\/wp-content\/uploads\/2022\/06\/IMGP0521-1024x683.jpg 1024w, https:\/\/www.lycee-valin.fr\/RJVALIN\/wp-content\/uploads\/2022\/06\/IMGP0521-300x200.jpg 300w, https:\/\/www.lycee-valin.fr\/RJVALIN\/wp-content\/uploads\/2022\/06\/IMGP0521-768x512.jpg 768w, https:\/\/www.lycee-valin.fr\/RJVALIN\/wp-content\/uploads\/2022\/06\/IMGP0521-1536x1024.jpg 1536w, https:\/\/www.lycee-valin.fr\/RJVALIN\/wp-content\/uploads\/2022\/06\/IMGP0521-2048x1365.jpg 2048w\" sizes=\"(max-width: 1024px) 100vw, 1024px\" \/><\/figure>\n\n\n\n<p>Le Lyc\u00e9e Ren\u00e9-Josu\u00e9 Valin offre la possibilit\u00e9 aux \u00e9l\u00e8ves d&#8217;int\u00e9grer les enseignements d&#8217;arts plastiques d\u00e8s la classe de <strong>2nde en enseignement optionnel <\/strong>puis en <strong>enseignements de sp\u00e9cialit\u00e9 en 1\u00e8re et terminale<\/strong>.<\/p>\n\n\n\n<p>Une classe pr\u00e9paratoire aux \u00e9tudes sup\u00e9rieures, classe d&#8217;approfondissement en arts plastiques (<strong>CPES-CAAP<\/strong>) en un an, permet aux bacheliers de pr\u00e9parer les concours d&#8217;entr\u00e9e aux \u00e9coles sup\u00e9rieures d&#8217;art. Elle valide une <strong>\u00e9quivalence L1<\/strong> avec l&#8217;Universit\u00e9 Bordeaux Montaigne.<\/p>\n\n\n\n<figure class=\"wp-block-embed is-type-video is-provider-youtube wp-block-embed-youtube wp-embed-aspect-16-9 wp-has-aspect-ratio\"><div class=\"wp-block-embed__wrapper\">\n<iframe title=\"CPES CAAP VALIN\" width=\"540\" height=\"304\" src=\"https:\/\/www.youtube.com\/embed\/M28outWwfWg?feature=oembed\" frameborder=\"0\" allow=\"accelerometer; autoplay; clipboard-write; encrypted-media; gyroscope; picture-in-picture; web-share\" referrerpolicy=\"strict-origin-when-cross-origin\" allowfullscreen><\/iframe>\n<\/div><\/figure>\n\n\n\n<p><\/p>\n\n\n\n<h4 class=\"wp-block-heading has-blue-color has-text-color\">Enseignement de Sp\u00e9cialit\u00e9 Arts Plastiques<\/h4>\n\n\n\n<p>L&#8217;enseignement de sp\u00e9cialit\u00e9 en classe de premi\u00e8re est accessible \u00e0 tous les \u00e9l\u00e8ves, ayant suivi ou non l&#8217;option en seconde. Il vise \u00e0 l&#8217;approfondissement et \u00e0 l&#8217;ouverture sur de nouveaux objectifs plus complexes li\u00e9s \u00e0 une sp\u00e9cialit\u00e9. Dans des situations vari\u00e9es et selon des modalit\u00e9s diversifi\u00e9es, il inscrit les \u00e9l\u00e8ves dans une dynamique :<\/p>\n\n\n\n<ul class=\"wp-block-list\">\n<li><strong>d&#8217;exp\u00e9rimentation et d&#8217;exploration<\/strong><\/li>\n\n\n\n<li><strong>de recherche et d&#8217;invention<\/strong><\/li>\n\n\n\n<li><strong>d&#8217;encouragement aux projets individuels et collectifs<\/strong><\/li>\n\n\n\n<li><strong>de rencontres sensibles en lien avec la cr\u00e9ation artistique et de r\u00e9flexion sur l&#8217;art (rencontre avec des artistes, workshop, partenariats avec des institutions culturelles, expositions&#8230;etc)<\/strong><\/li>\n<\/ul>\n\n\n\n<p><strong>Le volume horaire de quatre heures en premi\u00e8re, puis de six heures en terminale<\/strong>, apporte aux \u00e9l\u00e8ves les moyens de s&#8217;engager, en d\u00e9veloppant une autonomie, une maturit\u00e9, une ambition et une ma\u00eetrise accrues, dans des pratiques personnelles inform\u00e9es de l&#8217;art d&#8217;aujourd&#8217;hui et nourries de la connaissance de la diversit\u00e9 des \u0153uvres apparues dans l&#8217;histoire.<\/p>\n\n\n\n<p>Il travaille \u00e9galement \u00e0 renforcer et pr\u00e9ciser :<\/p>\n\n\n\n<ul class=\"wp-block-list\">\n<li><strong>les acquisitions techniques<\/strong><\/li>\n\n\n\n<li><strong>les m\u00e9thodologies<\/strong><\/li>\n\n\n\n<li><strong>les connaissances culturelles.<\/strong><\/li>\n<\/ul>\n\n\n\n<p><strong>Les \u00e9l\u00e8ves acqui\u00e8rent des comp\u00e9tences n\u00e9cessaires \u00e0 la poursuite d&#8217;\u00e9tudes en arts associ\u00e9es \u00e0 une culture g\u00e9n\u00e9rale solide, ouverte et sensible.<\/strong> Disposant de savoirs et de comp\u00e9tences plus approfondies, progressivement ouverts \u00e0 l&#8217;interdisciplinarit\u00e9, notamment entre les arts, ils peuvent envisager un projet d&#8217;\u00e9tudes sup\u00e9rieures motiv\u00e9, r\u00e9aliste et r\u00e9fl\u00e9chi.<\/p>\n\n\n\n<h4 class=\"wp-block-heading has-blue-color has-text-color\">Enseignement Optionnel Arts Plastiques<\/h4>\n\n\n\n<p><\/p>\n\n\n\n<p>A travers un<strong> travail en atelier, centr\u00e9 autour de la pratique<\/strong>, des rencontres avec les \u0153uvres (visites d\u2019exposition, rencontre avec des artistes\u2026) l\u2019\u00e9l\u00e8ve va pouvoir d\u00e9velopper un travail artistique personnel guid\u00e9 par son professeur. Le dessin, la peinture, la photographie, la vid\u00e9o et le montage, mais aussi la sculpture et l\u2019installation, toutes les pratiques plastiques sont potentiellement utilis\u00e9es par les \u00e9l\u00e8ves. R\u00e9guli\u00e8rement, les \u00e9l\u00e8ves peuvent montrer leur travail et s\u2019emparent de la <strong>galerie du lyc\u00e9e<\/strong> pour \u00e9laborer une exposition et mettre en espace leurs productions.<\/p>\n\n\n\n<p>Les \u00e9l\u00e8ves peuvent cumuler l\u2019enseignement optionnel avec l\u2019enseignement de sp\u00e9cialit\u00e9 et ainsi approfondir des notions vues en sp\u00e9cialit\u00e9 ou tout aussi bien \u00eatre inscrits dans une autre sp\u00e9cialit\u00e9 et suivre l\u2019enseignement optionnel.<br>Dans tous les cas, l\u2019objectif de l\u2019option est de <strong>se construire une culture artistique et de d\u00e9velopper des comp\u00e9tences plasticiennes <\/strong>(exp\u00e9rimenter, mener des projets, collaborer, ma\u00eetriser des savoir faire\u2026) qui permettent aux lyc\u00e9ens de trouver un espace d\u2019expression de leurs singularit\u00e9s !<\/p>\n<div class='watch-action'><div class='watch-position align-left'><div class='action-like'><a class='lbg-style3 like-1196 jlk' href='javascript:void(0)' data-task='like' data-post_id='1196' data-nonce='6a8f42ef85' rel='nofollow'><img class='wti-pixel' src='https:\/\/www.lycee-valin.fr\/RJVALIN\/wp-content\/plugins\/wti-like-post\/images\/pixel.gif' title='j&#039;aime' \/><span class='lc-1196 lc'>1<\/span><\/a><\/div><\/div> <div class='status-1196 status align-left'><\/div><\/div><div class='wti-clear'><\/div>","protected":false},"excerpt":{"rendered":"<p>Le monde est rempli d&#8217;images et c&#8217;est nous qui les cr\u00e9ons&#8230; Le Lyc\u00e9e Ren\u00e9-Josu\u00e9 Valin offre la possibilit\u00e9 aux \u00e9l\u00e8ves d&#8217;int\u00e9grer les enseignements d&#8217;arts plastiques d\u00e8s la classe de 2nde en enseignement optionnel puis en <a class=\"more-link\" href=\"https:\/\/www.lycee-valin.fr\/RJVALIN\/les-arts-plastiques\/\">Lire plus &#8230;<\/a><\/p>\n","protected":false},"author":16,"featured_media":1200,"comment_status":"closed","ping_status":"closed","sticky":false,"template":"","format":"standard","meta":{"footnotes":""},"categories":[88,121],"tags":[25,31,30,32],"class_list":["post-1196","post","type-post","status-publish","format-standard","has-post-thumbnail","hentry","category-arts-plastiques","category-cpes-caap","tag-arts-plastiques","tag-cpes","tag-cpes-caap","tag-cpescaap"],"_links":{"self":[{"href":"https:\/\/www.lycee-valin.fr\/RJVALIN\/wp-json\/wp\/v2\/posts\/1196","targetHints":{"allow":["GET"]}}],"collection":[{"href":"https:\/\/www.lycee-valin.fr\/RJVALIN\/wp-json\/wp\/v2\/posts"}],"about":[{"href":"https:\/\/www.lycee-valin.fr\/RJVALIN\/wp-json\/wp\/v2\/types\/post"}],"author":[{"embeddable":true,"href":"https:\/\/www.lycee-valin.fr\/RJVALIN\/wp-json\/wp\/v2\/users\/16"}],"replies":[{"embeddable":true,"href":"https:\/\/www.lycee-valin.fr\/RJVALIN\/wp-json\/wp\/v2\/comments?post=1196"}],"version-history":[{"count":5,"href":"https:\/\/www.lycee-valin.fr\/RJVALIN\/wp-json\/wp\/v2\/posts\/1196\/revisions"}],"predecessor-version":[{"id":4972,"href":"https:\/\/www.lycee-valin.fr\/RJVALIN\/wp-json\/wp\/v2\/posts\/1196\/revisions\/4972"}],"wp:featuredmedia":[{"embeddable":true,"href":"https:\/\/www.lycee-valin.fr\/RJVALIN\/wp-json\/wp\/v2\/media\/1200"}],"wp:attachment":[{"href":"https:\/\/www.lycee-valin.fr\/RJVALIN\/wp-json\/wp\/v2\/media?parent=1196"}],"wp:term":[{"taxonomy":"category","embeddable":true,"href":"https:\/\/www.lycee-valin.fr\/RJVALIN\/wp-json\/wp\/v2\/categories?post=1196"},{"taxonomy":"post_tag","embeddable":true,"href":"https:\/\/www.lycee-valin.fr\/RJVALIN\/wp-json\/wp\/v2\/tags?post=1196"}],"curies":[{"name":"wp","href":"https:\/\/api.w.org\/{rel}","templated":true}]}}